{"id":1165280,"date":"2026-09-03T17:27:15","date_gmt":"2026-09-03T17:27:15","guid":{"rendered":"https:\/\/www.europesays.com\/fr\/1165280\/"},"modified":"2026-09-03T17:27:15","modified_gmt":"2026-09-03T17:27:15","slug":"vol-de-vin-de-chequier-menaces-et-cambriolages-le-periple-judiciaire-dun-sans-abri-de-62-ans-condamne-apres-une-serie-de-delits-entre-bordeaux-et-lourdes","status":"publish","type":"post","link":"https:\/\/www.europesays.com\/fr\/1165280\/","title":{"rendered":"Vol de vin, de ch\u00e9quier, menaces et cambriolages : le p\u00e9riple judiciaire d\u2019un sans-abri de 62 ans condamn\u00e9 apr\u00e8s une s\u00e9rie de d\u00e9lits entre Bordeaux et Lourdes"},"content":{"rendered":"<p>\n                                                                    l&rsquo;essentiel<br \/>\n                                                                Le 11 d\u00e9cembre 2023, une entreprise de Bordeaux est cambriol\u00e9e sans effraction. L&rsquo;enqu\u00eate r\u00e9v\u00e8le qu&rsquo;un agent de nettoyage, un homme de 62 ans sans domicile fixe, est impliqu\u00e9 gr\u00e2ce \u00e0 une cl\u00e9 remise pour sa formation. Apr\u00e8s plusieurs d\u00e9lits similaires \u00e0 Lourdes, il est condamn\u00e9 trois ans plus tard \u00e0 six mois de prison, dont quatre avec sursis probatoire. Voici tout ce qu&rsquo;il faut savoir sur cette affaire.\n                            <\/p>\n<p>Nous sommes le 11 d\u00e9cembre 2023, \u00e0 Bordeaux. Les premiers employ\u00e9s arrivent pour d\u00e9marrer leur journ\u00e9e dans cette soci\u00e9t\u00e9 de gestion et de conseil comme un lundi ordinaire. Mais un d\u00e9tail va troubler la matin\u00e9e. La porte d&rsquo;entr\u00e9e a \u00e9t\u00e9 ouverte. \u00c0 l&rsquo;int\u00e9rieur, c&rsquo;est le d\u00e9sordre : des objets d\u00e9plac\u00e9s, des placards ouverts. Une dizaine de bouteilles de vin et un ch\u00e9quier ont tout simplement disparu. L\u2019entreprise venait d\u2019\u00eatre cambriol\u00e9e.<\/p>\n<p class=\"std-elt__inline\">\n        <strong>\u00c0 lire aussi :<\/strong><br \/>\n        <a href=\"https:\/\/www.ladepeche.fr\/2026\/08\/29\/temoignage-ca-ne-pouvait-etre-que-lui-un-jeune-artisan-cambriole-mene-lenquete-lui-meme-arrete-les-suspects-et-les-livre-a-la-police-13527840.php\" rel=\"nofollow noopener\" target=\"_blank\">T\u00c9MOIGNAGE. \u00ab\u00a0\u00c7a ne pouvait \u00eatre que lui\u00a0\u00bb : un jeune artisan cambriol\u00e9 m\u00e8ne l&rsquo;enqu\u00eate lui-m\u00eame, arr\u00eate les suspects et les livre \u00e0 la police<\/a>\n    <\/p>\n<p>La police arrive, l\u2019enqu\u00eate commence. Mais, pas de traces d&rsquo;effraction \u00e0 la porte, un d\u00e9tail qui intrigue. Peu \u00e0 peu, une hypoth\u00e8se \u00e9merge. La veille du cambriolage, le patron avait re\u00e7u un SMS inhabituel : la soci\u00e9t\u00e9 de nettoyage mandat\u00e9e par l&rsquo;entreprise bordelaise l&rsquo;informait du recrutement d&rsquo;un nouvel agent qui viendrait en formation dans les locaux. Une cl\u00e9 avait donc \u00e9t\u00e9 remise. C&rsquo;est cette cl\u00e9 qui a ouvert la porte au moment du vol.<\/p>\n<p>Les soup\u00e7ons se tournent donc vers ce nouvel employ\u00e9. Et les preuves s&rsquo;accumulent rapidement : l&rsquo;ADN du suspect est retrouv\u00e9 sur une bouteille de vin abandonn\u00e9e sur place. Pire encore, un ch\u00e8que a \u00e9t\u00e9 \u00e9mis depuis le ch\u00e9quier vol\u00e9, pour plus de 1 000 euros, et \u00e0 l\u2019ordre du principal suspect. Le pi\u00e8ge s&rsquo;est donc referm\u00e9 sur l\u2019agent polyvalent, un homme de 62 ans, sans domicile fixe, originaire de la Dordogne.<\/p>\n<p>De Bordeaux \u00e0 Lourdes<\/p>\n<p>Mais l&rsquo;histoire ne s&rsquo;arr\u00eate pas l\u00e0. Un an plus tard, le 12 d\u00e9cembre 2024, ce m\u00eame homme se retrouve \u00e0 Lourdes, dans les Hautes-Pyr\u00e9n\u00e9es, o\u00f9 il a ses habitudes. Il se pr\u00e9sente \u00e0 la mairie, en \u00e9tat d\u2019\u00e9bri\u00e9t\u00e9 et bredouillant des propos incoh\u00e9rents. Agac\u00e9 de ne pouvoir obtenir d&rsquo;aide, il mime soudainement le geste de d\u00e9gainer une arme et prend la fuite.<\/p>\n<p>Il est retrouv\u00e9 gr\u00e2ce \u00e0 la vid\u00e9osurveillance de la ville et la police le rattrape rapidement. Cet homme est connu des services. Il est entendu mais ce ne sera pas la derni\u00e8re fois qu\u2019il fera parler de lui.<\/p>\n<p class=\"std-elt__inline\">\n        <strong>\u00c0 lire aussi :<\/strong><br \/>\n        <a href=\"https:\/\/www.ladepeche.fr\/2026\/08\/19\/violente-altercation-a-tarbes-un-sans-abri-ecope-de-15-mois-de-prison-ferme-apres-une-agression-devant-leglise-sainte-anne-13511735.php\" rel=\"nofollow noopener\" target=\"_blank\">Violente altercation \u00e0 Tarbes : un sans-abri \u00e9cope de 15 mois de prison ferme apr\u00e8s une agression devant l&rsquo;\u00e9glise Sainte-Anne<\/a>\n    <\/p>\n<p>Un an plus tard, entre juillet et ao\u00fbt 2025, un habitant de Lourdes a \u00e9t\u00e9 victime de plusieurs cambriolages. Toujours le m\u00eame modus operandi : le voleur p\u00e9n\u00e8tre dans le jardin et vole dans les v\u00e9hicules stationn\u00e9s. Exasp\u00e9r\u00e9e, la victime installe une cam\u00e9ra de surveillance et laisse un avertissement \u00e9crit au voleur dans la voiture. L&rsquo;\u00e9change devient surr\u00e9aliste : le cambrioleur r\u00e9pond par un mot, illisible, gliss\u00e9 dans la bo\u00eete aux lettres.<\/p>\n<p>Mais les images de la cam\u00e9ra, elles, sont bien lisibles. Elles captent le visage du sexag\u00e9naire. C&rsquo;est le m\u00eame homme.<\/p>\n<p>Le jugement<\/p>\n<p>Le 3 septembre, depuis la maison d&rsquo;arr\u00eat, l&rsquo;individu, d\u00e9fendu par Me Claude San\u00e9, compara\u00eet en visioconf\u00e9rence. \u00c0 travers les probl\u00e8mes techniques des premiers instants et les explications confuses, parfois incompr\u00e9hensibles, le tribunal comprend : il reconna\u00eet l&rsquo;int\u00e9gralit\u00e9 des faits.<\/p>\n<p class=\"std-elt__inline\">\n        <strong>\u00c0 lire aussi :<\/strong><br \/>\n        <a href=\"https:\/\/www.ladepeche.fr\/2026\/09\/01\/je-voulais-que-les-gendarmes-pensent-que-cest-une-vraie-arme-un-homme-condamne-apres-avoir-menace-son-epouse-a-tarbes-13529958.php\" rel=\"nofollow noopener\" target=\"_blank\">\u00ab\u00a0Je voulais que les gendarmes pensent que c\u2019est une vraie arme\u00a0\u00bb : un homme condamn\u00e9 apr\u00e8s avoir menac\u00e9 son \u00e9pouse \u00e0 Tarbes<\/a>\n    <\/p>\n<p>Le tribunal, bien qu\u2019en possession d\u2019\u00e9l\u00e9ments accablants, se montre relativement cl\u00e9ment en ne suivant pas les r\u00e9quisitions. Le minist\u00e8re public avait requis 8 mois d&#8217;emprisonnement (dont 4 avec sursis probatoire). La\u00a0juge en d\u00e9cide autrement : 6 mois de prison dont 4 avec sursis probatoire. Elle ajoute une interdiction de para\u00eetre \u00e0 Lourdes et ordonne une indemnisation de 300 euros \u00e0 l&#8217;employ\u00e9 municipal pour son pr\u00e9judice moral. Une peine qui donne l\u2019\u00e9pilogue \u00e0 cette s\u00e9rie de d\u00e9lits.<\/p>\n","protected":false},"excerpt":{"rendered":"l&rsquo;essentiel Le 11 d\u00e9cembre 2023, une entreprise de Bordeaux est cambriol\u00e9e sans effraction. L&rsquo;enqu\u00eate r\u00e9v\u00e8le qu&rsquo;un agent de&hellip;\n","protected":false},"author":2,"featured_media":1165281,"comment_status":"","ping_status":"","sticky":false,"template":"","format":"standard","meta":{"footnotes":"","_share_on_mastodon":"0"},"categories":[2817],"tags":[1111,11,1997,1777,674,118,1011,27,4973,70317,12,2219,25],"class_list":["post-1165280","post","type-post","status-publish","format-standard","has-post-thumbnail","category-bordeaux","tag-actu","tag-actualites","tag-bordeaux","tag-eu","tag-europe","tag-faits-divers","tag-fr","tag-france","tag-hautes-pyrenees","tag-lourdes","tag-news","tag-nouvelle-aquitaine","tag-republique-francaise"],"share_on_mastodon":{"url":"https:\/\/pubeurope.com\/@fr\/117208287935368260","error":""},"_links":{"self":[{"href":"https:\/\/www.europesays.com\/fr\/wp-json\/wp\/v2\/posts\/1165280","targetHints":{"allow":["GET"]}}],"collection":[{"href":"https:\/\/www.europesays.com\/fr\/wp-json\/wp\/v2\/posts"}],"about":[{"href":"https:\/\/www.europesays.com\/fr\/wp-json\/wp\/v2\/types\/post"}],"author":[{"embeddable":true,"href":"https:\/\/www.europesays.com\/fr\/wp-json\/wp\/v2\/users\/2"}],"replies":[{"embeddable":true,"href":"https:\/\/www.europesays.com\/fr\/wp-json\/wp\/v2\/comments?post=1165280"}],"version-history":[{"count":0,"href":"https:\/\/www.europesays.com\/fr\/wp-json\/wp\/v2\/posts\/1165280\/revisions"}],"wp:featuredmedia":[{"embeddable":true,"href":"https:\/\/www.europesays.com\/fr\/wp-json\/wp\/v2\/media\/1165281"}],"wp:attachment":[{"href":"https:\/\/www.europesays.com\/fr\/wp-json\/wp\/v2\/media?parent=1165280"}],"wp:term":[{"taxonomy":"category","embeddable":true,"href":"https:\/\/www.europesays.com\/fr\/wp-json\/wp\/v2\/categories?post=1165280"},{"taxonomy":"post_tag","embeddable":true,"href":"https:\/\/www.europesays.com\/fr\/wp-json\/wp\/v2\/tags?post=1165280"}],"curies":[{"name":"wp","href":"https:\/\/api.w.org\/{rel}","templated":true}]}}