{"id":1165282,"date":"2026-09-03T17:29:16","date_gmt":"2026-09-03T17:29:16","guid":{"rendered":"https:\/\/www.europesays.com\/fr\/1165282\/"},"modified":"2026-09-03T17:29:16","modified_gmt":"2026-09-03T17:29:16","slug":"nos-cameras-ont-permis-de-voir-la-personne-victime-de-vol-ce-club-de-rugby-pres-de-toulouse-fait-une-proposition-au-voleur-quil-pourra-difficilement-refuser","status":"publish","type":"post","link":"https:\/\/www.europesays.com\/fr\/1165282\/","title":{"rendered":"\u00ab\u00a0Nos cam\u00e9ras ont permis de voir la personne\u00a0\u00bb : victime de vol, ce club de rugby pr\u00e8s de Toulouse fait une proposition au voleur qu&rsquo;il pourra difficilement refuser"},"content":{"rendered":"<p>\n                                                                    l&rsquo;essentiel<br \/>\n                                                                Le bungalow de la Jeunesse sportive caramanaise Rugby a \u00e9t\u00e9 cambriol\u00e9 dans la nuit du 1er au 2 septembre 2026. \u00c0 quelques jours de la reprise, des \u00e9quipements destin\u00e9s aux jeunes joueurs et aux \u00e9quipes seniors ont \u00e9t\u00e9 d\u00e9rob\u00e9s. Le club fait publiquement une proposition \u00e0 l&rsquo;auteur des faits. Si celui-ci la refuse, il s&rsquo;expose \u00e0 des ennuis.\n                            <\/p>\n<p>C\u2019est une bien mauvaise surprise qui attendait les b\u00e9n\u00e9voles de la Jeunesse sportive caramanaise Rugby (JSC), \u00e0 Caraman, \u00e0 l\u2019est de Toulouse. Dans la nuit du mardi 1er au mercredi 2 septembre, le bungalow du club a \u00e9t\u00e9 vandalis\u00e9.<\/p>\n<p>Les responsables ont constat\u00e9 la disparition de nombreux \u00e9quipements n\u00e9cessaires aux entra\u00eenements : des ballons neufs, des plots, des accessoires ainsi que du mat\u00e9riel destin\u00e9 \u00e0 l\u2019\u00e9cole de rugby et aux \u00e9quipes seniors.<\/p>\n<p>        <img decoding=\"async\" class=\"std-img__img responsive-img\" src=\"https:\/\/www.europesays.com\/fr\/wp-content\/uploads\/2026\/09\/1788456555_905_image.jpg\" alt=\"La fen\u00eatre du bungalow du club a \u00e9t\u00e9 endommag\u00e9e.\"\/><\/p>\n<p>                La fen\u00eatre du bungalow du club a \u00e9t\u00e9 endommag\u00e9e.<br \/>\n                                    DDM illustration<\/p>\n<p>\u00ab\u00a0\u00c0 quelques jours de la reprise, cet acte ne prive pas seulement le club de mat\u00e9riel : il prive surtout nos enfants de la possibilit\u00e9 de vivre pleinement leur passion et de pratiquer le rugby dans de bonnes conditions\u00a0\u00bb, d\u00e9plore la JSC dans un message diffus\u00e9 sur les <a href=\"https:\/\/www.facebook.com\/caraman.rugby\/?locale=fr_FR\" target=\"_self\" rel=\"nofollow noopener\">r\u00e9seaux sociaux<\/a>.<\/p>\n<p>        <img decoding=\"async\" class=\"std-img__img responsive-img\" src=\"https:\/\/www.europesays.com\/fr\/wp-content\/uploads\/2026\/09\/1788456556_655_image.jpg\" alt=\"La fen\u00eatre du bungalow du club a \u00e9t\u00e9 endommag\u00e9e.\"\/><\/p>\n<p>                La fen\u00eatre du bungalow du club a \u00e9t\u00e9 endommag\u00e9e.<br \/>\n                                    DDM illustration<\/p>\n<p>Un ultimatum fix\u00e9 \u00e0 dimanche midi<\/p>\n<p>Le club affirme cependant disposer d\u2019images enregistr\u00e9es par ses cam\u00e9ras de vid\u00e9osurveillance. \u00ab\u00a0Nos cam\u00e9ras ont permis de voir la personne impliqu\u00e9e. Nous savons donc ce qu\u2019il s\u2019est pass\u00e9\u00a0\u00bb, pr\u00e9vient-il.<\/p>\n<p>Plut\u00f4t que de saisir imm\u00e9diatement les autorit\u00e9s, les dirigeants ont d\u00e9cid\u00e9 d\u2019offrir une derni\u00e8re possibilit\u00e9 \u00e0 l\u2019auteur des faits. Ils lui demandent de rapporter l\u2019int\u00e9gralit\u00e9 des objets vol\u00e9s avant dimanche 6 septembre, \u00e0 midi. Le mat\u00e9riel pourra \u00eatre remis \u00e0 sa place ou d\u00e9pos\u00e9 directement devant le bungalow.<\/p>\n<p class=\"std-elt__inline\">\n        <strong>\u00c0 lire aussi :<\/strong><br \/>\n        <a href=\"https:\/\/www.ladepeche.fr\/2025\/12\/15\/cet-acte-est-une-vraie-blessure-2-000-euros-de-materiel-voles-dans-le-local-dun-club-de-rugby-amateur-13111664.php\" rel=\"nofollow noopener\" target=\"_blank\">\u00ab\u00a0Cet acte est une vraie blessure\u00a0\u00bb\u00a0: 2\u00a0000\u00a0euros de mat\u00e9riel vol\u00e9s dans le local d\u2019un club de rugby amateur<\/a>\n    <\/p>\n<p>Apr\u00e8s cette \u00e9ch\u00e9ance, la JSC annonce qu\u2019elle d\u00e9posera plainte et transmettra aux enqu\u00eateurs les \u00e9l\u00e9ments dont elle dispose. \u00ab\u00a0Ce message n\u2019est pas une menace, mais une derni\u00e8re possibilit\u00e9 de r\u00e9parer les choses\u00a0\u00bb, insiste le club.<\/p>\n<p>\u00ab\u00a0Le rugby, c\u2019est le respect et le collectif\u00a0\u00bb<\/p>\n<p>La JSC appelle \u00e9galement les habitants et les membres de la communaut\u00e9 sportive \u00e0 relayer son message afin qu\u2019il parvienne \u00e0 la personne concern\u00e9e. Elle esp\u00e8re encore r\u00e9cup\u00e9rer rapidement les \u00e9quipements et permettre aux diff\u00e9rentes \u00e9quipes de reprendre leurs activit\u00e9s normalement.<\/p>\n<p>\u00ab\u00a0Le rugby, c\u2019est le respect, le collectif et les valeurs. Faisons en sorte que cette histoire se termine de la bonne mani\u00e8re\u00a0\u00bb, concluent les responsables du club.<\/p>\n","protected":false},"excerpt":{"rendered":"l&rsquo;essentiel Le bungalow de la Jeunesse sportive caramanaise Rugby a \u00e9t\u00e9 cambriol\u00e9 dans la nuit du 1er au&hellip;\n","protected":false},"author":2,"featured_media":1165283,"comment_status":"","ping_status":"","sticky":false,"template":"","format":"standard","meta":{"footnotes":"","_share_on_mastodon":"0"},"categories":[2816],"tags":[1111,11,108142,1777,674,118,1011,27,2722,12,2680,25,2312],"class_list":["post-1165282","post","type-post","status-publish","format-standard","has-post-thumbnail","category-toulouse","tag-actu","tag-actualites","tag-caraman","tag-eu","tag-europe","tag-faits-divers","tag-fr","tag-france","tag-haute-garonne","tag-news","tag-occitanie","tag-republique-francaise","tag-toulouse"],"share_on_mastodon":{"url":"https:\/\/pubeurope.com\/@fr\/117208298530090845","error":""},"_links":{"self":[{"href":"https:\/\/www.europesays.com\/fr\/wp-json\/wp\/v2\/posts\/1165282","targetHints":{"allow":["GET"]}}],"collection":[{"href":"https:\/\/www.europesays.com\/fr\/wp-json\/wp\/v2\/posts"}],"about":[{"href":"https:\/\/www.europesays.com\/fr\/wp-json\/wp\/v2\/types\/post"}],"author":[{"embeddable":true,"href":"https:\/\/www.europesays.com\/fr\/wp-json\/wp\/v2\/users\/2"}],"replies":[{"embeddable":true,"href":"https:\/\/www.europesays.com\/fr\/wp-json\/wp\/v2\/comments?post=1165282"}],"version-history":[{"count":0,"href":"https:\/\/www.europesays.com\/fr\/wp-json\/wp\/v2\/posts\/1165282\/revisions"}],"wp:featuredmedia":[{"embeddable":true,"href":"https:\/\/www.europesays.com\/fr\/wp-json\/wp\/v2\/media\/1165283"}],"wp:attachment":[{"href":"https:\/\/www.europesays.com\/fr\/wp-json\/wp\/v2\/media?parent=1165282"}],"wp:term":[{"taxonomy":"category","embeddable":true,"href":"https:\/\/www.europesays.com\/fr\/wp-json\/wp\/v2\/categories?post=1165282"},{"taxonomy":"post_tag","embeddable":true,"href":"https:\/\/www.europesays.com\/fr\/wp-json\/wp\/v2\/tags?post=1165282"}],"curies":[{"name":"wp","href":"https:\/\/api.w.org\/{rel}","templated":true}]}}