{"id":1165292,"date":"2026-09-03T17:39:20","date_gmt":"2026-09-03T17:39:20","guid":{"rendered":"https:\/\/www.europesays.com\/fr\/1165292\/"},"modified":"2026-09-03T17:39:20","modified_gmt":"2026-09-03T17:39:20","slug":"metropole-de-lyon-agressions-pres-du-stade-de-decines-on-voit-un-groupe-de-30-personnes-semer-la-terreur","status":"publish","type":"post","link":"https:\/\/www.europesays.com\/fr\/1165292\/","title":{"rendered":"M\u00e9tropole de Lyon. Agressions pr\u00e8s du Stade de D\u00e9cines\u00a0: \u00ab\u00a0On voit un groupe de 30 personnes semer la terreur\u00a0\u00bb"},"content":{"rendered":"<p>L\u2019enqu\u00eate se poursuit sur les circonstances de l\u2019agression dont a \u00e9t\u00e9 victime Adam (*), un jeune lyc\u00e9en de 17 ans, ce samedi 29\u00a0ao\u00fbt avant le match OL\/Le\u00a0Havre. Le Parquet confirme que deux enqu\u00eates p\u00e9nales ont \u00e9t\u00e9 ouvertes par le parquet de Lyon du chef de violences aggrav\u00e9es suivies d\u2019incapacit\u00e9 totale de travail sup\u00e9rieure \u00e0 8 jours.<\/p>\n<p>Au fil d\u2019informations contradictoires, on essaie de d\u00e9m\u00ealer le vrai du faux.<\/p>\n<p>Lynch\u00e9 au sol<\/p>\n<p>Adam (*) a eu la <a href=\"https:\/\/www.leprogres.fr\/faits-divers-justice\/2026\/09\/02\/ils-l-ont-massacre-machoire-fracassee-nez-casse-son-fils-a-ete-agresse-devant-le-groupama-stadium\" target=\"_blank\" rel=\"nofollow noopener\">m\u00e2choire fracass\u00e9e et le nez cass\u00e9,<\/a> avec une ITT de 30 jours. L\u2019agression se serait produite devant la LDLC Arena, et non sur le parvis du stade comme initialement indiqu\u00e9. \u00ab\u00a0Il \u00e9tait avec des amis et revenait d\u2019une partie de futsal quand ils ont crois\u00e9 la route de plusieurs gars qui se sont jet\u00e9s sur eux en les insultant\u00a0: \u00ab&#8230;<\/p>\n","protected":false},"excerpt":{"rendered":"L\u2019enqu\u00eate se poursuit sur les circonstances de l\u2019agression dont a \u00e9t\u00e9 victime Adam (*), un jeune lyc\u00e9en de&hellip;\n","protected":false},"author":2,"featured_media":1165293,"comment_status":"","ping_status":"","sticky":false,"template":"","format":"standard","meta":{"footnotes":"","_share_on_mastodon":"0"},"categories":[1889],"tags":[1111,11,2430,271,4624,272,3152,1777,674,274,107,63,1011,27,2428,12,18283,25,2429,517],"class_list":["post-1165292","post","type-post","status-publish","format-standard","has-post-thumbnail","category-lyon","tag-actu","tag-actualites","tag-auvergne-rhone-alpes","tag-crime","tag-decines-charpieu","tag-delit-et-contravention","tag-edition-est-lyonnais","tag-eu","tag-europe","tag-faits-divers-justice","tag-fil-info","tag-football","tag-fr","tag-france","tag-lyon","tag-news","tag-plaine-de-lest","tag-republique-francaise","tag-rhone","tag-sport"],"share_on_mastodon":{"url":"","error":""},"_links":{"self":[{"href":"https:\/\/www.europesays.com\/fr\/wp-json\/wp\/v2\/posts\/1165292","targetHints":{"allow":["GET"]}}],"collection":[{"href":"https:\/\/www.europesays.com\/fr\/wp-json\/wp\/v2\/posts"}],"about":[{"href":"https:\/\/www.europesays.com\/fr\/wp-json\/wp\/v2\/types\/post"}],"author":[{"embeddable":true,"href":"https:\/\/www.europesays.com\/fr\/wp-json\/wp\/v2\/users\/2"}],"replies":[{"embeddable":true,"href":"https:\/\/www.europesays.com\/fr\/wp-json\/wp\/v2\/comments?post=1165292"}],"version-history":[{"count":0,"href":"https:\/\/www.europesays.com\/fr\/wp-json\/wp\/v2\/posts\/1165292\/revisions"}],"wp:featuredmedia":[{"embeddable":true,"href":"https:\/\/www.europesays.com\/fr\/wp-json\/wp\/v2\/media\/1165293"}],"wp:attachment":[{"href":"https:\/\/www.europesays.com\/fr\/wp-json\/wp\/v2\/media?parent=1165292"}],"wp:term":[{"taxonomy":"category","embeddable":true,"href":"https:\/\/www.europesays.com\/fr\/wp-json\/wp\/v2\/categories?post=1165292"},{"taxonomy":"post_tag","embeddable":true,"href":"https:\/\/www.europesays.com\/fr\/wp-json\/wp\/v2\/tags?post=1165292"}],"curies":[{"name":"wp","href":"https:\/\/api.w.org\/{rel}","templated":true}]}}