{"id":1165294,"date":"2026-09-03T17:42:13","date_gmt":"2026-09-03T17:42:13","guid":{"rendered":"https:\/\/www.europesays.com\/fr\/1165294\/"},"modified":"2026-09-03T17:42:13","modified_gmt":"2026-09-03T17:42:13","slug":"camara-golovine-et-minamino-dans-le-groupe-a-paris","status":"publish","type":"post","link":"https:\/\/www.europesays.com\/fr\/1165294\/","title":{"rendered":"Camara, Golovine et Minamino dans le groupe \u00e0 Paris"},"content":{"rendered":"<p class=\"mb-4 text-lg md:leading-8 break-words\">Pour son d\u00e9placement sur la pelouse du PSG, vendredi (21h05, \u00e0 voir sur Ligue 1+, disponible sur L&rsquo;\u00c9quipe), le groupe de Monaco voit la pr\u00e9sence de Lamine Camara, trois jours apr\u00e8s son transfert avort\u00e9 \u00e0 Chelsea, tout comme celle d&rsquo;Alexandre Golovine pour lequel l&rsquo;ASM discute avec des clubs russes. Remis d&rsquo;une longue blessure, Takumi Minamino revient apr\u00e8s huit mois sans football.<\/p>\n<p class=\"mb-4 text-lg md:leading-8 break-words\">Toujours plong\u00e9 dans son mercato malgr\u00e9 la cl\u00f4ture du march\u00e9 fran\u00e7ais, mardi dernier, Monaco ouvrira la 3e journ\u00e9e de Ligue 1, vendredi, sur le terrain du Paris Saint-Germain (21h05, \u00e0 voir sur Ligue 1+, disponible sur L&rsquo;\u00c9quipe) avec un groupe concern\u00e9 \u00e9largi \u00e0 vingt-deux joueurs (pour vingt places). Parmi eux, se trouve Lamine Camara, qui sera bien pr\u00e9sent trois jours apr\u00e8s son d\u00e9part avort\u00e9 pour Chelsea. Si Pape Cabral, en instance de d\u00e9part vers l&rsquo;Arabie saoudite &#8211; il \u00e9tait \u00e9galement absent dimanche dernier lors de la victoire contre l&rsquo;OM (2-0), n&rsquo;est logiquement pas du voyage dans la capitale, Alexandre Golovine en est.<\/p>\n<p class=\"mb-4 text-lg md:leading-8 break-words\">Comme le jeune milieu de 19 ans, l&rsquo;international russe (52 s\u00e9lections, 9 buts) est au coeur de n\u00e9gociations avec au moins deux clubs russes, le Z\u00e9nith et le Spartak Moscou. Cela ne devrait pas pour autant emp\u00eacher le \u00ab tsar \u00bb de fouler la pelouse du Parc des Princes.<\/p>\n<p class=\"mb-4 text-lg md:leading-8 break-words\">Autre nouvelle \u00e0 souligner, le retour de Takumi Minamino. Remis d&rsquo;une rupture du ligament crois\u00e9 ant\u00e9rieur du genou gauche, le Japonais appara\u00eet pour la premi\u00e8re fois dans le groupe, plus de huit mois apr\u00e8s sa blessure, courant d\u00e9cembre, \u00e0 Auxerre (en Coupe de France). Comme son co\u00e9quipier Mohammed Salisu, \u00e9galement victime de la m\u00eame blessure en janvier, Minamino avait repris l&rsquo;entra\u00eenement collectif durant l&rsquo;\u00e9t\u00e9.<\/p>\n<p class=\"mb-4 text-lg md:leading-8 break-words\">\u00c0 noter enfin le retour \u00e0 l&rsquo;entra\u00eenement collectif de Folarin Balogun, jeudi matin \u00e0 La Turbie. Mais l&rsquo;Am\u00e9ricain, qui devrait rester \u00e0 Monaco au moins jusqu&rsquo;en janvier, n&rsquo;est pas du vol pour Paris.<\/p>\n<p class=\"mb-4 text-lg md:leading-8 break-words\">Toute l&rsquo;actualit\u00e9 de la Ligue 1<\/p>\n<p class=\"mb-4 text-lg md:leading-8 break-words\">L&rsquo;\u00c9quipe &#8211; Flavien Tr\u00e9sarrieu<\/p>\n","protected":false},"excerpt":{"rendered":"Pour son d\u00e9placement sur la pelouse du PSG, vendredi (21h05, \u00e0 voir sur Ligue 1+, disponible sur L&rsquo;\u00c9quipe),&hellip;\n","protected":false},"author":2,"featured_media":1165295,"comment_status":"","ping_status":"","sticky":false,"template":"","format":"standard","meta":{"footnotes":"","_share_on_mastodon":"0"},"categories":[1888],"tags":[1111,1928,11,1927,120168,120166,11871,120167,1993,120171,1777,674,1011,27,120164,120170,66,120165,3127,120172,12,1926,626,1925,120169,25,117998,120163],"class_list":["post-1165294","post","type-post","status-publish","format-standard","has-post-thumbnail","category-paris","tag-actu","tag-actu-paris","tag-actualites","tag-actualites-paris","tag-anterieur-du-genou-gauche","tag-avorte-pour-chelsea","tag-chelsea","tag-collectif-durant-lete","tag-comme","tag-disponible-sur-lequipe","tag-eu","tag-europe","tag-fr","tag-france","tag-golovine","tag-lamine","tag-ligue-1","tag-minamino-avait-repris","tag-monaco","tag-nest-pas-du-vol","tag-news","tag-news-paris","tag-paris","tag-paris-news","tag-remis-dune","tag-republique-francaise","tag-retour-avec","tag-takumi-minamino"],"share_on_mastodon":{"url":"https:\/\/pubeurope.com\/@fr\/117208347580997096","error":""},"_links":{"self":[{"href":"https:\/\/www.europesays.com\/fr\/wp-json\/wp\/v2\/posts\/1165294","targetHints":{"allow":["GET"]}}],"collection":[{"href":"https:\/\/www.europesays.com\/fr\/wp-json\/wp\/v2\/posts"}],"about":[{"href":"https:\/\/www.europesays.com\/fr\/wp-json\/wp\/v2\/types\/post"}],"author":[{"embeddable":true,"href":"https:\/\/www.europesays.com\/fr\/wp-json\/wp\/v2\/users\/2"}],"replies":[{"embeddable":true,"href":"https:\/\/www.europesays.com\/fr\/wp-json\/wp\/v2\/comments?post=1165294"}],"version-history":[{"count":0,"href":"https:\/\/www.europesays.com\/fr\/wp-json\/wp\/v2\/posts\/1165294\/revisions"}],"wp:featuredmedia":[{"embeddable":true,"href":"https:\/\/www.europesays.com\/fr\/wp-json\/wp\/v2\/media\/1165295"}],"wp:attachment":[{"href":"https:\/\/www.europesays.com\/fr\/wp-json\/wp\/v2\/media?parent=1165294"}],"wp:term":[{"taxonomy":"category","embeddable":true,"href":"https:\/\/www.europesays.com\/fr\/wp-json\/wp\/v2\/categories?post=1165294"},{"taxonomy":"post_tag","embeddable":true,"href":"https:\/\/www.europesays.com\/fr\/wp-json\/wp\/v2\/tags?post=1165294"}],"curies":[{"name":"wp","href":"https:\/\/api.w.org\/{rel}","templated":true}]}}