{"id":116530,"date":"2025-05-21T09:37:09","date_gmt":"2025-05-21T09:37:09","guid":{"rendered":"https:\/\/www.europesays.com\/fr\/116530\/"},"modified":"2025-05-21T09:37:09","modified_gmt":"2025-05-21T09:37:09","slug":"bordeaux-se-tient-pret-pour-la-fabrication-et-le-stockage-des-flotteurs","status":"publish","type":"post","link":"https:\/\/www.europesays.com\/fr\/116530\/","title":{"rendered":"Bordeaux se tient pr\u00eat pour la fabrication et le stockage des flotteurs"},"content":{"rendered":"<p class=\"legende\">\n\t\t\t\t\t\t\t\t\tLe terminal portuaire du Verdon, \u00e0 l&#8217;embouchure de la Gironde, dispose d&rsquo;immenses terrains disponibles pour le stockage des flotteurs. Cr\u00e9dit : Port M\u00e9doc.\n\t\t\t\t\t\t\t\t<\/p>\n<p class=\"excerpt\">Dans le groupement des quatre ports n\u00e9o-aquitains, celui de Bordeaux pourra assurer le maillon de la fabrication et du stockage des flotteurs des \u00e9oliennes.<\/p>\n<p>Cet article premium vous int\u00e9resse ?<\/p>\n<p>Rejoignez nos 1000 adh\u00e9rents<\/p>\n<p>\n\t\t\t\t\t\t\t\t\t\t\t\t\t\tGagnez en visibilit\u00e9 et profitez d\u2019un r\u00e9seau de plusieurs centaines d\u2019adh\u00e9rents.\n\t\t\t\t\t\t\t\t\t\t\t\t\t<\/p>\n","protected":false},"excerpt":{"rendered":"Le terminal portuaire du Verdon, \u00e0 l&#8217;embouchure de la Gironde, dispose d&rsquo;immenses terrains disponibles pour le stockage des&hellip;\n","protected":false},"author":2,"featured_media":116531,"comment_status":"","ping_status":"","sticky":false,"template":"","format":"standard","meta":{"footnotes":""},"categories":[2817],"tags":[1111,11,1997,1777,674,1011,27,12,2219,5645,25],"class_list":{"0":"post-116530","1":"post","2":"type-post","3":"status-publish","4":"format-standard","5":"has-post-thumbnail","7":"category-bordeaux","8":"tag-actu","9":"tag-actualites","10":"tag-bordeaux","11":"tag-eu","12":"tag-europe","13":"tag-fr","14":"tag-france","15":"tag-news","16":"tag-nouvelle-aquitaine","17":"tag-placco-placeco","18":"tag-republique-francaise"},"share_on_mastodon":{"url":"https:\/\/pubeurope.com\/@fr\/114545154081692915","error":""},"_links":{"self":[{"href":"https:\/\/www.europesays.com\/fr\/wp-json\/wp\/v2\/posts\/116530","targetHints":{"allow":["GET"]}}],"collection":[{"href":"https:\/\/www.europesays.com\/fr\/wp-json\/wp\/v2\/posts"}],"about":[{"href":"https:\/\/www.europesays.com\/fr\/wp-json\/wp\/v2\/types\/post"}],"author":[{"embeddable":true,"href":"https:\/\/www.europesays.com\/fr\/wp-json\/wp\/v2\/users\/2"}],"replies":[{"embeddable":true,"href":"https:\/\/www.europesays.com\/fr\/wp-json\/wp\/v2\/comments?post=116530"}],"version-history":[{"count":0,"href":"https:\/\/www.europesays.com\/fr\/wp-json\/wp\/v2\/posts\/116530\/revisions"}],"wp:featuredmedia":[{"embeddable":true,"href":"https:\/\/www.europesays.com\/fr\/wp-json\/wp\/v2\/media\/116531"}],"wp:attachment":[{"href":"https:\/\/www.europesays.com\/fr\/wp-json\/wp\/v2\/media?parent=116530"}],"wp:term":[{"taxonomy":"category","embeddable":true,"href":"https:\/\/www.europesays.com\/fr\/wp-json\/wp\/v2\/categories?post=116530"},{"taxonomy":"post_tag","embeddable":true,"href":"https:\/\/www.europesays.com\/fr\/wp-json\/wp\/v2\/tags?post=116530"}],"curies":[{"name":"wp","href":"https:\/\/api.w.org\/{rel}","templated":true}]}}