{"id":1165302,"date":"2026-09-03T17:50:42","date_gmt":"2026-09-03T17:50:42","guid":{"rendered":"https:\/\/www.europesays.com\/fr\/1165302\/"},"modified":"2026-09-03T17:50:42","modified_gmt":"2026-09-03T17:50:42","slug":"nous-allons-reclamer-cet-argent-meme-si-cest-un-peu-tard-donald-trump-veut-demander-a-leurope-de-rembourser-laide-americaine-a-lukraine","status":"publish","type":"post","link":"https:\/\/www.europesays.com\/fr\/1165302\/","title":{"rendered":"\u00ab\u00a0Nous allons r\u00e9clamer cet argent, m\u00eame si c&rsquo;est un peu tard\u00a0\u00bb: Donald Trump veut demander \u00e0 \u00ab\u00a0l&rsquo;Europe\u00a0\u00bb de rembourser l&rsquo;aide am\u00e9ricaine \u00e0 l&rsquo;Ukraine"},"content":{"rendered":"<p>Le pr\u00e9sident am\u00e9ricain veut r\u00e9clamer \u00e0 l\u2019Europe le remboursement de l\u2019aide am\u00e9ricaine accord\u00e9e \u00e0 l\u2019Ukraine sous Joe Biden, tout en niant que la guerre contre l\u2019Iran ait fortement \u00e9puis\u00e9 les stocks de missiles am\u00e9ricains.<\/p>\n<p>Donald Trump a d\u00e9clar\u00e9 jeudi qu&rsquo;il allait demander aux pays europ\u00e9ens de rembourser aux \u00c9tats-Unis l&rsquo;aide militaire fournie \u00e0 l&rsquo;Ukraine par son pr\u00e9d\u00e9cesseur Joe Biden, tout en d\u00e9mentant que <a href=\"https:\/\/www.bfmtv.com\/economie\/entreprises\/defense\/presse-de-reconstituer-ses-stocks-largement-entames-par-la-guerre-en-iran-le-pentagone-signe-des-contrats-de-7-ans-pour-accroitre-la-production-de-missiles_AV-202608310650.html\" title=\"Press\u00e9 de reconstituer ses stocks largement entam\u00e9s par la guerre en Iran, le Pentagone signe des contrats de 7 ans pour accro\u00eetre la production de missiles\" class=\"internal_link\" rel=\"nofollow noopener\" target=\"_blank\">la guerre contre l&rsquo;Iran ait vid\u00e9 les stocks de missiles am\u00e9ricains<\/a>, comme l&rsquo;ont pourtant rapport\u00e9 plusieurs m\u00e9dias.<\/p>\n<p>Selon Reuters, l&rsquo;arm\u00e9e am\u00e9ricaine a en effet \u00e9puis\u00e9 une grande partie de son stock de missiles \u00e0 longue port\u00e9e de haute pr\u00e9cision, soulevant des inqui\u00e9tudes quant \u00e0 la capacit\u00e9 de l&rsquo;arm\u00e9e \u00e0 faire face \u00e0 de futurs conflits.<\/p>\n<p>\u00ab\u00a0Nous disposons de quantit\u00e9s quasi illimit\u00e9es de munitions de moyenne et haute pr\u00e9cision (&#8230;). Nous les gardons pour nous, les \u00c9tats-Unis, plut\u00f4t que de les vendre \u00e0 d&rsquo;autres, mais les ventes aux alli\u00e9s reprendront bient\u00f4t. Sachez \u00e9galement que l&rsquo;administration Biden a fourni gratuitement \u00e0 l&rsquo;Ukraine bien plus de munitions que nous n&rsquo;en avons utilis\u00e9es en Iran\u00a0\u00bb, a-t-il assur\u00e9 sur son r\u00e9seau social.<\/p>\n<blockquote class=\"embed embed_quote\"><p>Et de poursuivre : \u00ab\u00a0Des centaines de milliards de dollars ont \u00e9t\u00e9 donn\u00e9s gratuitement \u00e0 l&rsquo;Ukraine et \u00e0 l&rsquo;Otan, somme que l&rsquo;Europe aurait d\u00fb payer \u2014 si on le lui avait simplement demand\u00e9 \u2014, mais nous allons r\u00e9clamer cet argent, m\u00eame si c&rsquo;est un peu tard !\u00a0\u00bb<\/p><\/blockquote>\n<p>Un soutien remis en cause<\/p>\n<p>Depuis 2022, Washington a vers\u00e9 115 milliards d&rsquo;euros \u00e0 l&rsquo;Ukraine, d&rsquo;apr\u00e8s les <a href=\"https:\/\/www.kielinstitut.de\/research\/topics\/war-against-ukraine\/ukraine-support-tracker\/\" target=\"_blank\" class=\"external_link\" rel=\"nofollow noopener\">chiffres de l&rsquo;institut Kiel<\/a>. L&rsquo;engagement des \u00c9tats-Unis a \u00e9t\u00e9 largement remis en question apr\u00e8s le retour de Donald Trump \u00e0 la Maison Blanche, qui entend faire reposer l&rsquo;effort sur les pays europ\u00e9ens.<\/p>\n<p>\u00ab\u00a0Une part importante des fonds d&rsquo;aide a \u00e9t\u00e9 d\u00e9pens\u00e9e aux \u00c9tats-Unis, finan\u00e7ant des usines et des travailleurs am\u00e9ricains pour la production d&rsquo;armes destin\u00e9es soit \u00e0 l&rsquo;Ukraine, soit au r\u00e9approvisionnement des stocks d&rsquo;armes am\u00e9ricains envoy\u00e9s par le Pentagone \u00e0 l&rsquo;Ukraine pendant le conflit\u00a0\u00bb, note toutefois le <a href=\"https:\/\/www.cfr.org\/articles\/how-much-us-aid-going-ukraine\" target=\"_blank\" class=\"external_link\" rel=\"nofollow noopener\">Council on Foreign Relations<\/a>, un centre de r\u00e9flexion bas\u00e9 \u00e0 New York, dans un r\u00e9cent rapport sur l&rsquo;aide am\u00e9ricaine apport\u00e9e \u00e0 l&rsquo;Ukraine.<\/p>\n<p>De leur c\u00f4t\u00e9, les pays europ\u00e9ens ont vers\u00e9 au total 220 milliards d&rsquo;euros depuis quatre ans, selon les comptes tenus par le <a href=\"https:\/\/www.consilium.europa.eu\/fr\/policies\/eu-solidarity-ukraine\/#total\" target=\"_blank\" class=\"external_link\" rel=\"nofollow noopener\">Conseil europ\u00e9en<\/a>.<\/p>\n","protected":false},"excerpt":{"rendered":"Le pr\u00e9sident am\u00e9ricain veut r\u00e9clamer \u00e0 l\u2019Europe le remboursement de l\u2019aide am\u00e9ricaine accord\u00e9e \u00e0 l\u2019Ukraine sous Joe Biden,&hellip;\n","protected":false},"author":2,"featured_media":1165303,"comment_status":"","ping_status":"","sticky":false,"template":"","format":"standard","meta":{"footnotes":"","_share_on_mastodon":"0"},"categories":[1586],"tags":[11,1777,674,1011,27,12,25],"class_list":["post-1165302","post","type-post","status-publish","format-standard","has-post-thumbnail","category-europe","tag-actualites","tag-eu","tag-europe","tag-fr","tag-france","tag-news","tag-republique-francaise"],"share_on_mastodon":{"url":"https:\/\/pubeurope.com\/@fr\/117208378590079053","error":""},"_links":{"self":[{"href":"https:\/\/www.europesays.com\/fr\/wp-json\/wp\/v2\/posts\/1165302","targetHints":{"allow":["GET"]}}],"collection":[{"href":"https:\/\/www.europesays.com\/fr\/wp-json\/wp\/v2\/posts"}],"about":[{"href":"https:\/\/www.europesays.com\/fr\/wp-json\/wp\/v2\/types\/post"}],"author":[{"embeddable":true,"href":"https:\/\/www.europesays.com\/fr\/wp-json\/wp\/v2\/users\/2"}],"replies":[{"embeddable":true,"href":"https:\/\/www.europesays.com\/fr\/wp-json\/wp\/v2\/comments?post=1165302"}],"version-history":[{"count":0,"href":"https:\/\/www.europesays.com\/fr\/wp-json\/wp\/v2\/posts\/1165302\/revisions"}],"wp:featuredmedia":[{"embeddable":true,"href":"https:\/\/www.europesays.com\/fr\/wp-json\/wp\/v2\/media\/1165303"}],"wp:attachment":[{"href":"https:\/\/www.europesays.com\/fr\/wp-json\/wp\/v2\/media?parent=1165302"}],"wp:term":[{"taxonomy":"category","embeddable":true,"href":"https:\/\/www.europesays.com\/fr\/wp-json\/wp\/v2\/categories?post=1165302"},{"taxonomy":"post_tag","embeddable":true,"href":"https:\/\/www.europesays.com\/fr\/wp-json\/wp\/v2\/tags?post=1165302"}],"curies":[{"name":"wp","href":"https:\/\/api.w.org\/{rel}","templated":true}]}}