{"id":1165325,"date":"2026-09-03T18:09:16","date_gmt":"2026-09-03T18:09:16","guid":{"rendered":"https:\/\/www.europesays.com\/fr\/1165325\/"},"modified":"2026-09-03T18:09:16","modified_gmt":"2026-09-03T18:09:16","slug":"problemes-de-sante-gims-annule-sa-presence-au-beachclub-et-au-festival-fono","status":"publish","type":"post","link":"https:\/\/www.europesays.com\/fr\/1165325\/","title":{"rendered":"Probl\u00e8mes de sant\u00e9 | GIMS annule sa pr\u00e9sence au\u00a0Beachclub et au Festival Fono"},"content":{"rendered":"<p class=\"lead textModule textModule--type-lead \" style=\"\">Le Beachclub de Pointe-Calumet a annonc\u00e9 mercredi soir sur ses r\u00e9seaux sociaux que le rappeur congolais GIMS ne pourrait se produire ce samedi\u00a05\u00a0septembre pour des raisons de sant\u00e9.<\/p>\n<p class=\"paragraph textModule textModule--type-paragraph \" style=\"\">GIMS devait \u00e9galement prendre part au Festival Fono, \u00e0 Qu\u00e9bec, le 10\u00a0septembre, mais un repr\u00e9sentant de l\u2019\u00e9v\u00e8nement a confirm\u00e9 que le populaire artiste n\u2019y serait pas non plus. Un musicien rempla\u00e7ant sera annonc\u00e9 sous peu.<\/p>\n<p class=\"paragraph textModule textModule--type-paragraph \" style=\"\">Dans le cas du Beachclub, on sait d\u00e9j\u00e0 qu\u2019une autre figure bien connue du hip-hop arrivera \u00e0 la rescousse\u00a0: nul autre que le New-Yorkais 50\u00a0Cent.<\/p>\n<p class=\"paragraph textModule textModule--type-paragraph \" style=\"\">Dans une publication Instagram, l\u2019\u00e9quipe du Beachclub a indiqu\u00e9 qu\u2019elle tenait \u00e0 remplacer GIMS puisque ce week-end marque la fin de ses activit\u00e9s estivales. \u00ab\u00a0Vous avez aucune id\u00e9e comment toute notre \u00e9quipe a travaill\u00e9 fort pour remplacer Gims derni\u00e8re minute comme \u00e7a\u00a0\u00bb, a comment\u00e9 Olivier Primeau, entrepreneur \u00e0 la t\u00eate du Beachclub, sous la publication annon\u00e7ant la venue de 50\u00a0Cent.<\/p>\n<p class=\"paragraph textModule textModule--type-paragraph \" style=\"\">Rappelons qu\u2019en mars dernier, GIMS a \u00e9t\u00e9 mis en examen pour blanchiment d\u2019argent en France.<\/p>\n","protected":false},"excerpt":{"rendered":"Le Beachclub de Pointe-Calumet a annonc\u00e9 mercredi soir sur ses r\u00e9seaux sociaux que le rappeur congolais GIMS ne&hellip;\n","protected":false},"author":2,"featured_media":1165326,"comment_status":"","ping_status":"","sticky":false,"template":"","format":"standard","meta":{"footnotes":"","_share_on_mastodon":"0"},"categories":[1355],"tags":[58,59,1011,27,1361,873],"class_list":["post-1165325","post","type-post","status-publish","format-standard","has-post-thumbnail","category-musique","tag-divertissement","tag-entertainment","tag-fr","tag-france","tag-music","tag-musique"],"share_on_mastodon":{"url":"https:\/\/pubeurope.com\/@fr\/117208453286180912","error":""},"_links":{"self":[{"href":"https:\/\/www.europesays.com\/fr\/wp-json\/wp\/v2\/posts\/1165325","targetHints":{"allow":["GET"]}}],"collection":[{"href":"https:\/\/www.europesays.com\/fr\/wp-json\/wp\/v2\/posts"}],"about":[{"href":"https:\/\/www.europesays.com\/fr\/wp-json\/wp\/v2\/types\/post"}],"author":[{"embeddable":true,"href":"https:\/\/www.europesays.com\/fr\/wp-json\/wp\/v2\/users\/2"}],"replies":[{"embeddable":true,"href":"https:\/\/www.europesays.com\/fr\/wp-json\/wp\/v2\/comments?post=1165325"}],"version-history":[{"count":0,"href":"https:\/\/www.europesays.com\/fr\/wp-json\/wp\/v2\/posts\/1165325\/revisions"}],"wp:featuredmedia":[{"embeddable":true,"href":"https:\/\/www.europesays.com\/fr\/wp-json\/wp\/v2\/media\/1165326"}],"wp:attachment":[{"href":"https:\/\/www.europesays.com\/fr\/wp-json\/wp\/v2\/media?parent=1165325"}],"wp:term":[{"taxonomy":"category","embeddable":true,"href":"https:\/\/www.europesays.com\/fr\/wp-json\/wp\/v2\/categories?post=1165325"},{"taxonomy":"post_tag","embeddable":true,"href":"https:\/\/www.europesays.com\/fr\/wp-json\/wp\/v2\/tags?post=1165325"}],"curies":[{"name":"wp","href":"https:\/\/api.w.org\/{rel}","templated":true}]}}