{"id":1165329,"date":"2026-09-03T18:11:16","date_gmt":"2026-09-03T18:11:16","guid":{"rendered":"https:\/\/www.europesays.com\/fr\/1165329\/"},"modified":"2026-09-03T18:11:16","modified_gmt":"2026-09-03T18:11:16","slug":"loire-un-maire-interdit-le-survol-de-sa-commune-par-les-moustiques-tigres","status":"publish","type":"post","link":"https:\/\/www.europesays.com\/fr\/1165329\/","title":{"rendered":"Loire\u00a0: Un maire interdit le survol de sa commune\u2026 par les moustiques tigres"},"content":{"rendered":"<p>Un <a href=\"https:\/\/www.20minutes.fr\/dossier\/maire\" class=\"c-link c-link--is-underlined\" rel=\"nofollow noopener\" target=\"_blank\">maire<\/a> de la Loire a pris un arr\u00eat\u00e9 pour interdire aux <a href=\"https:\/\/www.20minutes.fr\/dossier\/moustique_tigre\" class=\"c-link c-link--is-underlined\" rel=\"nofollow noopener\" target=\"_blank\">moustiques tigres<\/a> de survoler sa commune \u00ab\u00a0consid\u00e9rant que leurs vols r\u00e9p\u00e9t\u00e9s, rasants ou circulaires et leurs piq\u00fbres sont de nature \u00e0 provoquer l\u2019agacement et l\u2019exasp\u00e9ration\u00a0\u00bb.<\/p>\n<p>Le texte sign\u00e9 par le maire de Saint-Just-Saint-Rambert, dat\u00e9 du 1er\u00a0septembre et r\u00e9v\u00e9l\u00e9 par la cha\u00eene <a href=\"https:\/\/www.tl7.fr\/actualites-loire\/actualite\/actualite_1\/saint-just-saint-rambert-la-mairie-interdit-le-survol-de-la-commune-par-les-moustiques-tigres_14721.html\" target=\"_blank\" class=\"c-link c-link--is-underlined\" rel=\"nofollow noopener\">TL7 Loire<\/a>, d\u00e9clare le plus s\u00e9rieusement du monde que \u00ab\u00a0tout moustique tigre ne respectant pas\u00a0\u00bb les consignes \u00ab\u00a0s\u2019expose \u00e0 des poursuites\u00a0\u00bb.<\/p>\n<p>\u00ab\u00a0On ne peut plus prendre l\u2019ap\u00e9ro dehors\u00a0\u00bb<\/p>\n<p>\u00ab\u00a0C\u2019est un sujet s\u00e9rieux et l\u00e9ger \u00e0 la fois, mais ces petites choses peuvent nous pourrir la vie\u00a0\u00bb, d\u00e9clare \u00e0 l\u2019AFP le maire divers droite, Olivier Joly, de la ville de 15.000 habitants.<\/p>\n<\/p>\n<p>\u00ab\u00a0Lorsque je suis rentr\u00e9 de vacances, des administr\u00e9s me sont tomb\u00e9s dessus en me disant\u00a0: &lsquo;on ne peut plus prendre l\u2019ap\u00e9ro dehors\u00a0!&rsquo;. Donc il y avait un besoin de remobiliser la population sur les gestes de proximit\u00e9\u00a0\u00bb, explique-t-il.<\/p>\n<p>Les habitants sollicit\u00e9s<\/p>\n<p>Pi\u00e8ges \u00e0 moustique, g\u00eetes \u00e0 chauve-souris, nichoirs \u00e0 m\u00e9sanges, m\u00e2ts solaires pour accueillir des hirondelles, elles aussi voraces de moustiques, ont d\u00e9j\u00e0 \u00e9t\u00e9 install\u00e9s par la municipalit\u00e9 qui y a consacr\u00e9 pour l\u2019instant un budget de 45.000 euros.<\/p>\n<p>Dans son arr\u00eat\u00e9, la mairie incite la population \u00e0 \u00e9liminer les eaux stagnantes dans les seaux, soucoupes de pots de fleurs, pneus usagers, \u00e0 entretenir goutti\u00e8res et caniveaux et couvrir ou traiter les bassins. A ce stade, \u00ab\u00a0aucun moustique n\u2019a \u00e9t\u00e9 arr\u00eat\u00e9 ou verbalis\u00e9\u00a0\u00bb, admet le maire.<\/p>\n","protected":false},"excerpt":{"rendered":"Un maire de la Loire a pris un arr\u00eat\u00e9 pour interdire aux moustiques tigres de survoler sa commune&hellip;\n","protected":false},"author":2,"featured_media":1165330,"comment_status":"","ping_status":"","sticky":false,"template":"","format":"standard","meta":{"footnotes":"","_share_on_mastodon":"0"},"categories":[10],"tags":[47,2430,1011,27,72,3367,5107,511,2856,2431,71,104],"class_list":["post-1165329","post","type-post","status-publish","format-standard","has-post-thumbnail","category-sante","tag-actualite","tag-auvergne-rhone-alpes","tag-fr","tag-france","tag-health","tag-loire","tag-maire","tag-moustique","tag-moustique-tigre","tag-rhone-alpes","tag-sante","tag-societe"],"share_on_mastodon":{"url":"https:\/\/pubeurope.com\/@fr\/117208460984391875","error":""},"_links":{"self":[{"href":"https:\/\/www.europesays.com\/fr\/wp-json\/wp\/v2\/posts\/1165329","targetHints":{"allow":["GET"]}}],"collection":[{"href":"https:\/\/www.europesays.com\/fr\/wp-json\/wp\/v2\/posts"}],"about":[{"href":"https:\/\/www.europesays.com\/fr\/wp-json\/wp\/v2\/types\/post"}],"author":[{"embeddable":true,"href":"https:\/\/www.europesays.com\/fr\/wp-json\/wp\/v2\/users\/2"}],"replies":[{"embeddable":true,"href":"https:\/\/www.europesays.com\/fr\/wp-json\/wp\/v2\/comments?post=1165329"}],"version-history":[{"count":0,"href":"https:\/\/www.europesays.com\/fr\/wp-json\/wp\/v2\/posts\/1165329\/revisions"}],"wp:featuredmedia":[{"embeddable":true,"href":"https:\/\/www.europesays.com\/fr\/wp-json\/wp\/v2\/media\/1165330"}],"wp:attachment":[{"href":"https:\/\/www.europesays.com\/fr\/wp-json\/wp\/v2\/media?parent=1165329"}],"wp:term":[{"taxonomy":"category","embeddable":true,"href":"https:\/\/www.europesays.com\/fr\/wp-json\/wp\/v2\/categories?post=1165329"},{"taxonomy":"post_tag","embeddable":true,"href":"https:\/\/www.europesays.com\/fr\/wp-json\/wp\/v2\/tags?post=1165329"}],"curies":[{"name":"wp","href":"https:\/\/api.w.org\/{rel}","templated":true}]}}