{"id":1165335,"date":"2026-09-03T18:14:16","date_gmt":"2026-09-03T18:14:16","guid":{"rendered":"https:\/\/www.europesays.com\/fr\/1165335\/"},"modified":"2026-09-03T18:14:16","modified_gmt":"2026-09-03T18:14:16","slug":"whatsapp-attention-le-8-septembre-certains-smartphones-ios-et-android-ne-pourront-plus-lutiliser-voici-les-modeles-concernes","status":"publish","type":"post","link":"https:\/\/www.europesays.com\/fr\/1165335\/","title":{"rendered":"WhatsApp : attention, le 8 septembre, certains smartphones iOS et Android ne pourront plus l&rsquo;utiliser, voici les mod\u00e8les concern\u00e9s"},"content":{"rendered":"<p class=\"dm_article-chapeau\">WhatsApp s&rsquo;appr\u00eate \u00e0 se refaire une beaut\u00e9 en lan\u00e7ant une mise \u00e0 jour qui rendra l&rsquo;application incompatible avec certains mod\u00e8les iOS et Android. Voici les appareils concern\u00e9s.\u00a0<\/p>\n<p>C&rsquo;est toujours la m\u00eame rengaine : pass\u00e9 un certain temps, les appareils \u00e9lectroniques deviennent obsol\u00e8tes. Bugs, espaces de stockage satur\u00e9s, impossibilit\u00e9 de lancer des <a href=\"https:\/\/www.cnews.fr\/monde\/2026-07-21\/google-maps-cette-nouvelle-mise-jour-qui-va-changer-vos-habitudes-1893980\" target=\"_blank\" rel=\"nofollow noopener\">mises \u00e0 jour<\/a> ou de t\u00e9l\u00e9charger des applications&#8230; L&rsquo;appareil est quasiment inutilisable. Les d\u00e9tenteurs d&rsquo;anciens <a href=\"https:\/\/www.cnews.fr\/vie-numerique\/2026-09-01\/apple-quels-sont-les-defis-de-john-ternus-le-nouveau-patron-qui-prend-la\" target=\"_blank\" rel=\"nofollow noopener\">iPhone<\/a> ou de t\u00e9l\u00e9phones sous syst\u00e8me d&rsquo;exploitation Android pourraient bient\u00f4t en faire les frais.<\/p>\n<p>WhatsApp s&rsquo;appr\u00eate \u00e0 lancer une mise \u00e0 jour importante qui rendra l&rsquo;application incompatible avec certains smartphones. D\u00e8s le 8 septembre, l&rsquo;application de messagerie ne sera plus disponible sur les t\u00e9l\u00e9phones d\u00e9pendant du syst\u00e8me d&rsquo;exploitation Android 5.0 ou 5.1. \u00c0 titre d&rsquo;exemple, la version actuelle est Android 17.\u00a0<\/p>\n<p>Un peu plus tard dans l&rsquo;ann\u00e9e, d\u00e8s le 30 novembre, ce sont les utilisateurs d&rsquo;Apple qui seront concern\u00e9s. WhatsApp ne fonctionnera plus sur les versions inf\u00e9rieures \u00e0 iOS 15.5. L&rsquo;entreprise \u00e0 la grosse pomme a lanc\u00e9 son iOS 26.6.1 et planche actuellement sur la version sup\u00e9rieure.\u00a0<\/p>\n<p>des t\u00e9l\u00e9phones vendus ENTRE 2012 et 2015<\/p>\n<p>La version support\u00e9e par votre smartphone est indiqu\u00e9e dans les r\u00e9glages de celui-ci, g\u00e9n\u00e9ralement dans la rubrique \u00ab\u00e0 propos du t\u00e9l\u00e9phone\u00bb.\u00a0<\/p>\n<p>Cette mise \u00e0 jour devrait en r\u00e9alit\u00e9 impacter les d\u00e9tenteurs de t\u00e9l\u00e9phones vendus entre 2012 et 2015, comme l&rsquo;iPhone 5S et 6, le Samsung Galaxy SII et SIII, le Samsung Galaxy S4 mais aussi certains t\u00e9l\u00e9phones Sony, LG ou encore Huawei.\u00a0<\/p>\n<p>Les applications effectuent r\u00e9guli\u00e8rement des mises \u00e0 jour de leurs syst\u00e8mes. R\u00e9cemment, Instagram a annonc\u00e9 ne plus supporter les syst\u00e8mes d&rsquo;exploitation inf\u00e9rieurs \u00e0 iOS 16.3.<\/p>\n","protected":false},"excerpt":{"rendered":"WhatsApp s&rsquo;appr\u00eate \u00e0 se refaire une beaut\u00e9 en lan\u00e7ant une mise \u00e0 jour qui rendra l&rsquo;application incompatible avec&hellip;\n","protected":false},"author":2,"featured_media":1165336,"comment_status":"","ping_status":"","sticky":false,"template":"","format":"standard","meta":{"footnotes":"","_share_on_mastodon":"0"},"categories":[7],"tags":[10656,1011,27,29902,43,40,41,39,42,44,250],"class_list":["post-1165335","post","type-post","status-publish","format-standard","has-post-thumbnail","category-sciences-et-technologies","tag-android","tag-fr","tag-france","tag-ios","tag-science","tag-science-and-technology","tag-sciences","tag-sciences-et-technologies","tag-technologies","tag-technology","tag-whatsapp"],"share_on_mastodon":{"url":"https:\/\/pubeurope.com\/@fr\/117208473249789467","error":""},"_links":{"self":[{"href":"https:\/\/www.europesays.com\/fr\/wp-json\/wp\/v2\/posts\/1165335","targetHints":{"allow":["GET"]}}],"collection":[{"href":"https:\/\/www.europesays.com\/fr\/wp-json\/wp\/v2\/posts"}],"about":[{"href":"https:\/\/www.europesays.com\/fr\/wp-json\/wp\/v2\/types\/post"}],"author":[{"embeddable":true,"href":"https:\/\/www.europesays.com\/fr\/wp-json\/wp\/v2\/users\/2"}],"replies":[{"embeddable":true,"href":"https:\/\/www.europesays.com\/fr\/wp-json\/wp\/v2\/comments?post=1165335"}],"version-history":[{"count":0,"href":"https:\/\/www.europesays.com\/fr\/wp-json\/wp\/v2\/posts\/1165335\/revisions"}],"wp:featuredmedia":[{"embeddable":true,"href":"https:\/\/www.europesays.com\/fr\/wp-json\/wp\/v2\/media\/1165336"}],"wp:attachment":[{"href":"https:\/\/www.europesays.com\/fr\/wp-json\/wp\/v2\/media?parent=1165335"}],"wp:term":[{"taxonomy":"category","embeddable":true,"href":"https:\/\/www.europesays.com\/fr\/wp-json\/wp\/v2\/categories?post=1165335"},{"taxonomy":"post_tag","embeddable":true,"href":"https:\/\/www.europesays.com\/fr\/wp-json\/wp\/v2\/tags?post=1165335"}],"curies":[{"name":"wp","href":"https:\/\/api.w.org\/{rel}","templated":true}]}}