{"id":116534,"date":"2025-05-21T09:39:24","date_gmt":"2025-05-21T09:39:24","guid":{"rendered":"https:\/\/www.europesays.com\/fr\/116534\/"},"modified":"2025-05-21T09:39:24","modified_gmt":"2025-05-21T09:39:24","slug":"entre-formages-et-patrimoine-un-rallye-inedit-et-gourmand-pour-redecouvrir-toulouse","status":"publish","type":"post","link":"https:\/\/www.europesays.com\/fr\/116534\/","title":{"rendered":"Entre formages et patrimoine, un rallye in\u00e9dit et gourmand pour (re)d\u00e9couvrir Toulouse"},"content":{"rendered":"<p>            Par<br \/>\n        <strong><br \/>\n            <a href=\"https:\/\/actu.fr\/auteur\/ancelin-emeryhenriot\" title=\"Consulter tous les articles de Ancelin Emery-Henriot\" rel=\"nofollow noopener\" target=\"_blank\">Ancelin Emery-Henriot<\/a><br \/>\n        <\/strong><\/p>\n<p>        Publi\u00e9 le<\/p>\n<p>            21 mai 2025 \u00e0 10h59        <\/p>\n<p>Un <strong>p\u00e8lerinage laitier<\/strong> est sur le point de prendre son premier d\u00e9part en plein c\u0153ur de <a href=\"https:\/\/actu.fr\/toulouse\/\" rel=\"nofollow noopener\" target=\"_blank\">Toulouse<\/a>. Les <strong>Compagnons du fromage<\/strong> et le compte Instagram <strong>Oh l\u00e0 l\u00e0<\/strong> s\u2019appr\u00eatent \u00e0 lancer leur collaboration autour d\u2019un <strong>Rallye Gourmand<\/strong> dans les rues de la ville. Prochaine it\u00e9ration le 22 mai 2025. Un \u201cmoment convivial\u201d qui a pour but de faire d\u00e9couvrir l\u2019histoire et le patrimoine de la Cit\u00e9 des Violettes au rythme d\u2019<strong>activit\u00e9s et d\u2019anecdotes<\/strong>. Le tout accompagn\u00e9 par des produits \u201c100 % locaux\u201d, selon le site de l\u2019entreprise.<\/p>\n<p>5 lieux historiques<\/p>\n<p class=\" wall-content\">En effet, <strong>Nathan Zalberg<\/strong>, son fondateur, affirme vouloir \u201cpartager sa passion pour le <strong>terroir du Sud-ouest<\/strong> et l\u2019histoire locale.\u201d Pour ce faire, il proposera, durant la ballade, des d\u00e9gustations de<strong> trois fromages<\/strong>, dont un qui vient tout droit de la Ville Rose, ainsi que de deux vins. Tous sont l\u2019\u0153uvre de petits producteurs du Sud-ouest, selon les informations de nos confr\u00e8res d\u2019Ici Occitanie.<\/p>\n<p class=\" wall-content\">Pour accompagner cela, <strong>Laurent Moussinac<\/strong>, fondateur du compte Oh l\u00e0 l\u00e0 Toulouse, partagera des <strong>anecdotes historiques<\/strong> sur la Cit\u00e9 de Violettes. 5 lieux seront \u00e0 l\u2019honneur : tout d\u2019abord le point de d\u00e9part, la <strong>Place du Salin<\/strong>. La ballade continuera ensuite vers le <strong>march\u00e9 des Carmes<\/strong>, \u201csymbole de l\u2019\u00e9volution de la ville et de la gastronomie du Sud-ouest.\u201d Un p\u00e9riple qui poursuivra son chemin vers <strong>l\u2019\u00e9glise de Dalbades<\/strong>, pour ensuite s\u2019exporter sur les bords de la Garonne, en direction du <strong>quai de Tounis<\/strong>. Le p\u00e8lerinage gastronomique conclura son parcours sur <strong>la place de la Trinit\u00e9<\/strong>.<\/p>\n<p class=\" wall-content\">Retra\u00e7age des \u201cgrandes \u00e9tapes de<strong> l\u2019\u00e9volution architecturale<\/strong> de Toulouse\u201d, et plongeon dans \u201c<strong>les myst\u00e8res de la Garonne<\/strong> et des ponts de la ville rose\u201d seront, entre autres, de la partie.<\/p>\n<p>Vid\u00e9os : en ce moment sur ActuUne comp\u00e9tition<\/p>\n<p class=\" wall-content\">Et pour pimenter le tout, les organisateurs ont d\u00e9cid\u00e9 de mettre en jeu <strong>une petite comp\u00e9tition<\/strong> durant tout le cours du rallye. Lors de chaque \u00e9tape prendra place un <strong>d\u00e9fi en \u00e9quipe<\/strong> qui pourra permettre de remporter des \u201cmanches\u201d. \u00c0 la cl\u00e9, un cadeau surprise pour l\u2019\u00e9quipe qui en aura remport\u00e9 le plus.<\/p>\n<p class=\" wall-content\">Notons qu\u2019en plus de l\u2019\u00e9dition du 22 mai, <strong>20 dates<\/strong> seront propos\u00e9es entre mai et octobre \u00e0 un rythme moyen d\u2019une date par semaine. Chacune d\u2019entre elles s\u2019\u00e9tendra sur <strong>2h30 et 1km<\/strong>, le tout totalement en ext\u00e9rieur. 150 minutes pour partir \u201c \u00e0 la red\u00e9couverte d\u2019un Toulouse<strong> insolite.<\/strong>\u201d<\/p>\n<p><strong>Infos Pratique<\/strong><br \/>\nR\u00e9servations d\u00e9j\u00e0 possibles sur le site des <a href=\"https:\/\/www-2559n.bookeo.com\/bookeo\/b_reserver_toulouse_start.html?ctlsrc2=eqzdHUsk8lszJM%2FnbuTY0aDqM7pbCN0%2BqlhB9UBbndE%3D&amp;src=03n&amp;type=42559NJFKJ4195ADC7EEE4\" rel=\"nofollow noopener\" target=\"_blank\">Compagnons du fromage<\/a>, 20 places par sessions<br \/>\nUne visite sans alcool est possible sur demande<\/p>\n<p class=\" wall-content\">Suivez toute l\u2019actualit\u00e9 de vos villes et m\u00e9dias favoris en vous inscrivant \u00e0 <a href=\"https:\/\/moncompte.actu.fr\" title=\"D\u00e9couvez Mon Actu\" rel=\"nofollow noopener\" data-trk=\"{&quot;cta&quot;:{&quot;action&quot;:&quot;https:\\\/\\\/moncompte.actu.fr&quot;,&quot;category&quot;:&quot;mon compte&quot;,&quot;from&quot;:&quot;article footer&quot;,&quot;name&quot;:&quot;Mon actu&quot;,&quot;type&quot;:&quot;cta&quot;}}\" target=\"_blank\">Mon Actu<\/a>.<\/p>\n","protected":false},"excerpt":{"rendered":"Par Ancelin Emery-Henriot Publi\u00e9 le 21 mai 2025 \u00e0 10h59 Un p\u00e8lerinage laitier est sur le point de&hellip;\n","protected":false},"author":2,"featured_media":116535,"comment_status":"","ping_status":"","sticky":false,"template":"","format":"standard","meta":{"footnotes":""},"categories":[2816],"tags":[1111,11,7552,1777,674,1011,27,1661,1652,12,2680,25,1341,2312],"class_list":{"0":"post-116534","1":"post","2":"type-post","3":"status-publish","4":"format-standard","5":"has-post-thumbnail","7":"category-toulouse","8":"tag-actu","9":"tag-actualites","10":"tag-balade","11":"tag-eu","12":"tag-europe","13":"tag-fr","14":"tag-france","15":"tag-gastronomie","16":"tag-loisirs-culture","17":"tag-news","18":"tag-occitanie","19":"tag-republique-francaise","20":"tag-sortir-a-toulouse","21":"tag-toulouse"},"share_on_mastodon":{"url":"https:\/\/pubeurope.com\/@fr\/114545161862983785","error":""},"_links":{"self":[{"href":"https:\/\/www.europesays.com\/fr\/wp-json\/wp\/v2\/posts\/116534","targetHints":{"allow":["GET"]}}],"collection":[{"href":"https:\/\/www.europesays.com\/fr\/wp-json\/wp\/v2\/posts"}],"about":[{"href":"https:\/\/www.europesays.com\/fr\/wp-json\/wp\/v2\/types\/post"}],"author":[{"embeddable":true,"href":"https:\/\/www.europesays.com\/fr\/wp-json\/wp\/v2\/users\/2"}],"replies":[{"embeddable":true,"href":"https:\/\/www.europesays.com\/fr\/wp-json\/wp\/v2\/comments?post=116534"}],"version-history":[{"count":0,"href":"https:\/\/www.europesays.com\/fr\/wp-json\/wp\/v2\/posts\/116534\/revisions"}],"wp:featuredmedia":[{"embeddable":true,"href":"https:\/\/www.europesays.com\/fr\/wp-json\/wp\/v2\/media\/116535"}],"wp:attachment":[{"href":"https:\/\/www.europesays.com\/fr\/wp-json\/wp\/v2\/media?parent=116534"}],"wp:term":[{"taxonomy":"category","embeddable":true,"href":"https:\/\/www.europesays.com\/fr\/wp-json\/wp\/v2\/categories?post=116534"},{"taxonomy":"post_tag","embeddable":true,"href":"https:\/\/www.europesays.com\/fr\/wp-json\/wp\/v2\/tags?post=116534"}],"curies":[{"name":"wp","href":"https:\/\/api.w.org\/{rel}","templated":true}]}}