{"id":1165344,"date":"2026-09-03T18:19:24","date_gmt":"2026-09-03T18:19:24","guid":{"rendered":"https:\/\/www.europesays.com\/fr\/1165344\/"},"modified":"2026-09-03T18:19:24","modified_gmt":"2026-09-03T18:19:24","slug":"saint-etienne-details-sculptes-une-salamandre-trone-sur-le-tympan-de-limmeuble-au-6-avenue-de-la-liberation","status":"publish","type":"post","link":"https:\/\/www.europesays.com\/fr\/1165344\/","title":{"rendered":"Saint-\u00c9tienne\/D\u00e9tails sculpt\u00e9s. Une salamandre tr\u00f4ne sur le tympan de l\u2019immeuble au 6, avenue de la Lib\u00e9ration"},"content":{"rendered":"<p>La remarquable sculpture en bois situ\u00e9e au-dessus de la porte du 6, avenue de la Lib\u00e9ration est une salamandre. Dans l\u2019Antiquit\u00e9, l\u2019\u00e9crivain Pline l\u2019Ancien d\u00e9crit la salamandre comme un animal extr\u00eamement froid dont la simple pr\u00e9sence suffit \u00e0 \u00e9teindre un feu, comme le ferait la glace.<\/p>\n<p>Symbole de puret\u00e9 absolue, de courage et d\u2019immortalit\u00e9<\/p>\n<p>Au fil des si\u00e8cles, le mythe \u00e9volue. Au lieu d\u2019\u00e9teindre le feu, on&#8230;<\/p>\n","protected":false},"excerpt":{"rendered":"La remarquable sculpture en bois situ\u00e9e au-dessus de la porte du 6, avenue de la Lib\u00e9ration est une&hellip;\n","protected":false},"author":2,"featured_media":1165345,"comment_status":"","ping_status":"","sticky":false,"template":"","format":"standard","meta":{"footnotes":"","_share_on_mastodon":"0"},"categories":[9653],"tags":[1111,11,2430,1687,7539,1777,674,1011,27,12,2661,25,4001,7538],"class_list":["post-1165344","post","type-post","status-publish","format-standard","has-post-thumbnail","category-saint-etienne","tag-actu","tag-actualites","tag-auvergne-rhone-alpes","tag-culture-loisirs","tag-edition-loire-sud","tag-eu","tag-europe","tag-fr","tag-france","tag-news","tag-patrimoine-culturel","tag-republique-francaise","tag-saint-etienne","tag-saint-etienne-ville"],"share_on_mastodon":{"url":"https:\/\/pubeurope.com\/@fr\/117208492595983966","error":""},"_links":{"self":[{"href":"https:\/\/www.europesays.com\/fr\/wp-json\/wp\/v2\/posts\/1165344","targetHints":{"allow":["GET"]}}],"collection":[{"href":"https:\/\/www.europesays.com\/fr\/wp-json\/wp\/v2\/posts"}],"about":[{"href":"https:\/\/www.europesays.com\/fr\/wp-json\/wp\/v2\/types\/post"}],"author":[{"embeddable":true,"href":"https:\/\/www.europesays.com\/fr\/wp-json\/wp\/v2\/users\/2"}],"replies":[{"embeddable":true,"href":"https:\/\/www.europesays.com\/fr\/wp-json\/wp\/v2\/comments?post=1165344"}],"version-history":[{"count":0,"href":"https:\/\/www.europesays.com\/fr\/wp-json\/wp\/v2\/posts\/1165344\/revisions"}],"wp:featuredmedia":[{"embeddable":true,"href":"https:\/\/www.europesays.com\/fr\/wp-json\/wp\/v2\/media\/1165345"}],"wp:attachment":[{"href":"https:\/\/www.europesays.com\/fr\/wp-json\/wp\/v2\/media?parent=1165344"}],"wp:term":[{"taxonomy":"category","embeddable":true,"href":"https:\/\/www.europesays.com\/fr\/wp-json\/wp\/v2\/categories?post=1165344"},{"taxonomy":"post_tag","embeddable":true,"href":"https:\/\/www.europesays.com\/fr\/wp-json\/wp\/v2\/tags?post=1165344"}],"curies":[{"name":"wp","href":"https:\/\/api.w.org\/{rel}","templated":true}]}}