{"id":1165367,"date":"2026-09-03T18:39:29","date_gmt":"2026-09-03T18:39:29","guid":{"rendered":"https:\/\/www.europesays.com\/fr\/1165367\/"},"modified":"2026-09-03T18:39:29","modified_gmt":"2026-09-03T18:39:29","slug":"thorigne-fouillard-une-soiree-concert-pour-conclure-la-semaine-commerciale-de-thofou","status":"publish","type":"post","link":"https:\/\/www.europesays.com\/fr\/1165367\/","title":{"rendered":"Thorign\u00e9-Fouillard. Une soir\u00e9e-concert pour conclure la semaine commerciale de Thofou"},"content":{"rendered":"<p>L\u2019association des commer\u00e7ants et artisans de la commune Thofou, forte de 50\u00a0adh\u00e9rents, cl\u00f4turera samedi sa semaine commerciale avec une f\u00eate sur la place du Bocage.<\/p>\n<p>\u00a0Je veux f\u00e9d\u00e9rer pour dynamiser notre territoire et notre commune, pour que les gens consomment et vivent \u00e0 Thorign\u00e9-Fouillard, explique Xavier Moison, qui a pris la pr\u00e9sidence de l\u2019association en f\u00e9vrier. La semaine commerciale, avec 1\u00a0000\u00a0\u20ac de lot, se cl\u00f4turera en fin d\u2019apr\u00e8s-midi avec le tirage sort. Un concert du groupe Thatka est \u00e9galement pr\u00e9vu en soir\u00e9e pour compl\u00e9ter l\u2019ambiance guinguette et f\u00eate de village.\u00a0<\/p>\n<p>Le groupe Thatka est compos\u00e9 de quatre musiciens qui font des reprises de chansons populaires dansantes\u00a0(vari\u00e9t\u00e9 et rock).<\/p>\n<p>Samedi 5\u00a0septembre, sur la place du Bocage, \u00e0 partir de 16\u00a0h, jeux pour les enfants,\u00a0(ch\u00e2teau gonflable et jeux g\u00e9ants) ; \u00e0 19\u00a0h, tirage au sort des lots de la semaine commerciale et \u00e0 20\u00a0h, concert du groupe Thatka. Ouvert \u00e0 tous et gratuit, restauration sur place.<\/p>\n<p>\u00a0<\/p>\n","protected":false},"excerpt":{"rendered":"L\u2019association des commer\u00e7ants et artisans de la commune Thofou, forte de 50\u00a0adh\u00e9rents, cl\u00f4turera samedi sa semaine commerciale avec&hellip;\n","protected":false},"author":2,"featured_media":1165368,"comment_status":"","ping_status":"","sticky":false,"template":"","format":"standard","meta":{"footnotes":"","_share_on_mastodon":"0"},"categories":[2821],"tags":[1111,11,829,18975,32181,1777,674,1011,27,12,584,25,3728,5572,120199,120200,4182],"class_list":["post-1165367","post","type-post","status-publish","format-standard","has-post-thumbnail","category-rennes","tag-actu","tag-actualites","tag-bretagne","tag-commerciale","tag-conclure","tag-eu","tag-europe","tag-fr","tag-france","tag-news","tag-rennes","tag-republique-francaise","tag-saint-malo","tag-semaine","tag-soiree-concert","tag-thofou","tag-thorigne-fouillard"],"share_on_mastodon":{"url":"https:\/\/pubeurope.com\/@fr\/117208571121544818","error":""},"_links":{"self":[{"href":"https:\/\/www.europesays.com\/fr\/wp-json\/wp\/v2\/posts\/1165367","targetHints":{"allow":["GET"]}}],"collection":[{"href":"https:\/\/www.europesays.com\/fr\/wp-json\/wp\/v2\/posts"}],"about":[{"href":"https:\/\/www.europesays.com\/fr\/wp-json\/wp\/v2\/types\/post"}],"author":[{"embeddable":true,"href":"https:\/\/www.europesays.com\/fr\/wp-json\/wp\/v2\/users\/2"}],"replies":[{"embeddable":true,"href":"https:\/\/www.europesays.com\/fr\/wp-json\/wp\/v2\/comments?post=1165367"}],"version-history":[{"count":0,"href":"https:\/\/www.europesays.com\/fr\/wp-json\/wp\/v2\/posts\/1165367\/revisions"}],"wp:featuredmedia":[{"embeddable":true,"href":"https:\/\/www.europesays.com\/fr\/wp-json\/wp\/v2\/media\/1165368"}],"wp:attachment":[{"href":"https:\/\/www.europesays.com\/fr\/wp-json\/wp\/v2\/media?parent=1165367"}],"wp:term":[{"taxonomy":"category","embeddable":true,"href":"https:\/\/www.europesays.com\/fr\/wp-json\/wp\/v2\/categories?post=1165367"},{"taxonomy":"post_tag","embeddable":true,"href":"https:\/\/www.europesays.com\/fr\/wp-json\/wp\/v2\/tags?post=1165367"}],"curies":[{"name":"wp","href":"https:\/\/api.w.org\/{rel}","templated":true}]}}