{"id":1165381,"date":"2026-09-03T18:51:17","date_gmt":"2026-09-03T18:51:17","guid":{"rendered":"https:\/\/www.europesays.com\/fr\/1165381\/"},"modified":"2026-09-03T18:51:17","modified_gmt":"2026-09-03T18:51:17","slug":"handball-le-hbc-nantes-lance-sa-saison-et-vise-le-titre-de-champion","status":"publish","type":"post","link":"https:\/\/www.europesays.com\/fr\/1165381\/","title":{"rendered":"Handball. Le HBC Nantes lance sa saison et \u00ab\u00a0vise le titre\u00a0\u00bb de champion !"},"content":{"rendered":"\n<p>Le HBC Nantes lancera ce samedi 5 septembre 2026 sa saison de Starligue, \u00e0 Tremblay. Encore deuxi\u00e8me de l&rsquo;exercice pr\u00e9c\u00e9dent, derri\u00e8re le PSG, malgr\u00e9 36 matchs de suite sans d\u00e9faite, le H vise le titre et esp\u00e8re encore atteindre les quarts de finale de la Ligue des champions.\u00a0<\/p>\n<p>Ce sera sans le capitaine Valero Rivera parti \u00e0 la retraite et la p\u00e9pite Aymeric Minne transf\u00e9r\u00e9e en Allemagne. Les sept nouveaux joueurs ont d\u00fb vite s\u2019impr\u00e9gner de l\u2019exigence impos\u00e9e par le pr\u00e9sident Ga\u00ebl Pelletier : \u00ab\u00a0<strong>Se retrouver \u00e0 faire une 17\u00e8me ann\u00e9e cons\u00e9cutive de coupe d&rsquo;Europe, une 7\u00e8me en Ligue des champions, il n&rsquo;y a pas beaucoup de clubs qui peuvent s&rsquo;en targuer<\/strong>. Le HBC Nantes disputera son 200e match europ\u00e9en cette saison et il est aujourd&rsquo;hui officiellement le 8\u00e8me club du continent, le premier fran\u00e7ais devant Montpellier (9e) et le Paris Saint-Germain (11e). <strong>Le fait de r\u00e9it\u00e9rer ces performances d&rsquo;ann\u00e9e en ann\u00e9e, cela reste quelque chose d&rsquo;assez unique dans le sport.<\/strong><\/p>\n<p>\u00a0<\/p>\n<blockquote><p>\n\u00ab\u00a0Gagner le championnat sur un match\u00a0\u00bb\n<\/p><\/blockquote>\n<p>\u00a0<\/p>\n<p>Le HBC Nantes reste le premier club en termes de spectateurs, tous sports de salles confondus en France. Le HBC Nantes jouera une nouvelle fois \u00e0 la XXL \u00e0 la Beaujoire, en d\u00e9cembre. Pour le reste, on ambitionne de gagner le titre.\u00a0\u00bb<\/p>\n<p>Ce sera dans le cadre d&rsquo;une nouvelle formule avec des playoffs que disputeront les quatre premiers de la saison r\u00e9guli\u00e8re et il y aura une finale \u00e0 Bercy.<\/p>\n<p>De quoi pimenter le printemps, annonce le pr\u00e9sident : \u00ab\u00a0Peut-\u00eatre qu&rsquo;en \u00e9v\u00e9nementialisant la fin du championnat, on aura un peu plus d&rsquo;int\u00e9r\u00eat des m\u00e9dias. C&rsquo;est la raison principale de ce changement. Pour le reste, <strong>cela fait trois saisons que le championnat se joue sur un match contre Paris, donc peut-\u00eatre que cette saison, ce sera le m\u00eame cas, je l&rsquo;esp\u00e8re, en finale<\/strong>\u00ab\u00a0.<\/p>\n<p>\u00a0<\/p>\n<blockquote><p>\nPlus le droit \u00e0 l&rsquo;erreur en Ligue des champions\n<\/p><\/blockquote>\n<p>\u00a0<\/p>\n<p>En Ligue des champions, termin\u00e9 les deux groupes de huit o\u00f9 les six premiers poursuivaient l&rsquo;aventure. Cette saison, place \u00e0 des groupes de quatre o\u00f9 il faudra terminer dans le top 2. \u00ab\u00a0La concomitance des changements entre la Champions League et le championnat, inverse un peu la donne, confie Ga\u00ebl Pelletier. L&rsquo;ann\u00e9e derni\u00e8re, on pouvait bien figurer en Ligue des champions en s&rsquo;autorisant une d\u00e9faite. Cette ann\u00e9e, on n&rsquo;aura pas le droit \u00e0 l&rsquo;erreur. A l&rsquo;inverse, on pourra s&rsquo;autoriser une d\u00e9faite en championnat, peut-\u00eatre deux, voire trois, sans que cela remette en cause l&rsquo;objectif d&rsquo;aller gagner le titre. <strong>Si \u00e0 un moment, il faudra faire un choix, il se portera plus sur la Champions League que sur le championnat.\u00a0\u00bb<\/strong><\/p>\n<p>Le d\u00e9but de la saison en championnat d\u00e9marre par Tremblay ce samedi, \u00e0 19h. De son c\u00f4t\u00e9, Cesson Rennes re\u00e7oit N\u00eemes, d\u00e8s ce vendredi soir.<\/p>\n","protected":false},"excerpt":{"rendered":"Le HBC Nantes lancera ce samedi 5 septembre 2026 sa saison de Starligue, \u00e0 Tremblay. Encore deuxi\u00e8me de&hellip;\n","protected":false},"author":2,"featured_media":1165382,"comment_status":"","ping_status":"","sticky":false,"template":"","format":"standard","meta":{"footnotes":"","_share_on_mastodon":"0"},"categories":[2818],"tags":[1111,11,13292,1438,1465,13293,3450,829,4356,2171,4357,3472,434,1777,674,9593,3337,3321,2257,1011,27,9518,848,1114,13289,2693,66,3047,1781,13291,13290,3729,766,12,9144,2636,3319,584,25,4937,3728,3272,60,3087,3165,2546],"class_list":["post-1165381","post","type-post","status-publish","format-standard","has-post-thumbnail","category-nantes","tag-actu","tag-actualites","tag-aeroport-notre-dame-des-landes","tag-angers","tag-basket","tag-bonnets-rouges","tag-brest","tag-bretagne","tag-coronavirus","tag-cotes-darmor","tag-covid-19","tag-dinan","tag-epidemie","tag-eu","tag-europe","tag-fcn","tag-festivals","tag-finistere","tag-foot","tag-fr","tag-france","tag-hand","tag-ille-et-vilaine","tag-infos","tag-la-roche-sur-yon","tag-laval","tag-ligue-1","tag-loire-atlantique","tag-lorient","tag-maine-et-loire","tag-mayenne","tag-morbihan","tag-nantes","tag-news","tag-ouest","tag-pays-de-la-loire","tag-quimper","tag-rennes","tag-republique-francaise","tag-saint-brieuc","tag-saint-malo","tag-saint-nazaire","tag-sports","tag-stade-rennais","tag-vannes","tag-vendee"],"share_on_mastodon":{"url":"","error":"Validation failed: Text character limit of 500 exceeded"},"_links":{"self":[{"href":"https:\/\/www.europesays.com\/fr\/wp-json\/wp\/v2\/posts\/1165381","targetHints":{"allow":["GET"]}}],"collection":[{"href":"https:\/\/www.europesays.com\/fr\/wp-json\/wp\/v2\/posts"}],"about":[{"href":"https:\/\/www.europesays.com\/fr\/wp-json\/wp\/v2\/types\/post"}],"author":[{"embeddable":true,"href":"https:\/\/www.europesays.com\/fr\/wp-json\/wp\/v2\/users\/2"}],"replies":[{"embeddable":true,"href":"https:\/\/www.europesays.com\/fr\/wp-json\/wp\/v2\/comments?post=1165381"}],"version-history":[{"count":0,"href":"https:\/\/www.europesays.com\/fr\/wp-json\/wp\/v2\/posts\/1165381\/revisions"}],"wp:featuredmedia":[{"embeddable":true,"href":"https:\/\/www.europesays.com\/fr\/wp-json\/wp\/v2\/media\/1165382"}],"wp:attachment":[{"href":"https:\/\/www.europesays.com\/fr\/wp-json\/wp\/v2\/media?parent=1165381"}],"wp:term":[{"taxonomy":"category","embeddable":true,"href":"https:\/\/www.europesays.com\/fr\/wp-json\/wp\/v2\/categories?post=1165381"},{"taxonomy":"post_tag","embeddable":true,"href":"https:\/\/www.europesays.com\/fr\/wp-json\/wp\/v2\/tags?post=1165381"}],"curies":[{"name":"wp","href":"https:\/\/api.w.org\/{rel}","templated":true}]}}