{"id":1165407,"date":"2026-09-03T19:09:21","date_gmt":"2026-09-03T19:09:21","guid":{"rendered":"https:\/\/www.europesays.com\/fr\/1165407\/"},"modified":"2026-09-03T19:09:21","modified_gmt":"2026-09-03T19:09:21","slug":"avec-celine-dion-et-le-pape-leon-xiv-a-paris-cette-ville-de-louest-parisien-voit-ses-recherches-exploser-de-429-sur-airbnb","status":"publish","type":"post","link":"https:\/\/www.europesays.com\/fr\/1165407\/","title":{"rendered":"Avec C\u00e9line Dion et le pape L\u00e9on XIV \u00e0 Paris, cette ville de l\u2019ouest parisien voit ses recherches exploser de 429% sur Airbnb"},"content":{"rendered":"<p class=\"dm_article-chapeau\">Au cours du mois de septembre, C\u00e9line Dion et le pape L\u00e9on XIV seront simultan\u00e9ment \u00e0 Paris. La venue de ces deux personnalit\u00e9s publiques majeures a entra\u00een\u00e9 une hausse spectaculaire des demandes d&rsquo;h\u00e9bergements, dans certaines communes d&rsquo;Ile-de-France, dont une en particulier.<\/p>\n<p>Ils provoquent un raz-de-mar\u00e9e. Alors que <a href=\"https:\/\/www.cnews.fr\/celine-dion\" target=\"_blank\" rel=\"nofollow noopener\">C\u00e9line Dion<\/a> a pr\u00e9vu seize dates de concert \u00e0 l&rsquo;automne 2026, \u00e0 Paris, le pape L\u00e9on XIV a \u00e9galement programm\u00e9 une visite au sein de la capitale, \u00e0 la fin du mois de septembre. De quoi provoquer une spectaculaire hausse des recherches d&rsquo;h\u00f4tels et de logements saisonniers Airbnbs, notamment dans certaines villes franciliennes.<\/p>\n<p>L&rsquo;Ouest parisien semble particuli\u00e8rement pris\u00e9 par les visiteurs, comme le montrent les statistiques d&rsquo;Airbnb consult\u00e9es par CNEWS. Neuilly-sur-Seine et Boulogne-Billancourt ont ainsi connu respectivement une augmentation de 172% et 128% des recherches les concernant. Puteaux (+88%), Clichy (+46%) sont aussi concern\u00e9s par cette demande en hausse.<\/p>\n<p>Mais la ville g\u00e9n\u00e9rant le plus d&rsquo;int\u00e9r\u00eat de la part des personnes de passage \u00e0 Paris est Courbevoie. Selon les statistiques, les recherches mentionnant Courbevoie ont explos\u00e9 de 429% \u00e0 la rentr\u00e9e. L&rsquo;attrait des touristes pour les Hauts-de-Seine s&rsquo;explique notamment par la proximit\u00e9 avec la Pl\u00e9nitude Arena (anciennement La D\u00e9fense Arena), o\u00f9 se produira C\u00e9line Dion.\u00a0<\/p>\n<p>\u00abLes chiffres montrent un ph\u00e9nom\u00e8ne particuli\u00e8rement marqu\u00e9 autour de la Plenitude Arena, o\u00f9 C\u00e9line Dion donnera 16 concerts entre le 12 septembre et le 17 octobre 2026. Apr\u00e8s l&rsquo;annonce de la r\u00e9sidence\u00bb, commente Airbnb. L&rsquo;\u00abeffet C\u00e9line Dion\u00bb est d&rsquo;autant plus palpable que 740 listes de favoris Airbnb intitul\u00e9es \u00abC\u00e9line Dion\u00bb ont \u00e9t\u00e9 cr\u00e9\u00e9es entre mars et juin 2026, \u00abdont 454 au seul mois d&rsquo;avril, au moment de l&rsquo;ouverture de la billetterie\u00bb, ajoute le g\u00e9ant de l&rsquo;h\u00e9bergement en ligne.<\/p>\n<p>A noter que le souverain pontife se montrera quant \u00e0 lui au Stade de France puis aux Champs Elys\u00e9es, \u00e9galement situ\u00e9s du c\u00f4t\u00e9 Ouest de la ville. Sur <a href=\"https:\/\/www.cnews.fr\/paris\" target=\"_blank\" rel=\"nofollow noopener\">Paris<\/a> m\u00eame, les augmentations constat\u00e9es des recherches ne sont que de 8%.<\/p>\n<p>Le constat est le m\u00eame pour les h\u00f4tels, qui ont connu un boost de 900% de leur nombre habituel de r\u00e9servations lors de l&rsquo;annonce des dates de concert de C\u00e9line Dion, en avril dernier. Pour eux, la ville de Nanterre (+900%) est l&rsquo;une des plus vis\u00e9es. Les dates les plus recherch\u00e9es sont, sans surprise, celles o\u00f9 les deux figures seront pr\u00e9sentes simultan\u00e9ment : les 25 et 26 septembre.<\/p>\n<p>Deux passages tr\u00e8s attendus<\/p>\n<p>D\u00e8s le 12 septembre prochain, C\u00e9line Dion, star internationale de la musique, lancera une s\u00e9rie de dates tr\u00e8s attendues \u00e0 Paris. Elle donnera seize concerts en \u00e0 peine plus d&rsquo;un mois. La pr\u00e9sence de la musicienne canadienne est extraordinaire : elle n&rsquo;a plus donn\u00e9 de prestation publique depuis juillet 2024 et la c\u00e9r\u00e9monie d&rsquo;ouverture des Jeux olympiques. Pour trouver trace d&rsquo;un concert \u00e0 Paris, il faut m\u00eame remonter \u00e0 2017.<\/p>\n<p>En septembre, une autre visite historique a \u00e9t\u00e9 annonc\u00e9e depuis plusieurs semaines : celle du pape L\u00e9on XIV. Ce-dernier honorera ainsi les deux invitations re\u00e7ues de la part de l\u2019archev\u00eaque de Paris, Mgr Laurent Ulrich, et du directeur g\u00e9n\u00e9ral de l\u2019Unesco. Il s&rsquo;agit l\u00e0 encore d&rsquo;un moment d&rsquo;Histoire, le dernier passage d&rsquo;un pape \u00e0 Paris remontant au 21 ao\u00fbt 1997,\u00a0\u00e0 l&rsquo;occasion des Journ\u00e9es mondiales de la jeunesse auxquelles Jean-Paul II a assist\u00e9.<\/p>\n","protected":false},"excerpt":{"rendered":"Au cours du mois de septembre, C\u00e9line Dion et le pape L\u00e9on XIV seront simultan\u00e9ment \u00e0 Paris. La&hellip;\n","protected":false},"author":2,"featured_media":1165408,"comment_status":"","ping_status":"","sticky":false,"template":"","format":"standard","meta":{"footnotes":"","_share_on_mastodon":"0"},"categories":[1888],"tags":[11,7345,37830,1777,674,1011,27,60790,12,12672,626,25,602],"class_list":["post-1165407","post","type-post","status-publish","format-standard","has-post-thumbnail","category-paris","tag-actualites","tag-airbnb","tag-cu00e9line-dion","tag-eu","tag-europe","tag-fr","tag-france","tag-lu00e9on-xiv","tag-news","tag-pape","tag-paris","tag-republique-francaise","tag-tourisme"],"share_on_mastodon":{"url":"https:\/\/pubeurope.com\/@fr\/117208689415636661","error":""},"_links":{"self":[{"href":"https:\/\/www.europesays.com\/fr\/wp-json\/wp\/v2\/posts\/1165407","targetHints":{"allow":["GET"]}}],"collection":[{"href":"https:\/\/www.europesays.com\/fr\/wp-json\/wp\/v2\/posts"}],"about":[{"href":"https:\/\/www.europesays.com\/fr\/wp-json\/wp\/v2\/types\/post"}],"author":[{"embeddable":true,"href":"https:\/\/www.europesays.com\/fr\/wp-json\/wp\/v2\/users\/2"}],"replies":[{"embeddable":true,"href":"https:\/\/www.europesays.com\/fr\/wp-json\/wp\/v2\/comments?post=1165407"}],"version-history":[{"count":0,"href":"https:\/\/www.europesays.com\/fr\/wp-json\/wp\/v2\/posts\/1165407\/revisions"}],"wp:featuredmedia":[{"embeddable":true,"href":"https:\/\/www.europesays.com\/fr\/wp-json\/wp\/v2\/media\/1165408"}],"wp:attachment":[{"href":"https:\/\/www.europesays.com\/fr\/wp-json\/wp\/v2\/media?parent=1165407"}],"wp:term":[{"taxonomy":"category","embeddable":true,"href":"https:\/\/www.europesays.com\/fr\/wp-json\/wp\/v2\/categories?post=1165407"},{"taxonomy":"post_tag","embeddable":true,"href":"https:\/\/www.europesays.com\/fr\/wp-json\/wp\/v2\/tags?post=1165407"}],"curies":[{"name":"wp","href":"https:\/\/api.w.org\/{rel}","templated":true}]}}