{"id":1165412,"date":"2026-09-03T19:12:23","date_gmt":"2026-09-03T19:12:23","guid":{"rendered":"https:\/\/www.europesays.com\/fr\/1165412\/"},"modified":"2026-09-03T19:12:23","modified_gmt":"2026-09-03T19:12:23","slug":"guerre-en-ukraine-zelensky-espere-une-visite-des-emissaires-americains-a-kiev-dans-les-prochains-jours","status":"publish","type":"post","link":"https:\/\/www.europesays.com\/fr\/1165412\/","title":{"rendered":"Guerre en Ukraine : Zelensky esp\u00e8re une visite des \u00e9missaires am\u00e9ricains \u00e0 Kiev \u00abdans les prochains jours\u00bb"},"content":{"rendered":"<p>\n    Le pr\u00e9sident ukrainien a affirm\u00e9 dans son allocution quotidienne que des \u00abdates pr\u00e9liminaires\u00bb de cette rencontre avaient \u00e9t\u00e9 d\u00e9finies, sans les d\u00e9voiler.<\/p>\n<p class=\"fig-paragraph\">Le pr\u00e9sident ukrainien\u00a0<a href=\"http:\/\/www.lefigaro.fr\/international\/guerre-en-ukraine-vladimir-poutine-qualifie-de-terroriste-la-mise-en-garde-de-volodymyr-zelensky-concernant-la-securite-de-l-espace-aerien-russe-20260902\" data-fig-type=\"NewsFlash\" data-gtm-custom-categorie=\"navigation\" data-gtm-custom-action=\"crossclick\" data-gtm-custom-label=\"Contextuel\" data-gtm-event=\"customEventSPE\" data-fig-domain=\"LEFIGARO\" rel=\"nofollow noopener\" target=\"_blank\">Volodymyr Zelensky<\/a>\u00a0a dit jeudi esp\u00e9rer une visite \u00e0\u00a0<a href=\"http:\/\/www.lefigaro.fr\/international\/ukraine-fusillade-a-kiev-entre-le-sbu-et-le-gur-zelensky-denonce-un-incident-absolument-honteux-entre-services-de-renseignement-rivaux-20260903\" data-fig-type=\"NewsFlash\" data-gtm-custom-categorie=\"navigation\" data-gtm-custom-action=\"crossclick\" data-gtm-custom-label=\"Contextuel\" data-gtm-event=\"customEventSPE\" data-fig-domain=\"LEFIGARO\" rel=\"nofollow noopener\" target=\"_blank\">Kiev<\/a>\u00a0des \u00e9missaires de Donald Trump dans les \u00abprochains jours\u00bb dans le cadre des efforts de m\u00e9diation am\u00e9ricains pour trouver une issue \u00e0 la guerre. \u00abNous attendons la venue \u00e0 Kiev des \u00e9missaires du pr\u00e9sident am\u00e9ricain. Nous avons re\u00e7u une confirmation de leur part\u00a0: ils tiendront des r\u00e9unions \u00e0 Moscou et \u00e0 Kiev. Nous comptons sur une rencontre dans les prochains jours\u00bb, a d\u00e9clar\u00e9 M. Zelensky dans son allocution quotidienne. Il a affirm\u00e9 que des \u00abdates pr\u00e9liminaires\u00bb de cette rencontre avaient \u00e9t\u00e9 d\u00e9finies, sans les d\u00e9voiler.<\/p>\n<p class=\"fig-paragraph\">\u00abC&rsquo;est tr\u00e8s important. Il est important que l&rsquo;Am\u00e9rique reste active\u00bb dans ce travail diplomatique, a ajout\u00e9 M. Zelensky. Fin juillet, le pr\u00e9sident ukrainien s&rsquo;\u00e9tait entretenu par t\u00e9l\u00e9phone avec les \u00e9missaires de Donald Trump &#8211; Steve Witkoff et Jared Kushner &#8211; afin de \u00abredynamiser la diplomatie\u00bb. Si elle se confirme, il s&rsquo;agirait de la premi\u00e8re visite \u00e0 Kiev de MM. Witkoff et Kushner depuis le retour de Donald Trump \u00e0 la Maison-Blanche et le lancement par son administration de pourparlers pour tenter de trouver une issue au conflit.<\/p>\n<p>                                            <a class=\"fig-a11y-skip\" href=\"#fig-a11y-skip-main-inarticle\" is=\"fig-a11y-skip\" data-trigger-mode=\"visible-once\"><br \/>\n    Passer la publicit\u00e9<br \/>\n<\/a>            <\/p>\n<p class=\"fig-paragraph\">Steve Witkoff et Jared Kushner se sont d\u00e9j\u00e0 rendus \u00e0 plusieurs reprises \u00e0 Moscou dans ce cadre de ces n\u00e9gociations. Mais ces efforts pour arr\u00eater la guerre d\u00e9clench\u00e9e par l&rsquo;invasion russe de 2022 n&rsquo;ont pas permis pour l&rsquo;heure de perc\u00e9e diplomatique. Ils sont par ailleurs pass\u00e9s au second plan de l&rsquo;agenda de Washington depuis l&rsquo;\u00e9clatement, en f\u00e9vrier, de la guerre au Moyen-Orient.<\/p>\n","protected":false},"excerpt":{"rendered":"Le pr\u00e9sident ukrainien a affirm\u00e9 dans son allocution quotidienne que des \u00abdates pr\u00e9liminaires\u00bb de cette rencontre avaient \u00e9t\u00e9&hellip;\n","protected":false},"author":2,"featured_media":1165413,"comment_status":"","ping_status":"","sticky":false,"template":"","format":"standard","meta":{"footnotes":"","_share_on_mastodon":"0"},"categories":[1590],"tags":[11,1777,674,131,12,220,134],"class_list":["post-1165412","post","type-post","status-publish","format-standard","has-post-thumbnail","category-ukraine","tag-actualites","tag-eu","tag-europe","tag-guerre-en-ukraine","tag-news","tag-ukraine","tag-volodymyr-zelensky"],"share_on_mastodon":{"url":"https:\/\/pubeurope.com\/@fr\/117208701145267546","error":""},"_links":{"self":[{"href":"https:\/\/www.europesays.com\/fr\/wp-json\/wp\/v2\/posts\/1165412","targetHints":{"allow":["GET"]}}],"collection":[{"href":"https:\/\/www.europesays.com\/fr\/wp-json\/wp\/v2\/posts"}],"about":[{"href":"https:\/\/www.europesays.com\/fr\/wp-json\/wp\/v2\/types\/post"}],"author":[{"embeddable":true,"href":"https:\/\/www.europesays.com\/fr\/wp-json\/wp\/v2\/users\/2"}],"replies":[{"embeddable":true,"href":"https:\/\/www.europesays.com\/fr\/wp-json\/wp\/v2\/comments?post=1165412"}],"version-history":[{"count":0,"href":"https:\/\/www.europesays.com\/fr\/wp-json\/wp\/v2\/posts\/1165412\/revisions"}],"wp:featuredmedia":[{"embeddable":true,"href":"https:\/\/www.europesays.com\/fr\/wp-json\/wp\/v2\/media\/1165413"}],"wp:attachment":[{"href":"https:\/\/www.europesays.com\/fr\/wp-json\/wp\/v2\/media?parent=1165412"}],"wp:term":[{"taxonomy":"category","embeddable":true,"href":"https:\/\/www.europesays.com\/fr\/wp-json\/wp\/v2\/categories?post=1165412"},{"taxonomy":"post_tag","embeddable":true,"href":"https:\/\/www.europesays.com\/fr\/wp-json\/wp\/v2\/tags?post=1165412"}],"curies":[{"name":"wp","href":"https:\/\/api.w.org\/{rel}","templated":true}]}}