{"id":1165423,"date":"2026-09-03T19:20:17","date_gmt":"2026-09-03T19:20:17","guid":{"rendered":"https:\/\/www.europesays.com\/fr\/1165423\/"},"modified":"2026-09-03T19:20:17","modified_gmt":"2026-09-03T19:20:17","slug":"le-comite-executif-de-la-fff-refuse-la-reintegration-des-girondins-de-bordeaux-en-n2-lequipe","status":"publish","type":"post","link":"https:\/\/www.europesays.com\/fr\/1165423\/","title":{"rendered":"Le Comit\u00e9 ex\u00e9cutif de la FFF refuse la r\u00e9int\u00e9gration des Girondins de Bordeaux en N2 &#8211; L&#039;\u00c9quipe"},"content":{"rendered":"<ol>\n<li><a href=\"https:\/\/news.google.com\/rss\/articles\/CBMi0AFBVV95cUxOT3ZTMmotNk5nbS1pQWNmb3Z1ZFRPVnRkYW0xVGVhNVJOLWZ5cnZXM1B2cEpUc0FIR19wVzJLNDhBN0FwaW1tbmM5VzBoSWNmU0JyeXZicEpGQWN1Z09UQWF5T2RHT250Uzc2U09HaUtrMjlJU19xeUMyUU9pYXNJQVdCaXJvNlN4U3FzRTFPd1htc3NETHF3UVFtc0ZrY3VibGZxWlVFUkFXdHVlRWtWOGplSVdDVzhRb01STEhYTTloT3BfeGl3WDBQSDRwLWcw?oc=5\" target=\"_blank\" rel=\"nofollow noopener\">Le Comit\u00e9 ex\u00e9cutif de la FFF refuse la r\u00e9int\u00e9gration des Girondins de Bordeaux en N2<\/a>&nbsp;&nbsp;L&rsquo;\u00c9quipe<\/li>\n<li><a href=\"https:\/\/news.google.com\/rss\/articles\/CBMipAJBVV95cUxQUGt1eTc3aTlOLUpzM09PMlc1aEcwOUdBcXhZRlVNTUVBdml1S3NLcktHbXFPc3k5dk5uTlVtUVRlTzMyMnBxay1VZ1NwYkxZQWUzcE4xeGk3bHl5aXRpdkg1Mzk2U0QwUklmTGVoQXIwUC0tZ3llN1BwS1RRaUVtMmZ0ZmNyQ1JpZkpMUDVXdHpYeGlSTkI0bGdqUUlvMHlEbHdXbXdWVTctaGFhTTlZTG8xdk1aU193RC05enhId1hSLUdXYlZfRmZad01jN1MzUDVxTzN0U3NHUWJWWkM0UG1uZHhSY19aUWpWYkhyWHhHbDNMYUp6ZnNKODNIYTFzMVVkZkVsNWxoT2FfbDBqS1A0V3ZORWZyczlLa1RPcjhIUExJ?oc=5\" target=\"_blank\" rel=\"nofollow noopener\">Girondins de Bordeaux. Le Comex de la FFF refuse l\u2019int\u00e9gration en National 2, le club plus proche que jamais de la liquidation<\/a>&nbsp;&nbsp;Sud Ouest<\/li>\n<li><a href=\"https:\/\/news.google.com\/rss\/articles\/CBMi_gFBVV95cUxQX3VLSU1HQXk3M1VXVFN1OXc4SUxNdkxES2E0d3NtVHdiNkNEelN2RzBvMzk2ejRXMWo2VXRsY1cxa2Z0UGlPbVJTbjh5VEZBSHl2emNmRDRsbmJrOUFyN2Z2em5CYk1hMzBNVW4yQlJsbjQ5ZFF5YkVuSXVqMi1VbGwxUlZPUnA2MmR5UmZnenBRNjAxeVZkUVh3Uml3OUc2d0Zqc0ZmUmhDRS15aGtOaXd6SlFzSU9aQUFqdDV0dDV3QmduekUtTkxsSURHOGhFYkRxOXJ4VUtjWkxZbDl3TFJ2Qzg4aVZLS01kN0N4Zk85UUZ6R1NfX0xqbXNvZw?oc=5\" target=\"_blank\" rel=\"nofollow noopener\">\u00ab\u00a0Le club est scandalis\u00e9\u00a0\u00bb: la col\u00e8re des Girondins contre la FFF apr\u00e8s le refus de r\u00e9int\u00e9grer Bordeaux en National 2<\/a>&nbsp;&nbsp;RMC Sport<\/li>\n<li><a href=\"https:\/\/news.google.com\/rss\/articles\/CBMi4gFBVV95cUxPQ01uLUFsSElXYWRNZW5mT3RVQzZDMno2TE1TV2RGNVJyWW5kMGNFZTNlZDYzQjRVUFo2cV8yVWhHTk5manlhSVNzWGVmdE5oQVpEdWR5bGhUQjRXb0xNeVhGc1p6NlRjZENWOW1FRm42ek96Zlcza0hxVkdHY21jeGJTM0FSQVlxZnN3UDMzRkNUVkhxeFRTdHljeUFfaElZWVZNQ2R3bHlvcW9jcDc0MlBRSjVWR1JNcDRiTVZMUUotdmk1T2JGbWFSdTV0RjQ0ZWFjZkdQS1lTeGowNnpTSFV3?oc=5\" target=\"_blank\" rel=\"nofollow noopener\">La FFF refuse l&rsquo;int\u00e9gration en National 2 des Girondins de Bordeaux qui restent en r\u00e9gional<\/a>&nbsp;&nbsp;Eurosport<\/li>\n<li><a href=\"https:\/\/news.google.com\/rss\/articles\/CBMi4gFBVV95cUxNVDVsYmgzVzI4ODRfdmRfWnhQNFUweG5hV2tuVnN3c0NQLTJXemJpX3hweVo5R1NTVndVNFdzdXZ1ekxIaGNmOVRlSk9zMzFmY3ZNckdFbnVlVkgzdlI1aEFjalpiS1JjT25kdlZrZFRRcUxqdlVuZ0VmUFpCdEpuU3ZPSWJoc3F6cXV5SnhLT01NRlhKRVZVOEhIVjUxUHdUREIyVW9GR2RGVUdMbmtLSktLRDczSE5id1VfY2VfdlhTWGwzcEpublNVR3VmUHFpVXJZMm1SZ2ZQQmd6WXptTHB3?oc=5\" target=\"_blank\" rel=\"nofollow noopener\">Bordeaux : le Comex de la FFF refuse de rep\u00eacher les Girondins, le club vers la liquidation judiciaire<\/a>&nbsp;&nbsp;Foot Mercato<\/li>\n<\/ol>\n","protected":false},"excerpt":{"rendered":"Le Comit\u00e9 ex\u00e9cutif de la FFF refuse la r\u00e9int\u00e9gration des Girondins de Bordeaux en N2&nbsp;&nbsp;L&rsquo;\u00c9quipe Girondins de Bordeaux.&hellip;\n","protected":false},"author":2,"featured_media":1165424,"comment_status":"","ping_status":"","sticky":false,"template":"","format":"standard","meta":{"footnotes":"","_share_on_mastodon":"0"},"categories":[2],"tags":[11,86760,86849,1997,85,63,1011,27,66,12,25],"class_list":["post-1165423","post","type-post","status-publish","format-standard","has-post-thumbnail","category-actualites","tag-actualites","tag-actus-et-infos","tag-arnaud-hermant","tag-bordeaux","tag-fff","tag-football","tag-fr","tag-france","tag-ligue-1","tag-news","tag-republique-francaise"],"share_on_mastodon":{"url":"https:\/\/pubeurope.com\/@fr\/117208732681469398","error":""},"_links":{"self":[{"href":"https:\/\/www.europesays.com\/fr\/wp-json\/wp\/v2\/posts\/1165423","targetHints":{"allow":["GET"]}}],"collection":[{"href":"https:\/\/www.europesays.com\/fr\/wp-json\/wp\/v2\/posts"}],"about":[{"href":"https:\/\/www.europesays.com\/fr\/wp-json\/wp\/v2\/types\/post"}],"author":[{"embeddable":true,"href":"https:\/\/www.europesays.com\/fr\/wp-json\/wp\/v2\/users\/2"}],"replies":[{"embeddable":true,"href":"https:\/\/www.europesays.com\/fr\/wp-json\/wp\/v2\/comments?post=1165423"}],"version-history":[{"count":0,"href":"https:\/\/www.europesays.com\/fr\/wp-json\/wp\/v2\/posts\/1165423\/revisions"}],"wp:featuredmedia":[{"embeddable":true,"href":"https:\/\/www.europesays.com\/fr\/wp-json\/wp\/v2\/media\/1165424"}],"wp:attachment":[{"href":"https:\/\/www.europesays.com\/fr\/wp-json\/wp\/v2\/media?parent=1165423"}],"wp:term":[{"taxonomy":"category","embeddable":true,"href":"https:\/\/www.europesays.com\/fr\/wp-json\/wp\/v2\/categories?post=1165423"},{"taxonomy":"post_tag","embeddable":true,"href":"https:\/\/www.europesays.com\/fr\/wp-json\/wp\/v2\/tags?post=1165423"}],"curies":[{"name":"wp","href":"https:\/\/api.w.org\/{rel}","templated":true}]}}