{"id":1165429,"date":"2026-09-03T19:23:17","date_gmt":"2026-09-03T19:23:17","guid":{"rendered":"https:\/\/www.europesays.com\/fr\/1165429\/"},"modified":"2026-09-03T19:23:17","modified_gmt":"2026-09-03T19:23:17","slug":"omega-european-masters-de-crans-montana-des-milliardaires-ont-voulu-acheter-notre-sport-le-nouvelliste","status":"publish","type":"post","link":"https:\/\/www.europesays.com\/fr\/1165429\/","title":{"rendered":"Omega European Masters de Crans-Montana: \u00abDes milliardaires ont voulu acheter notre sport\u00bb &#8211; Le Nouvelliste"},"content":{"rendered":"<ol>\n<li><a href=\"https:\/\/news.google.com\/rss\/articles\/CBMihwJBVV95cUxPQkNhd2ZnRWUtU2ZYTkp2N1AwckFmZ0xab0Z1U2ZvUnVkTmx2NWJoZDdHOTZyM0JPSkFxeDh0MUYtckh0YldHRzNjc3ZKdGk0c2FNWEJTYTZDcjB2djF2akl6M1ZEYnIxLVZxc05PZXB3MGw2SFlXcjB5SWxxQnpNMkNMazU2d2pKVUcxZGZDZEVIbGY5aDZvYUNQcnNwQjBFUVdSd0daTlhrbmd0MlBNcm45TjdCWG15X0dVQmlWd3BCcXVlWUJkRmFfVDc3OVRaemxHYlB1M1NNUGhOOTFldnVRWnlwdmJGMWlHcVV5dThjYkRaMmplMFI1b1dzU2YwenJ2MG9DZw?oc=5\" target=\"_blank\" rel=\"nofollow noopener\">Omega European Masters de Crans-Montana: \u00abDes milliardaires ont voulu acheter notre sport\u00bb<\/a>&nbsp;&nbsp;Le Nouvelliste<\/li>\n<li><a href=\"https:\/\/news.google.com\/rss\/articles\/CBMiowFBVV95cUxQZElDRE5HSjZzZTZHSHZ0YkcxMUZHLUlpbGFiN3ZNTk1Hb2FtSDk2T25BZ3FvNHdwNy1XRUtwOF8zYTZUaGFEUnA5LUxRenkxRkUtUU50TE5tNThDWWItMENZRFhrYWk3YnZxRU5mSjR1M0k4OVZ0Skh4QWZfczJNOUo4VENmb2F6LWlSaDZLZm1pQXJjY1p3cURuaEw3VExoR2RJ?oc=5\" target=\"_blank\" rel=\"nofollow noopener\">Golf professionnel : L&rsquo;actu du 31 ao\u00fbt au 6 septembre<\/a>&nbsp;&nbsp;F\u00e9d\u00e9ration Fran\u00e7aise de Golf<\/li>\n<li><a href=\"https:\/\/news.google.com\/rss\/articles\/CBMikAJBVV95cUxON1UwaGJKTUJuVVVQcDkwdU9uTlJ5dTcwcm1mSk9LejBSNVA2T1JmNjR4WE1CSlhkbjBvaUV3cDgxYlMxSlhCOEJfWHhBVFlMU0plY3BHekZFUkpqY2F4c3R2UmE2MThXNVZyZnB4eXU0dkJ0OFNxZG1CM2VjTExwX0dzLTNBWEFfQXNjR1ZUM2t6S0Q2d29DZzRIcnR3cUNqZVdmTkc1QS1KdzZLcEY0Y3FfckhsbDlidmNKUFp4NVJZVlRCWDFzR3BxVm5HaHQ1OGJsZEFmZkN3WjFHRGJjQVoyTlRkUjlPMmlRNklHeElUM1lUUkFBTHBBS1h1VDBKQ2ZKS2xEUFN2cU11Rk9tWQ?oc=5\" target=\"_blank\" rel=\"nofollow noopener\">Golf. Omega European Masters: Treize Bleus dans les Alpes, six plut\u00f4t sereins, sept sous-pression<\/a>&nbsp;&nbsp;Ouest-France<\/li>\n<li><a href=\"https:\/\/news.google.com\/rss\/articles\/CBMimgFBVV95cUxQQUtaZERVTUtCTmlPT1N0d2NCLXAxMEdvMF9Sa2JhWVBNX25mVGVoamtPSUxLUXI0a2x5Q1h0OU16cEpfSjN4dWhpTlpOUVN3cGVDU1d4UnlwbjRPZ1NXTUxISm9HV2w3Ym5ybFV0RGJvOGhaZll3YVBkZlY4aV9aUEVscG9ZbG5JQ1JvdFEzdUZZV0xJa1EtMmJR?oc=5\" target=\"_blank\" rel=\"nofollow noopener\">Quentin Debove poursuit sa d\u00e9couverte du DP World Tour<\/a>&nbsp;&nbsp;Golf Plan\u00e8te<\/li>\n<li><a href=\"https:\/\/news.google.com\/rss\/articles\/CBMilgFBVV95cUxPNW5MeGlieHFHTzlDdUJobks0T0pzcUlUWWZDY1ZkWDVBckZlbGFVY2dsUkRObm9MdnJiT2llY1p6d0JwN2hzd1BTMEhtZG1aNWJKdnVJeVpOd2dzSjlzQjlUc21sSTkxN1pJclJZOEQ3RXpscUVGeTJQbHFmLUZ0Y0k5c1dQNFBZS19tVXQwQmY0ZVpCOVE?oc=5\" target=\"_blank\" rel=\"nofollow noopener\">Golf: un amateur suisse se distingue \u00e0 Crans-Montana<\/a>&nbsp;&nbsp;20 Minuten<\/li>\n<\/ol>\n","protected":false},"excerpt":{"rendered":"Omega European Masters de Crans-Montana: \u00abDes milliardaires ont voulu acheter notre sport\u00bb&nbsp;&nbsp;Le Nouvelliste Golf professionnel : L&rsquo;actu du&hellip;\n","protected":false},"author":2,"featured_media":1165430,"comment_status":"","ping_status":"","sticky":false,"template":"","format":"standard","meta":{"footnotes":"","_share_on_mastodon":"0"},"categories":[1418],"tags":[43885,1011,27,1472,46953,517,60,16804],"class_list":["post-1165429","post","type-post","status-publish","format-standard","has-post-thumbnail","category-golf","tag-crans-montana","tag-fr","tag-france","tag-golf","tag-me-donner-du-contexte","tag-sport","tag-sports","tag-sujet-dinitiative"],"share_on_mastodon":{"url":"https:\/\/pubeurope.com\/@fr\/117208744227561932","error":""},"_links":{"self":[{"href":"https:\/\/www.europesays.com\/fr\/wp-json\/wp\/v2\/posts\/1165429","targetHints":{"allow":["GET"]}}],"collection":[{"href":"https:\/\/www.europesays.com\/fr\/wp-json\/wp\/v2\/posts"}],"about":[{"href":"https:\/\/www.europesays.com\/fr\/wp-json\/wp\/v2\/types\/post"}],"author":[{"embeddable":true,"href":"https:\/\/www.europesays.com\/fr\/wp-json\/wp\/v2\/users\/2"}],"replies":[{"embeddable":true,"href":"https:\/\/www.europesays.com\/fr\/wp-json\/wp\/v2\/comments?post=1165429"}],"version-history":[{"count":0,"href":"https:\/\/www.europesays.com\/fr\/wp-json\/wp\/v2\/posts\/1165429\/revisions"}],"wp:featuredmedia":[{"embeddable":true,"href":"https:\/\/www.europesays.com\/fr\/wp-json\/wp\/v2\/media\/1165430"}],"wp:attachment":[{"href":"https:\/\/www.europesays.com\/fr\/wp-json\/wp\/v2\/media?parent=1165429"}],"wp:term":[{"taxonomy":"category","embeddable":true,"href":"https:\/\/www.europesays.com\/fr\/wp-json\/wp\/v2\/categories?post=1165429"},{"taxonomy":"post_tag","embeddable":true,"href":"https:\/\/www.europesays.com\/fr\/wp-json\/wp\/v2\/tags?post=1165429"}],"curies":[{"name":"wp","href":"https:\/\/api.w.org\/{rel}","templated":true}]}}