{"id":116543,"date":"2025-05-21T09:44:08","date_gmt":"2025-05-21T09:44:08","guid":{"rendered":"https:\/\/www.europesays.com\/fr\/116543\/"},"modified":"2025-05-21T09:44:08","modified_gmt":"2025-05-21T09:44:08","slug":"marseille-le-trafic-totalement-interrompu-sur-cette-ligne-de-la-rtm-voici-ce-quil-se-passe","status":"publish","type":"post","link":"https:\/\/www.europesays.com\/fr\/116543\/","title":{"rendered":"Marseille. Le trafic totalement interrompu sur cette ligne de la RTM, voici ce qu\u2019il se passe"},"content":{"rendered":"<p>            Par<br \/>\n        <strong><br \/>\n            <a href=\"https:\/\/actu.fr\/auteur\/thibault-nadal-actu-fr\" title=\"Consulter tous les articles de Thibault Nadal\" rel=\"nofollow noopener\" target=\"_blank\">Thibault Nadal<\/a><br \/>\n        <\/strong><\/p>\n<p>        Publi\u00e9 le<\/p>\n<p>            21 mai 2025 \u00e0 11h30<br \/>\n        ; mis \u00e0 jour le 21 mai 2025 \u00e0 11h38    <\/p>\n<p>Fin de matin\u00e9e difficile pour les voyageurs. Ce mercredi 21\u00a0mai 2025, la ligne 3 du tramway est totalement interrompue \u00e0 <a href=\"https:\/\/actu.fr\/marseille\/\" rel=\"nofollow noopener\" target=\"_blank\">Marseille<\/a> en raison d\u2019une \u00ab\u2009manifestation dans le secteur Castellane\u2009\u00bb, pr\u00e9cise <a href=\"https:\/\/actu.fr\/tag\/rtm\" rel=\"nofollow noopener\" target=\"_blank\">la RTM<\/a> sur <a href=\"https:\/\/www.rtm.fr\/plan\/ligne-T3?nt=RTM\" rel=\"nofollow noopener\" target=\"_blank\">son site<\/a>.<\/p>\n<p class=\" wall-content\">\n<p>Plusieurs lignes de bus perturb\u00e9s<\/p>\n<p class=\" wall-content\">Depuis 11h environ, ce sont l\u2019ensemble des stations du T3 qui ne sont pas desservies. Si l\u2019information n\u2019a pour le moment pas pu \u00eatre confirm\u00e9e, c\u2019est sur la\u00a0place du 6e arrondissement de Marseille que se tient <a href=\"https:\/\/actu.fr\/provence-alpes-cote-d-azur\/marseille_13055\/marseille-nouvelle-journee-de-mobilisation-des-taxis-a-quoi-faut-il-s-attendre_62665581.html\" rel=\"nofollow noopener\" target=\"_blank\">la mobilisation des taxis depuis le d\u00e9but de la semaine<\/a>.<\/p>\n<p class=\" wall-content\">La R\u00e9gie des transports m\u00e9tropolitains indique \u00e9galement que deux lignes de bus sont perturb\u00e9es\u2009:<\/p>\n<ul class=\" wall-content\">\n<li>Bus 54\u2009: service de navettes entre Catalans et crs Pierre Puget.<\/li>\n<li>Bus 81\u2009: service de navettes entre M\u00e9tro St Just et M\u00e9tro 5 Avenues et entre Pharo et crs Pierre Puget.<\/li>\n<\/ul>\n<p class=\" wall-content\">Aucune heure de reprise du trafic n\u2019a pour le moment \u00e9t\u00e9 annonc\u00e9e.<\/p>\n<p>Vid\u00e9os : en ce moment sur Actu<\/p>\n<p class=\" wall-content\">Suivez toute l\u2019actualit\u00e9 de vos villes et m\u00e9dias favoris en vous inscrivant \u00e0 <a href=\"https:\/\/moncompte.actu.fr\" title=\"D\u00e9couvez Mon Actu\" rel=\"nofollow noopener\" data-trk=\"{&quot;cta&quot;:{&quot;action&quot;:&quot;https:\\\/\\\/moncompte.actu.fr&quot;,&quot;category&quot;:&quot;mon compte&quot;,&quot;from&quot;:&quot;article footer&quot;,&quot;name&quot;:&quot;Mon actu&quot;,&quot;type&quot;:&quot;cta&quot;}}\" target=\"_blank\">Mon Actu<\/a>.<\/p>\n","protected":false},"excerpt":{"rendered":"Par Thibault Nadal Publi\u00e9 le 21 mai 2025 \u00e0 11h30 ; mis \u00e0 jour le 21 mai 2025&hellip;\n","protected":false},"author":2,"featured_media":116544,"comment_status":"","ping_status":"","sticky":false,"template":"","format":"standard","meta":{"footnotes":""},"categories":[2814],"tags":[1111,11,1777,674,1011,27,1272,884,12,882,25,10783,104,2803],"class_list":{"0":"post-116543","1":"post","2":"type-post","3":"status-publish","4":"format-standard","5":"has-post-thumbnail","7":"category-marseille","8":"tag-actu","9":"tag-actualites","10":"tag-eu","11":"tag-europe","12":"tag-fr","13":"tag-france","14":"tag-manifestations","15":"tag-marseille","16":"tag-news","17":"tag-provence-alpes-cote-dazur","18":"tag-republique-francaise","19":"tag-rtm","20":"tag-societe","21":"tag-transport"},"share_on_mastodon":{"url":"https:\/\/pubeurope.com\/@fr\/114545181552610001","error":""},"_links":{"self":[{"href":"https:\/\/www.europesays.com\/fr\/wp-json\/wp\/v2\/posts\/116543","targetHints":{"allow":["GET"]}}],"collection":[{"href":"https:\/\/www.europesays.com\/fr\/wp-json\/wp\/v2\/posts"}],"about":[{"href":"https:\/\/www.europesays.com\/fr\/wp-json\/wp\/v2\/types\/post"}],"author":[{"embeddable":true,"href":"https:\/\/www.europesays.com\/fr\/wp-json\/wp\/v2\/users\/2"}],"replies":[{"embeddable":true,"href":"https:\/\/www.europesays.com\/fr\/wp-json\/wp\/v2\/comments?post=116543"}],"version-history":[{"count":0,"href":"https:\/\/www.europesays.com\/fr\/wp-json\/wp\/v2\/posts\/116543\/revisions"}],"wp:featuredmedia":[{"embeddable":true,"href":"https:\/\/www.europesays.com\/fr\/wp-json\/wp\/v2\/media\/116544"}],"wp:attachment":[{"href":"https:\/\/www.europesays.com\/fr\/wp-json\/wp\/v2\/media?parent=116543"}],"wp:term":[{"taxonomy":"category","embeddable":true,"href":"https:\/\/www.europesays.com\/fr\/wp-json\/wp\/v2\/categories?post=116543"},{"taxonomy":"post_tag","embeddable":true,"href":"https:\/\/www.europesays.com\/fr\/wp-json\/wp\/v2\/tags?post=116543"}],"curies":[{"name":"wp","href":"https:\/\/api.w.org\/{rel}","templated":true}]}}