{"id":1165437,"date":"2026-09-03T19:31:14","date_gmt":"2026-09-03T19:31:14","guid":{"rendered":"https:\/\/www.europesays.com\/fr\/1165437\/"},"modified":"2026-09-03T19:31:14","modified_gmt":"2026-09-03T19:31:14","slug":"deux-premieres-recrues-pour-sable-sarthe-cyclisme-actualite","status":"publish","type":"post","link":"https:\/\/www.europesays.com\/fr\/1165437\/","title":{"rendered":"Deux premi\u00e8res recrues pour Sabl\u00e9 Sarthe Cyclisme &#8211; Actualit\u00e9"},"content":{"rendered":"<p dir=\"ltr\">La N3 de <strong><a href=\"https:\/\/www.directvelo.com\/equipe\/62\/sable-sarthe-cyclisme\" target=\"_blank\" rel=\"noopener nofollow\">Sabl\u00e9 Sarthe Cyclisme<\/a><\/strong> compte deux premi\u00e8res recrues pour la saison 2027. Il s\u2019agit de Cl\u00e9ment Chavanel (Creuse Oxyg\u00e8ne Gu\u00e9ret) et\u00a0 Pierre Chevalier Baillou (Team U LH).<\/p>\n<p dir=\"ltr\"><strong><a href=\"https:\/\/www.directvelo.com\/coureur\/64564\/clement-chavanel\" target=\"_blank\" rel=\"noopener nofollow\">Cl\u00e9ment Chavanel<\/a><\/strong>, 18 ans, a termin\u00e9 cette saison 11e d\u2019une \u00e9tape du Tour de Gironde, 13e de la Classique Cadarsaquaise et de la Route d&rsquo;Eole, 14e de La Gedimat Junior, 17e du Grand Prix de Montamis\u00e9 et du Tour du Canton de Montguyon.<\/p>\n<p><strong><a href=\"https:\/\/www.directvelo.com\/coureur\/53278\/pierre-chevalier-baillou\" target=\"_blank\" rel=\"noopener nofollow\">Pierre Chevalier Baillou<\/a><\/strong> &#8211; notre photo -, 18 ans, s\u2019est class\u00e9 7e de la Classique Cadarsaquaise, du Grand Prix de Nersac et de la Marmande Val de Garonne Classic-Souvenir R\u00e9mi Botecchia, 13e du Grand Prix de Montamis\u00e9 et d\u2019une \u00e9preuve des Boucles de la Haute-Vienne.<\/p>\n<p>Retrouvez <strong><a href=\"https:\/\/www.directvelo.com\/mutations\/2027#amateur-dn3\" target=\"_blank\" rel=\"noopener nofollow\">en cliquant ici<\/a><\/strong> toutes les mutations de l&rsquo;intersaison 2026-2027.\u00a0<\/p>\n","protected":false},"excerpt":{"rendered":"La N3 de Sabl\u00e9 Sarthe Cyclisme compte deux premi\u00e8res recrues pour la saison 2027. Il s\u2019agit de Cl\u00e9ment&hellip;\n","protected":false},"author":2,"featured_media":1165438,"comment_status":"","ping_status":"","sticky":false,"template":"","format":"standard","meta":{"footnotes":"","_share_on_mastodon":"0"},"categories":[1411],"tags":[834,828,836,829,837,827,83,826,824,823,1154,207,814,817,815,816,822,821,832,211,839,1011,27,820,818,819,835,831,830,833,838,60,212,208,825],"class_list":["post-1165437","post","type-post","status-publish","format-standard","has-post-thumbnail","category-cyclisme","tag-attaque","tag-belgique","tag-braquet","tag-bretagne","tag-chute","tag-competition","tag-coupe-de-france","tag-coureur","tag-course-cyclisme","tag-course-cycliste","tag-cycling","tag-cyclisme","tag-direct","tag-direct-velo","tag-directvelo","tag-directvelo-com","tag-epreuve","tag-epreuve-cycliste","tag-federation-francaise-de-cyclisme","tag-ffc","tag-flandres","tag-fr","tag-france","tag-live","tag-live-course","tag-live-epreuve","tag-peloton","tag-radio-peloton","tag-radio-tour","tag-ravitaillement","tag-relance","tag-sports","tag-uci","tag-velo","tag-velos"],"share_on_mastodon":{"url":"https:\/\/pubeurope.com\/@fr\/117208776104274176","error":""},"_links":{"self":[{"href":"https:\/\/www.europesays.com\/fr\/wp-json\/wp\/v2\/posts\/1165437","targetHints":{"allow":["GET"]}}],"collection":[{"href":"https:\/\/www.europesays.com\/fr\/wp-json\/wp\/v2\/posts"}],"about":[{"href":"https:\/\/www.europesays.com\/fr\/wp-json\/wp\/v2\/types\/post"}],"author":[{"embeddable":true,"href":"https:\/\/www.europesays.com\/fr\/wp-json\/wp\/v2\/users\/2"}],"replies":[{"embeddable":true,"href":"https:\/\/www.europesays.com\/fr\/wp-json\/wp\/v2\/comments?post=1165437"}],"version-history":[{"count":0,"href":"https:\/\/www.europesays.com\/fr\/wp-json\/wp\/v2\/posts\/1165437\/revisions"}],"wp:featuredmedia":[{"embeddable":true,"href":"https:\/\/www.europesays.com\/fr\/wp-json\/wp\/v2\/media\/1165438"}],"wp:attachment":[{"href":"https:\/\/www.europesays.com\/fr\/wp-json\/wp\/v2\/media?parent=1165437"}],"wp:term":[{"taxonomy":"category","embeddable":true,"href":"https:\/\/www.europesays.com\/fr\/wp-json\/wp\/v2\/categories?post=1165437"},{"taxonomy":"post_tag","embeddable":true,"href":"https:\/\/www.europesays.com\/fr\/wp-json\/wp\/v2\/tags?post=1165437"}],"curies":[{"name":"wp","href":"https:\/\/api.w.org\/{rel}","templated":true}]}}