{"id":1165447,"date":"2026-09-03T19:38:28","date_gmt":"2026-09-03T19:38:28","guid":{"rendered":"https:\/\/www.europesays.com\/fr\/1165447\/"},"modified":"2026-09-03T19:38:28","modified_gmt":"2026-09-03T19:38:28","slug":"parc-jean-drapeau-spectacle-diron-maiden-prevoyez-vos-deplacements","status":"publish","type":"post","link":"https:\/\/www.europesays.com\/fr\/1165447\/","title":{"rendered":"Parc Jean-Drapeau | Spectacle d\u2019Iron Maiden\u00a0: pr\u00e9voyez vos d\u00e9placements\u00a0!"},"content":{"rendered":"<p class=\"lead textModule textModule--type-lead \" style=\"\">Alors que des milliers d\u2019amateurs de m\u00e9tal se presseront dans le m\u00e9tro afin de se rendre au spectacle d\u2019Iron Maiden au parc Jean-Drapeau cet apr\u00e8s-midi, la Soci\u00e9t\u00e9 de transport de Montr\u00e9al (STM) enjoint les utilisateurs \u00e0 faire preuve de patience et de pr\u00e9voyance.<\/p>\n<p class=\"paragraph textModule textModule--type-paragraph \" style=\"\">Ainsi, l\u2019achalandage aux stations de m\u00e9tro Berri-UQAM et Jean-Drapeau sera plus important qu\u2019\u00e0 l\u2019habitude. Alors que les portes de l\u2019\u00e9v\u00e8nement ouvrent \u00e0 17\u00a0h, l\u2019heure de pointe pourrait devenir plus chaotique pour les utilisateurs qui transiteront \u00e0 la station Berri-UQAM \u00e0 compter de 16\u00a0heures. De m\u00eame, la station Jean-Drapeau sera fort achaland\u00e9e en fin de soir\u00e9e lorsque l\u2019\u00e9v\u00e8nement prendra fin.<\/p>\n<p class=\"paragraph textModule textModule--type-paragraph \" style=\"\">La STM recommande vivement d\u2019acheter ses titres de transport \u00e0 l\u2019avance pour \u00e9viter les files d\u2019attente \u00e0 la fin de l\u2019\u00e9v\u00e8nement, \u00e0 la station de m\u00e9tro Jean-Drapeau.<\/p>\n<p class=\"paragraph textModule textModule--type-paragraph \" style=\"\">Les chiens et les v\u00e9lo seront interdits de 18\u00a0h \u00e0 la fermeture du m\u00e9tro dans les trains et dans les stations de la ligne jaune seulement.<\/p>\n<p class=\"paragraph textModule textModule--type-paragraph \" style=\"\">Iron Maiden se produit dans le cadre de sa tourn\u00e9e Run for Your Lives World Tour 2026 en compagnie des groupes Megadeth et Anthrax.<\/p>\n","protected":false},"excerpt":{"rendered":"Alors que des milliers d\u2019amateurs de m\u00e9tal se presseront dans le m\u00e9tro afin de se rendre au spectacle&hellip;\n","protected":false},"author":2,"featured_media":1165448,"comment_status":"","ping_status":"","sticky":false,"template":"","format":"standard","meta":{"footnotes":"","_share_on_mastodon":"0"},"categories":[1355],"tags":[58,59,1011,27,1361,873],"class_list":["post-1165447","post","type-post","status-publish","format-standard","has-post-thumbnail","category-musique","tag-divertissement","tag-entertainment","tag-fr","tag-france","tag-music","tag-musique"],"share_on_mastodon":{"url":"https:\/\/pubeurope.com\/@fr\/117208803213841836","error":""},"_links":{"self":[{"href":"https:\/\/www.europesays.com\/fr\/wp-json\/wp\/v2\/posts\/1165447","targetHints":{"allow":["GET"]}}],"collection":[{"href":"https:\/\/www.europesays.com\/fr\/wp-json\/wp\/v2\/posts"}],"about":[{"href":"https:\/\/www.europesays.com\/fr\/wp-json\/wp\/v2\/types\/post"}],"author":[{"embeddable":true,"href":"https:\/\/www.europesays.com\/fr\/wp-json\/wp\/v2\/users\/2"}],"replies":[{"embeddable":true,"href":"https:\/\/www.europesays.com\/fr\/wp-json\/wp\/v2\/comments?post=1165447"}],"version-history":[{"count":0,"href":"https:\/\/www.europesays.com\/fr\/wp-json\/wp\/v2\/posts\/1165447\/revisions"}],"wp:featuredmedia":[{"embeddable":true,"href":"https:\/\/www.europesays.com\/fr\/wp-json\/wp\/v2\/media\/1165448"}],"wp:attachment":[{"href":"https:\/\/www.europesays.com\/fr\/wp-json\/wp\/v2\/media?parent=1165447"}],"wp:term":[{"taxonomy":"category","embeddable":true,"href":"https:\/\/www.europesays.com\/fr\/wp-json\/wp\/v2\/categories?post=1165447"},{"taxonomy":"post_tag","embeddable":true,"href":"https:\/\/www.europesays.com\/fr\/wp-json\/wp\/v2\/tags?post=1165447"}],"curies":[{"name":"wp","href":"https:\/\/api.w.org\/{rel}","templated":true}]}}