{"id":1165464,"date":"2026-09-03T19:48:00","date_gmt":"2026-09-03T19:48:00","guid":{"rendered":"https:\/\/www.europesays.com\/fr\/1165464\/"},"modified":"2026-09-03T19:48:00","modified_gmt":"2026-09-03T19:48:00","slug":"presidentielle-2027-le-pen-en-tete-philippe-et-attal-decrochent-et-glucksmann-progresse-dans-lopinion","status":"publish","type":"post","link":"https:\/\/www.europesays.com\/fr\/1165464\/","title":{"rendered":"Pr\u00e9sidentielle 2027 : Le Pen en t\u00eate, Philippe et Attal d\u00e9crochent et Glucksmann progresse dans l&rsquo;opinion"},"content":{"rendered":"<p>\n                                                                    l&rsquo;essentiel<br \/>\n                                                                Marine Le Pen et Jordan Bardella dominent toujours le classement des personnalit\u00e9s politiques \u00e9tabli par Elabe pour Les \u00c9chos. Derri\u00e8re le duo du RN, \u00c9douard Philippe et Gabriel Attal enregistrent une nette baisse, y compris aupr\u00e8s de l\u2019\u00e9lectorat macroniste. \u00c0 gauche, Fran\u00e7ois Ruffin confirme sa dynamique.\n                            <\/p>\n<p>Selon l\u2019Observatoire politique d\u2019<a href=\"https:\/\/elabe.fr\/lobservatoire-politique-septembre-2026\/\" target=\"_blank\" rel=\"nofollow noopener\">Elabe<\/a> publi\u00e9 ce jeudi 3 septembre, \u00e0 l\u2019approche de la pr\u00e9sidentielle de 2027, le Rassemblement national conserve une position dominante dans le classement des personnalit\u00e9s. Jordan Bardella et Marine Le Pen recueillent chacun 37 % de bonne image. Le premier gagne un point, la seconde trois, et tous deux restent proches de leurs niveaux records.<\/p>\n<p>Derri\u00e8re eux, Marion Mar\u00e9chal atteint pour la premi\u00e8re fois la troisi\u00e8me place. Avec 29 % de bonne image, en hausse d\u2019un point, elle devance d\u00e9sormais \u00c9douard Philippe. L\u2019ancien Premier ministre tombe \u00e0 26 %, apr\u00e8s une baisse de quatre points en un mois et de huit points en deux mois. Gabriel Attal suit \u00e0 25 %. Lui aussi d\u00e9croche fortement : cinq points perdus depuis ao\u00fbt et sept en deux mois.<\/p>\n<p>Un recul brutal pour Philippe et Attal, Glucksmann progresse<\/p>\n<p>Le mouvement est d\u2019autant plus notable que Philippe et Attal restent les deux personnalit\u00e9s les mieux consid\u00e9r\u00e9es par les \u00e9lecteurs d\u2019Emmanuel Macron. Mais m\u00eame dans ce socle \u00e9lectoral, leur recul est brutal. \u00c9douard Philippe conserve la premi\u00e8re place avec 58 % de bonne image et Gabriel Attal le suit \u00e0 57 %, mais tous deux perdent huit points. G\u00e9rald Darmanin, troisi\u00e8me \u00e0 44 %, recule de sept points.<\/p>\n<p>        <img decoding=\"async\" class=\"std-img__img responsive-img\" src=\"https:\/\/www.europesays.com\/fr\/wp-content\/uploads\/2026\/09\/1788464880_800_image.png\" alt=\"Le classement des personnalit\u00e9s.\"\/><\/p>\n<p>                Le classement des personnalit\u00e9s.<br \/>\n                                    DR<\/p>\n<p>Dans cet \u00e9lectorat, Rapha\u00ebl Glucksmann appara\u00eet en revanche en nette progression. Avec 43 % de bonne image, il gagne dix points et se rapproche du trio issu de la majorit\u00e9 pr\u00e9sidentielle. Bernard Cazeneuve atteint pour sa part 40 %, en hausse de deux points. Bruno Retailleau subit le mouvement inverse : il perd neuf points aupr\u00e8s des \u00e9lecteurs macronistes et tombe \u00e0 25 %.<\/p>\n<p>Dans l\u2019ensemble de la population, Rapha\u00ebl Glucksmann progresse \u00e9galement, de deux points, \u00e0 23 %, au niveau de Bruno Retailleau, qui en perd deux. Fran\u00e7ois Ruffin gagne trois points et atteint 22 %, autant que G\u00e9rald Darmanin, en baisse de trois points, et Fran\u00e7ois Hollande, qui en abandonne quatre. Fabien Roussel reste stable \u00e0 20 %, comme Dominique de Villepin, en progression d\u2019un point.<\/p>\n<p>\u00c0 gauche, Fran\u00e7ois Ruffin consolide surtout sa premi\u00e8re place aupr\u00e8s des \u00e9lecteurs de ce bloc. Sa bonne image gagne cinq points pour atteindre 50 %. Il devance Jean-Luc M\u00e9lenchon, \u00e0 45 % apr\u00e8s une progression de trois points, et Fabien Roussel, \u00e0 43 %. Rapha\u00ebl Glucksmann recule en revanche de trois points dans cet \u00e9lectorat, \u00e0 37 %, tandis que Marine Tondelier perd quatre points, \u00e0 35 %. Fran\u00e7ois Hollande conna\u00eet lui aussi un net tassement : moins sept points, \u00e0 34 %.<\/p>\n<p>L&rsquo;\u00e9rosion du macronisme<\/p>\n<p>La domination du RN appara\u00eet encore plus spectaculaire aupr\u00e8s des \u00e9lecteurs de Marine Le Pen et d\u2019\u00c9ric Zemmour. Jordan Bardella y recueille 90 % de bonne image et Marine Le Pen 89 %, tous deux en hausse de deux points. Marion Mar\u00e9chal reste troisi\u00e8me \u00e0 71 %, malgr\u00e9 un recul de trois points. Elle conserve une avance importante sur \u00c9ric Ciotti, \u00e0 62 %, \u00c9ric Zemmour, \u00e0 47 %, et Sarah Knafo, \u00e0 45 %.<\/p>\n<p>\u00c0 ce stade, le classement traduit donc un double mouvement : la stabilit\u00e9 \u00e0 tr\u00e8s haut niveau du tandem Le Pen-Bardella et l\u2019\u00e9rosion des principales figures issues du macronisme. \u00c9douard Philippe et Gabriel Attal demeurent incontournables dans leur camp, mais leur recul simultan\u00e9, nationalement comme dans l\u2019\u00e9lectorat d\u2019Emmanuel Macron, fragilise leur dynamique au moment o\u00f9 se pr\u00e9cise progressivement la bataille de 2027.<\/p>\n<p>    Macron et Lecornu en baisse<\/p>\n<p>La rentr\u00e9e est difficile pour l\u2019ex\u00e9cutif. La cote de confiance d\u2019Emmanuel Macron chute de quatre points, \u00e0 20 %, tandis que 75 % des Fran\u00e7ais interrog\u00e9s disent ne pas lui faire confiance. Le recul atteint neuf points aupr\u00e8s de son \u00e9lectorat du premier tour et douze points chez les cadres. S\u00e9bastien Lecornu r\u00e9siste davantage : le Premier ministre perd un point, \u00e0 23 % de confiance. Il reste notamment mieux \u00e9valu\u00e9 que le chef de l\u2019\u00c9tat parmi les \u00e9lecteurs d\u2019Emmanuel Macron du premier tour, avec 62 % de confiance.<\/p>\n","protected":false},"excerpt":{"rendered":"l&rsquo;essentiel Marine Le Pen et Jordan Bardella dominent toujours le classement des personnalit\u00e9s politiques \u00e9tabli par Elabe pour&hellip;\n","protected":false},"author":2,"featured_media":1165465,"comment_status":"","ping_status":"","sticky":false,"template":"","format":"standard","meta":{"footnotes":"","_share_on_mastodon":"0"},"categories":[2],"tags":[11,3079,5949,1011,27,12,316],"class_list":["post-1165464","post","type-post","status-publish","format-standard","has-post-thumbnail","category-actualites","tag-actualites","tag-election-presidentielle-2027","tag-elections","tag-fr","tag-france","tag-news","tag-politique"],"share_on_mastodon":{"url":"https:\/\/pubeurope.com\/@fr\/117208844137878275","error":""},"_links":{"self":[{"href":"https:\/\/www.europesays.com\/fr\/wp-json\/wp\/v2\/posts\/1165464","targetHints":{"allow":["GET"]}}],"collection":[{"href":"https:\/\/www.europesays.com\/fr\/wp-json\/wp\/v2\/posts"}],"about":[{"href":"https:\/\/www.europesays.com\/fr\/wp-json\/wp\/v2\/types\/post"}],"author":[{"embeddable":true,"href":"https:\/\/www.europesays.com\/fr\/wp-json\/wp\/v2\/users\/2"}],"replies":[{"embeddable":true,"href":"https:\/\/www.europesays.com\/fr\/wp-json\/wp\/v2\/comments?post=1165464"}],"version-history":[{"count":0,"href":"https:\/\/www.europesays.com\/fr\/wp-json\/wp\/v2\/posts\/1165464\/revisions"}],"wp:featuredmedia":[{"embeddable":true,"href":"https:\/\/www.europesays.com\/fr\/wp-json\/wp\/v2\/media\/1165465"}],"wp:attachment":[{"href":"https:\/\/www.europesays.com\/fr\/wp-json\/wp\/v2\/media?parent=1165464"}],"wp:term":[{"taxonomy":"category","embeddable":true,"href":"https:\/\/www.europesays.com\/fr\/wp-json\/wp\/v2\/categories?post=1165464"},{"taxonomy":"post_tag","embeddable":true,"href":"https:\/\/www.europesays.com\/fr\/wp-json\/wp\/v2\/tags?post=1165464"}],"curies":[{"name":"wp","href":"https:\/\/api.w.org\/{rel}","templated":true}]}}