{"id":1165482,"date":"2026-09-03T19:58:11","date_gmt":"2026-09-03T19:58:11","guid":{"rendered":"https:\/\/www.europesays.com\/fr\/1165482\/"},"modified":"2026-09-03T19:58:11","modified_gmt":"2026-09-03T19:58:11","slug":"cest-comme-la-patisserie-pres-de-rouen-elle-transmet-son-amour-de-la-ceramique-et-des-bols-a-ramen","status":"publish","type":"post","link":"https:\/\/www.europesays.com\/fr\/1165482\/","title":{"rendered":"\u00ab C&rsquo;est comme la p\u00e2tisserie \u00bb : pr\u00e8s de Rouen, elle transmet son amour de la c\u00e9ramique&#8230; et des bols \u00e0 ramen"},"content":{"rendered":"<p>                    Par<br \/>\n        <strong><br \/>\n            <a href=\"https:\/\/actu.fr\/auteur\/laredaction\" title=\"Consulter tous les articles de R\u00e9daction Normandie\" rel=\"nofollow noopener\" target=\"_blank\">R\u00e9daction Normandie<\/a><br \/>\n                    <\/strong><\/p>\n<p>        Publi\u00e9 le<\/p>\n<p>            3 sept. 2026 \u00e0 20h24        <\/p>\n<p>La c\u00e9ramiste Vanessa Fouch\u00e9 a install\u00e9 son atelier <strong>Terra Nessa <\/strong>\u00e0 <a href=\"https:\/\/actu.fr\/normandie\/fontaine-sous-preaux_76273\" rel=\"nofollow noopener\" target=\"_blank\">Fontaine-Sous-Pr\u00e9aux<\/a>, \u00e0 quelques kilom\u00e8tres de <strong>Rouen<\/strong>. Elle y consacre son temps \u00e0 la cr\u00e9ation de pi\u00e8ces en gr\u00e8s, qu\u2019elle pr\u00e9sentera sur le march\u00e9 des artisans de la <strong>F\u00eate de la moisson<\/strong> de <a href=\"https:\/\/actu.fr\/normandie\/boos_76116\" rel=\"nofollow noopener\" target=\"_blank\">Boos<\/a>.<\/p>\n<p>Une solide formation de c\u00e9ramiste avant de se lancer<\/p>\n<p class=\" wall-content\">Passionn\u00e9e par la c\u00e9ramique depuis toujours, Vanessa Fouch\u00e9 a d\u00e9cid\u00e9 de cr\u00e9er son entreprise il y a trois ans, apr\u00e8s avoir suivi une solide formation. Elle explique : \u00ab\u00a0Je me suis form\u00e9e au <strong>P\u00f4le c\u00e9ramique de Normandie<\/strong> \u00e0 Notre-Dame-de-Gravenchon pendant trois mois et demi. J\u2019ai obtenu mon CAP de tournage. J\u2019ai compl\u00e9t\u00e9 par une formation d\u2019\u00e9maillage.\u00a0\u00bb<\/p>\n<p>Son objet phare, le bol \u00e0 ramen<\/p>\n<p class=\" wall-content\">Vanessa Fouch\u00e9 travaille principalement avec <strong>trois types de gr\u00e8s<\/strong> : \u00ab\u00a0J\u2019utilise trois sortes de gr\u00e8s, deux blancs et un noir. L\u2019un des blancs est un peu plus gris que l\u2019autre. J\u2019aime le gr\u00e8s car c\u2019est une mati\u00e8re non poreuse et tr\u00e8s \u00e9tanche. On n\u2019a pas toujours besoin de l\u2019\u00e9mailler, cela d\u00e9pend du rendu que l\u2019on veut donner.\u00a0\u00bb<\/p>\n<p class=\" wall-content\">Parmi ses cr\u00e9ations, les <strong>bols \u00e0 ramen<\/strong> occupent une place particuli\u00e8re. \u00ab\u00a0Ma cr\u00e9ation phare, ce sont les bols \u00e0 ramen ou bols chinois. Ils sont, \u00e0 l\u2019origine, utilis\u00e9s pour d\u00e9guster des soupes de nouilles. J\u2019en pr\u00e9pare une nouvelle collection, avec des petits reposoirs pour les baguettes.\u00a0\u00bb Elle con\u00e7oit \u00e9galement des c\u00e9ramiques d\u00e9coratives pour le jardin : \u00ab\u00a0Je cr\u00e9e de grandes fleurs un peu creuses qui gardent l\u2019eau pour les insectes et les oiseaux. Ainsi, je joins l\u2019utile \u00e0 l\u2019agr\u00e9able. Elles ont remport\u00e9 un grand succ\u00e8s cet \u00e9t\u00e9.\u00a0\u00bb<\/p>\n<p>Des recettes tr\u00e8s pr\u00e9cises pour l\u2019\u00e9maillage<\/p>\n<p class=\" wall-content\">Le processus de cr\u00e9ation passe par plusieurs \u00e9tapes, dont le<strong> s\u00e9chage des pi\u00e8ces<\/strong>. Vanessa Fouch\u00e9 pr\u00e9cise : \u00ab\u00a0Pour les petites pi\u00e8ces, le s\u00e9chage se fait en un \u00e0 deux jours. Pour les grosses pi\u00e8ces, cela peut demander un mois. J\u2019ai d\u00fb g\u00e9rer la canicule de cet \u00e9t\u00e9 en prot\u00e9geant les pi\u00e8ces avec des linges humides pour qu\u2019elles ne s\u00e8chent pas trop vite.\u00a0\u00bb<\/p>\n<p class=\" wall-content\">Apr\u00e8s cette \u00e9tape, toutes les pi\u00e8ces utilitaires sont \u00e9maill\u00e9es, au moins \u00e0 l\u2019int\u00e9rieur. L\u2019ext\u00e9rieur peut rester brut, selon les envies de l\u2019artiste. \u00ab\u00a0Pour l\u2019\u00e9mail, je m\u00e9lange diff\u00e9rentes poudres comme le kaolin, la silice\u2026 et de l\u2019oxyde de chrome, d\u2019\u00e9tain, de cobalt, ou des colorants. Je dois suivre des recettes tr\u00e8s pr\u00e9cises pour les oxydes et les couleurs. <strong>C\u2019est comme la p\u00e2tisserie<\/strong>, c\u2019est au grammage pr\u00e8s. Si l\u2019on ne respecte pas le pourcentage d\u2019oxyde, \u00e7a change compl\u00e8tement la couleur \u00e0 la cuisson.\u00a0\u00bb<\/p>\n<p class=\" wall-content\">Les pi\u00e8ces passent ensuite <strong>deux cuissons<\/strong> : une premi\u00e8re \u00e0 980 degr\u00e9s avant l\u2019\u00e9maillage, et une seconde autour de 1 260 degr\u00e9s apr\u00e8s. \u00ab\u00a0Il faut faire attention \u00e0 ne pas trop chauffer car cela peut affadir la couleur. Attention aussi \u00e0 la place des pi\u00e8ces dans le four.\u00a0\u00bb\u00a0Rien n\u2019est gaspill\u00e9 : Vanessa Fouch\u00e9 r\u00e9cup\u00e8re la terre non utilis\u00e9e et recycle l\u2019eau.<\/p>\n<p>Des ateliers et des projets<\/p>\n<p class=\" wall-content\">En parall\u00e8le de son activit\u00e9 de cr\u00e9ation, Vanessa Fouch\u00e9 organise des <strong>cours d\u2019initiation au modelage<\/strong>, ouverts aux enfants et aux adultes. \u00ab C\u2019est \u00e0 la demande, cela peut \u00eatre modelage ou tournage. En 1h30, chacun peut r\u00e9aliser une pi\u00e8ce. Je pr\u00e9pare tout en amont. Les gens viennent avec une id\u00e9e ou pas. Je les aide. \u00bb Pour les enfants, elle utilise de l\u2019argile durcissante afin qu\u2019ils puissent repartir avec leur cr\u00e9ation.\u00a0<\/p>\n<p class=\" wall-content\">\u00ab\u00a0Les adultes peuvent d\u00e9cider de faire tout le process, tournage et tournassage, qui consiste \u00e0 finir sa pi\u00e8ce lorsque l\u2019argile a la consistance du cuir, en retirant tout l\u2019exc\u00e9dent de terre et en peaufinant sa forme. Sinon, c\u2019est moi qui termine. Ce que j\u2019aime, c\u2019est le plaisir qu\u2019ont les gens lorsqu\u2019ils sortent une pi\u00e8ce. Je suis l\u00e0 pour les aider.<strong> J\u2019aime transmettre<\/strong>. M\u00eame s\u2019ils ont quelques appr\u00e9hensions, cela reste un moment de d\u00e9tente pour eux, un antistress pour certains.\u00a0\u00bb<\/p>\n<p>Pr\u00e9sente \u00e0 la F\u00eate de la moisson<\/p>\n<p class=\" wall-content\">Vanessa Fouch\u00e9 sera pr\u00e9sente sur le <strong>march\u00e9 artisanal de la F\u00eate de la moisson<\/strong>. \u00ab\u00a0Je suis sur les march\u00e9s de cr\u00e9ateurs et les salons. Je suis c\u00e9ramiste \u00e0 mi-temps dans l\u2019attente d\u2019en faire mon m\u00e9tier \u00e0 plein temps. J\u2019ai un <a href=\"https:\/\/www.instagram.com\/terra_nessa\/\" rel=\"nofollow noopener\" target=\"_blank\">compte Instagram<\/a> et <a href=\"https:\/\/www.facebook.com\/profile.php?id=61556457302843#\" rel=\"nofollow noopener\" target=\"_blank\">Facebook<\/a>. Mon site est en cours de cr\u00e9ation. Pour l\u2019instant, ma pr\u00e9occupation, c\u2019est de produire. Le bouche-\u00e0-oreille marche bien et les clients reviennent. J\u2019aimerais aussi poursuivre ma formation pour m\u2019orienter vers le luminaire et le modelage animalier.\u00a0\u00bb<\/p>\n<p>Atelier Terra Nessa de Vanessa Fouch\u00e9, \u00e0 retrouver sur le march\u00e9 artisanal de la f\u00eate de la Moisson de Boos, parc de la commune, le dimanche 6 septembre toute la journ\u00e9e.<\/p>\n<p class=\" wall-content\">Personnalisez votre actualit\u00e9 en ajoutant vos villes et m\u00e9dias en favori avec <a href=\"https:\/\/moncompte.actu.fr\" title=\"D\u00e9couvez Mon Actu\" rel=\"nofollow noopener\" data-trk=\"{&quot;cta&quot;:{&quot;action&quot;:&quot;https:\\\/\\\/moncompte.actu.fr&quot;,&quot;category&quot;:&quot;mon compte&quot;,&quot;from&quot;:&quot;article footer&quot;,&quot;name&quot;:&quot;Mon actu&quot;,&quot;type&quot;:&quot;cta&quot;}}\" target=\"_blank\">Mon Actu<\/a>.<\/p>\n<p>                    <script async src=\"\/\/www.instagram.com\/embed.js\"><\/script><\/p>\n","protected":false},"excerpt":{"rendered":"Par R\u00e9daction Normandie Publi\u00e9 le 3 sept. 2026 \u00e0 20h24 La c\u00e9ramiste Vanessa Fouch\u00e9 a install\u00e9 son atelier&hellip;\n","protected":false},"author":2,"featured_media":1165483,"comment_status":"","ping_status":"","sticky":false,"template":"","format":"standard","meta":{"footnotes":"","_share_on_mastodon":"0"},"categories":[9587],"tags":[1111,11,1477,1777,674,1011,27,1652,2089,12,5161,25,9590],"class_list":["post-1165482","post","type-post","status-publish","format-standard","has-post-thumbnail","category-rouen","tag-actu","tag-actualites","tag-artisanat","tag-eu","tag-europe","tag-fr","tag-france","tag-loisirs-culture","tag-marche","tag-news","tag-normandie","tag-republique-francaise","tag-rouen"],"share_on_mastodon":{"url":"https:\/\/pubeurope.com\/@fr\/117208882105239019","error":""},"_links":{"self":[{"href":"https:\/\/www.europesays.com\/fr\/wp-json\/wp\/v2\/posts\/1165482","targetHints":{"allow":["GET"]}}],"collection":[{"href":"https:\/\/www.europesays.com\/fr\/wp-json\/wp\/v2\/posts"}],"about":[{"href":"https:\/\/www.europesays.com\/fr\/wp-json\/wp\/v2\/types\/post"}],"author":[{"embeddable":true,"href":"https:\/\/www.europesays.com\/fr\/wp-json\/wp\/v2\/users\/2"}],"replies":[{"embeddable":true,"href":"https:\/\/www.europesays.com\/fr\/wp-json\/wp\/v2\/comments?post=1165482"}],"version-history":[{"count":0,"href":"https:\/\/www.europesays.com\/fr\/wp-json\/wp\/v2\/posts\/1165482\/revisions"}],"wp:featuredmedia":[{"embeddable":true,"href":"https:\/\/www.europesays.com\/fr\/wp-json\/wp\/v2\/media\/1165483"}],"wp:attachment":[{"href":"https:\/\/www.europesays.com\/fr\/wp-json\/wp\/v2\/media?parent=1165482"}],"wp:term":[{"taxonomy":"category","embeddable":true,"href":"https:\/\/www.europesays.com\/fr\/wp-json\/wp\/v2\/categories?post=1165482"},{"taxonomy":"post_tag","embeddable":true,"href":"https:\/\/www.europesays.com\/fr\/wp-json\/wp\/v2\/tags?post=1165482"}],"curies":[{"name":"wp","href":"https:\/\/api.w.org\/{rel}","templated":true}]}}