{"id":116549,"date":"2025-05-21T09:47:08","date_gmt":"2025-05-21T09:47:08","guid":{"rendered":"https:\/\/www.europesays.com\/fr\/116549\/"},"modified":"2025-05-21T09:47:08","modified_gmt":"2025-05-21T09:47:08","slug":"taxis-en-colere-la-circulation-perturbee-sur-plusieurs-autoroutes-dile-de-france-apres-une-nouvelle-operation-escargot","status":"publish","type":"post","link":"https:\/\/www.europesays.com\/fr\/116549\/","title":{"rendered":"Taxis en col\u00e8re\u00a0: la circulation perturb\u00e9e sur plusieurs autoroutes d\u2019\u00cele-de-France apr\u00e8s une nouvelle op\u00e9ration escargot"},"content":{"rendered":"<p class=\"paragraph text_align_left\">La mobilisation ne faiblit pas. Des dizaines de <a href=\"https:\/\/www.leparisien.fr\/economie\/transport-de-patients-par-les-taxis-des-milliers-de-chauffeurs-feront-greve-lundi-18-05-2025-PTJZBDSA6NHV3DHUSN3BYNPZGM.php\" target=\"_blank\" rel=\"nofollow noopener\">chauffeurs de taxi <\/a>se dirigent vers Paris vers Paris ce mercredi matin et ralentissent la circulation sur plusieurs autoroutes en \u00cele-de-France ce mercredi matin.<\/p>\n<p class=\"paragraph text_align_left\">Une partie de l\u2019autoroute A1, qui dessert le nord de Paris et permet d\u2019acc\u00e9der \u00e0 l\u2019a\u00e9roport de Roissy-Charles de Gaulle, est bloqu\u00e9e selon les images de CL Press.<\/p>\n<blockquote class=\"twitter-tweet\">\n<p lang=\"fr\" dir=\"ltr\">Nouvelle mobilisation des taxis \u00e0 Paris : l\u2019autoroute A1 en direction de l\u2019a\u00e9roport de Roissy-Charles-de-Gaulle  est bloqu\u00e9. <a href=\"https:\/\/t.co\/S2Mwv48497\" rel=\"nofollow\">pic.twitter.com\/S2Mwv48497<\/a><\/p>\n<p>\u2014 CLPRESS \/ Agence de presse (@CLPRESSFR) <a href=\"https:\/\/twitter.com\/CLPRESSFR\/status\/1925095909328646340?ref_src=twsrc%5Etfw\" rel=\"nofollow noopener\" target=\"_blank\">May 21, 2025<\/a><\/p><\/blockquote>\n<p class=\"paragraph text_align_left\">Bison fut\u00e9 signale plusieurs axes \u00ab neutralis\u00e9s \u00bb en raison d\u2019une manifestation sociale sur les principaux acc\u00e8s \u00e0 la capitale : l\u2019<b>A6B<\/b> (de Wissous dans le Val-de-Marne jusqu\u2019\u00e0 la porte d\u2019Italie dans le XIIIe) ; sur l\u2019<b>A106<\/b>, d\u2019A\u00e9roport d\u2019Orly vers Rungis dans le sens sud-nord ; sur l\u2019<b>A13<\/b> (axe Cherbourg-Paris \u00e0 hauteur de Rocquencourt dans les Yvelines) et l\u2019<b>A12<\/b> (de Saint-Quentin-en-Yvelines vers Rocquencourt)<\/p>\n<p>Un appel \u00e0 \u00ab venir sur Paris et Pau \u00bb, fief de Bayrou<\/p>\n<p class=\"paragraph text_align_left\">Les taxis protestent contre les nouvelles conditions tarifaires du transport sanitaire et la concurrence des VTC. <a href=\"https:\/\/www.leparisien.fr\/paris-75\/pres-dun-millier-de-taxis-en-colere-ont-manifeste-lundi-a-paris-64-interpellations-20-05-2025-S3ZIOI7RMBHWVEQGRNJAYXPI3E.php\" target=\"_blank\" rel=\"nofollow noopener\">Un millier d\u2019entre eux s\u2019\u00e9tait rassembl\u00e9<\/a> lundi sur le boulevard Raspail \u00e0 Paris lundi. <a href=\"https:\/\/www.leparisien.fr\/economie\/la-pression-monte-crescendo-troisieme-journee-de-mobilisation-des-taxis-a-paris-contre-la-reforme-du-transport-sanitaire-21-05-2025-7LCKLJP25FF35ALLEPGML4V6XI.php\" target=\"_blank\" rel=\"nofollow noopener\">Une centaine de voitures demeurent sur cette art\u00e8re <\/a>situ\u00e9e pr\u00e8s du minist\u00e8re des Transports.<\/p>\n<p class=\"paragraph text_align_left\">L\u2019intersyndicale des taxis a appel\u00e9 mardi \u00e0 poursuivre la mobilisation. \u00ab J\u2019invite tous les taxis de France qui se sentent concern\u00e9s, et vous devez tous l\u2019\u00eatre, \u00e0 venir sur Paris et Pau \u00bb, la ville du Premier ministre Fran\u00e7ois Bayrou, avait d\u00e9clar\u00e9 Emmanuelle Cordier, pr\u00e9sidente de la F\u00e9d\u00e9ration nationale du taxi (FNDT) ce mardi.<\/p>\n<p class=\"paragraph text_align_left\">Les repr\u00e9sentants syndicaux ont re\u00e7u une invitation pour se rendre au minist\u00e8re des Transports, \u00e0 deux pas du lieu de la mobilisation. \u00ab On veut bien \u00eatre re\u00e7us que s\u2019il y a du nouveau. Il n\u2019y a rien pour l\u2019instant, donc on attend \u00bb, a martel\u00e9 Emmanuelle Cordier.<\/p>\n<p class=\"paragraph text_align_left\">Des manifestations sont pr\u00e9vues en France, notamment dans les Bouches-du-Rh\u00f4ne. <a href=\"https:\/\/x.com\/Prefet13\/status\/1924944000928100542\" target=\"_blank\" rel=\"nofollow\">La pr\u00e9fecture<\/a> redoutait des perturbations d\u00e8s 7 heures du matin \u00e0 Marseille (dans les secteurs du Prado et de la gare Saint-Charles, notamment) et pr\u00e8s de la gare TGV d\u2019Aix-en-Provence.<\/p>\n<p class=\"paragraph text_align_left\">A Pau, la circulation reste difficile ce mercredi dans le secteur de la gare, point de rassemblement des taxis, selon <a href=\"https:\/\/www.sudouest.fr\/pyrenees-atlantiques\/pau\/les-taxis-en-colere-entendent-poursuivre-le-siege-de-la-ville-de-pau-24524792.php\" target=\"_self\" rel=\"nofollow noopener\">Sud Ouest<\/a>.<\/p>\n<p><script async src=\"https:\/\/platform.twitter.com\/widgets.js\" charset=\"utf-8\"><\/script><\/p>\n","protected":false},"excerpt":{"rendered":"La mobilisation ne faiblit pas. Des dizaines de chauffeurs de taxi se dirigent vers Paris vers Paris ce&hellip;\n","protected":false},"author":2,"featured_media":116550,"comment_status":"","ping_status":"","sticky":false,"template":"","format":"standard","meta":{"footnotes":""},"categories":[1592],"tags":[1111,11,33,1777,674,1011,27,662,1944,12,626,25,2382],"class_list":{"0":"post-116549","1":"post","2":"type-post","3":"status-publish","4":"format-standard","5":"has-post-thumbnail","7":"category-ile-de-france","8":"tag-actu","9":"tag-actualites","10":"tag-economie","11":"tag-eu","12":"tag-europe","13":"tag-fr","14":"tag-france","15":"tag-ile-de-france","16":"tag-ma-ville","17":"tag-news","18":"tag-paris","19":"tag-republique-francaise","20":"tag-transport-idf-oise"},"share_on_mastodon":{"url":"https:\/\/pubeurope.com\/@fr\/114545193317525787","error":""},"_links":{"self":[{"href":"https:\/\/www.europesays.com\/fr\/wp-json\/wp\/v2\/posts\/116549","targetHints":{"allow":["GET"]}}],"collection":[{"href":"https:\/\/www.europesays.com\/fr\/wp-json\/wp\/v2\/posts"}],"about":[{"href":"https:\/\/www.europesays.com\/fr\/wp-json\/wp\/v2\/types\/post"}],"author":[{"embeddable":true,"href":"https:\/\/www.europesays.com\/fr\/wp-json\/wp\/v2\/users\/2"}],"replies":[{"embeddable":true,"href":"https:\/\/www.europesays.com\/fr\/wp-json\/wp\/v2\/comments?post=116549"}],"version-history":[{"count":0,"href":"https:\/\/www.europesays.com\/fr\/wp-json\/wp\/v2\/posts\/116549\/revisions"}],"wp:featuredmedia":[{"embeddable":true,"href":"https:\/\/www.europesays.com\/fr\/wp-json\/wp\/v2\/media\/116550"}],"wp:attachment":[{"href":"https:\/\/www.europesays.com\/fr\/wp-json\/wp\/v2\/media?parent=116549"}],"wp:term":[{"taxonomy":"category","embeddable":true,"href":"https:\/\/www.europesays.com\/fr\/wp-json\/wp\/v2\/categories?post=116549"},{"taxonomy":"post_tag","embeddable":true,"href":"https:\/\/www.europesays.com\/fr\/wp-json\/wp\/v2\/tags?post=116549"}],"curies":[{"name":"wp","href":"https:\/\/api.w.org\/{rel}","templated":true}]}}