{"id":1165491,"date":"2026-09-03T20:06:51","date_gmt":"2026-09-03T20:06:51","guid":{"rendered":"https:\/\/www.europesays.com\/fr\/1165491\/"},"modified":"2026-09-03T20:06:51","modified_gmt":"2026-09-03T20:06:51","slug":"ce-gite-touristique-pres-de-rennes-a-recu-la-visite-inhabituelle-cet-ete-dune-cinquantaine","status":"publish","type":"post","link":"https:\/\/www.europesays.com\/fr\/1165491\/","title":{"rendered":"Ce g\u00eete touristique pr\u00e8s de Rennes a re\u00e7u la visite inhabituelle cet \u00e9t\u00e9 d\u2019une cinquantaine"},"content":{"rendered":"<p>Leur retraite, Alfred et Marie-Jo G\u00e9rard ont souhait\u00e9 la passer dans l\u2019ancienne ferme familiale, ceintur\u00e9e d\u2019espaces verts et d\u2019un \u00e9tang, \u00e0 Retiers\u00a0(Ille-et-Vilaine). Tout au long de l\u2019ann\u00e9e, ils accueillent, dans leur g\u00eete agr\u00e9\u00e9, des voyageurs venus d\u2019un peu partout en France.<\/p>\n<p><strong>Lire aussi\u00a0:<\/strong> <a href=\"https:\/\/rennes.maville.com\/actu\/actudet_--30-d-hirondelles-en-moins-en-20-ans-a-rennes-des-nids-artificiels-bientot-installes-en-ville-_52674-7320272_actu.Htm\" target=\"_self\" rel=\"nofollow noopener\">\u00ab\u00a030\u00a0% d\u2019hirondelles en moins en 20\u00a0ans\u00a0\u00bb\u00a0: \u00e0 Rennes, des nids artificiels bient\u00f4t install\u00e9s en ville\u00a0?<\/a><\/p>\n<p>Mais cet \u00e9t\u00e9, de nouveaux pensionnaires inattendus se sont joints \u00e0 eux. Apr\u00e8s divers vols de rep\u00e9rages et d\u2019\u00e9clairages, des dizaines d\u2019hirondelles ont choisi ce g\u00eete pour y construire leurs nids, couver leurs petits et se remettre en forme avant les grands envols migratoires de la fin de l\u2019\u00e9t\u00e9. C\u2019est sous les poutres anciennes des diverses d\u00e9pendances que les volatiles ont judicieusement plac\u00e9 leurs nids.<\/p>\n<p>Des nids superpos\u00e9s<\/p>\n<p>Depuis leur long\u00e8re, Alfred et Marie-Jo G\u00e9rard observent la vie travailleuse et organis\u00e9e de cette petite communaut\u00e9. Toud deux ne sont pas ornithologues, mais ils estiment qu\u2019une cinquantaine de sp\u00e9cimens ont \u00e9lu refuge dans leurs b\u00e2timents. Au d\u00e9but du printemps, nous avons vu deux hirondelles seules pendant plusieurs jours, t\u00e9moignent-ils. Puis, au fil des jours, comme si elles avaient communiqu\u00e9 entre elles, on les a vues arriver de plus en plus nombreuses. Rentrant par diverses ouvertures ou portes dans les anciennes \u00e9tables, porcherie, \u00e9curie, voire dans le hangar-garage muni de poutres.<\/p>\n<p>\t<img decoding=\"async\" src=\"https:\/\/www.europesays.com\/fr\/wp-content\/uploads\/2026\/09\/P36108594D7462925G_px_640_.jpg\" alt=\"photo les hirondelles ont b\u00e2ti leurs nids de fa\u00e7on tr\u00e8s proche.  \u00a9  ouest-france\" width=\"640\" title=\" Les hirondelles ont b\u00e2ti leurs nids de fa\u00e7on tr\u00e8s proche.   Ouest-France \" loading=\"lazy\"\/><\/p>\n<p class=\"elmt-legende\"> Les hirondelles ont b\u00e2ti leurs nids de fa\u00e7on tr\u00e8s proche.   Ouest-France <\/p>\n<p>Dans l\u2019obscurit\u00e9, au fil des milliers de vols rapides et acrobatiques, sans t\u00e9lescopage, nous les voyions venir de notre \u00e9tang, becs charg\u00e9s, franchissant les \u00e9troites lucarnes dans le noir pour \u00e9difier leurs nids accroch\u00e9s aux poutres ou couver, voir nourrir leurs oisillons.<\/p>\n<p><strong>Lire aussi\u00a0:<\/strong> <a href=\"https:\/\/brest.maville.com\/actu\/actudet_-j-ai-perdu-des-livres-mais-j-ai-gagne-des-amies-a-plougasnou-les-hirondelles-crechent-dans-la-bibliotheque_6-7441320_actu.Htm\" target=\"_self\" rel=\"nofollow noopener\">\u00ab\u00a0J\u2019ai perdu des livres, mais j\u2019ai gagn\u00e9 des amies\u00a0\u00bb\u00a0: \u00e0 Plougasnou, les hirondelles cr\u00e8chent dans la biblioth\u00e8que<\/a><\/p>\n<p>Trop chaude par canicule, aucun nid n\u2019est accol\u00e9 \u00e0 la t\u00f4le. Certains nids sont superpos\u00e9s. L\u2019un d\u2019eux a m\u00eame \u00e9t\u00e9 squatt\u00e9 par un berruchot\u00a0(troglodyte), mais pas longtemps, observent, un peu \u00e9blouis, les deux accueillants de cette gent ail\u00e9e, devenue des amis volants, un peu familiers, mais quand m\u00eame prudents.<\/p>\n<p>\u00ab\u00a0Elles nous offrent de vrais ballets ail\u00e9s\u00a0\u00bb<\/p>\n<p>Rares maintenant sont les endroits o\u00f9 ces hirondelles se reproduisent. Chez nous, d\u00e8s que l\u2019on rentre dans leurs univers, toutes s\u2019envolent via des fils \u00e9lectriques et des refuges hauts, puis reviennent vers leurs deux ou trois\u00a0couv\u00e9es, les becs charg\u00e9s de boulettes d\u2019insectes capt\u00e9s \u00e0 grands coups d\u2019ailes au-dessus de nos cours ou toits.<\/p>\n<p>\t<img decoding=\"async\" src=\"https:\/\/www.europesays.com\/fr\/wp-content\/uploads\/2026\/09\/P36108595D7462925G_px_640_.jpg\" alt=\"photo les fils \u00e9lectriques sont des refuges lorsqu\u2019elles ne sont pas \u00e0 l\u2019int\u00e9rieur.  \u00a9  ouest-france\" width=\"640\" title=\" Les fils \u00e9lectriques sont des refuges lorsqu\u2019elles ne sont pas \u00e0 l\u2019int\u00e9rieur.   Ouest-France \" loading=\"lazy\"\/><\/p>\n<p class=\"elmt-legende\"> Les fils \u00e9lectriques sont des refuges lorsqu\u2019elles ne sont pas \u00e0 l\u2019int\u00e9rieur.   Ouest-France <\/p>\n<p>Bient\u00f4t, cette cohabitation temporaire prendra fin. Elles nous offrent de vrais ballets ail\u00e9s. Quand elles vont nous quitter, nous enl\u00e8veront les diverses protections install\u00e9es sur nos mat\u00e9riels recevant leurs fientes. Mais ce n\u2019est pas grave, assure le couple.<\/p>\n<p>\u00a0<\/p>\n","protected":false},"excerpt":{"rendered":"Leur retraite, Alfred et Marie-Jo G\u00e9rard ont souhait\u00e9 la passer dans l\u2019ancienne ferme familiale, ceintur\u00e9e d\u2019espaces verts et&hellip;\n","protected":false},"author":2,"featured_media":1165492,"comment_status":"","ping_status":"","sticky":false,"template":"","format":"standard","meta":{"footnotes":"","_share_on_mastodon":"0"},"categories":[2821],"tags":[1111,11,30784,87188,829,19516,2883,1777,674,1011,27,30157,120212,12,3762,10621,584,25,72240,510,8692],"class_list":["post-1165491","post","type-post","status-publish","format-standard","has-post-thumbnail","category-rennes","tag-actu","tag-actualites","tag-ailes","tag-baule","tag-bretagne","tag-cinquantaine","tag-ete","tag-eu","tag-europe","tag-fr","tag-france","tag-gite","tag-inhabituelle","tag-news","tag-pres","tag-recu","tag-rennes","tag-republique-francaise","tag-touristique","tag-visite","tag-voyageurs"],"share_on_mastodon":{"url":"https:\/\/pubeurope.com\/@fr\/117208920252502519","error":""},"_links":{"self":[{"href":"https:\/\/www.europesays.com\/fr\/wp-json\/wp\/v2\/posts\/1165491","targetHints":{"allow":["GET"]}}],"collection":[{"href":"https:\/\/www.europesays.com\/fr\/wp-json\/wp\/v2\/posts"}],"about":[{"href":"https:\/\/www.europesays.com\/fr\/wp-json\/wp\/v2\/types\/post"}],"author":[{"embeddable":true,"href":"https:\/\/www.europesays.com\/fr\/wp-json\/wp\/v2\/users\/2"}],"replies":[{"embeddable":true,"href":"https:\/\/www.europesays.com\/fr\/wp-json\/wp\/v2\/comments?post=1165491"}],"version-history":[{"count":0,"href":"https:\/\/www.europesays.com\/fr\/wp-json\/wp\/v2\/posts\/1165491\/revisions"}],"wp:featuredmedia":[{"embeddable":true,"href":"https:\/\/www.europesays.com\/fr\/wp-json\/wp\/v2\/media\/1165492"}],"wp:attachment":[{"href":"https:\/\/www.europesays.com\/fr\/wp-json\/wp\/v2\/media?parent=1165491"}],"wp:term":[{"taxonomy":"category","embeddable":true,"href":"https:\/\/www.europesays.com\/fr\/wp-json\/wp\/v2\/categories?post=1165491"},{"taxonomy":"post_tag","embeddable":true,"href":"https:\/\/www.europesays.com\/fr\/wp-json\/wp\/v2\/tags?post=1165491"}],"curies":[{"name":"wp","href":"https:\/\/api.w.org\/{rel}","templated":true}]}}