{"id":1165493,"date":"2026-09-03T20:08:41","date_gmt":"2026-09-03T20:08:41","guid":{"rendered":"https:\/\/www.europesays.com\/fr\/1165493\/"},"modified":"2026-09-03T20:08:41","modified_gmt":"2026-09-03T20:08:41","slug":"a-strasbourg-on-a-pousse-la-porte-dune-boutique-avec-7-creatrices-et-de-belles-pepites","status":"publish","type":"post","link":"https:\/\/www.europesays.com\/fr\/1165493\/","title":{"rendered":"\u00c0 Strasbourg, on a pouss\u00e9 la porte d&rsquo;une boutique avec 7 cr\u00e9atrices et de belles p\u00e9pites !"},"content":{"rendered":"<p><strong>En juin, la boutique strasbourgeoise Les Cr\u00e9atives f\u00eatait ses 2 ans. Nich\u00e9e sur un quai, elle propose non seulement le travail de 7 cr\u00e9atrices, mais aussi et surtout des ateliers pour d\u00e9velopper ou se d\u00e9couvrir des talents. On vous montre cette petite p\u00e9pite strasbourgeoise. <\/strong><\/p>\n<p>En prenant le temps de fl\u00e2ner sur le quai des P\u00eacheurs \u00e0 Strasbourg, on peut tomber <strong>sur Les Cr\u00e9atives, un atelier-boutique color\u00e9 nich\u00e9 au creux d\u2019une cour. Ce cocon, c\u2019est le b\u00e9b\u00e9 d\u2019Amandine Vancoillie,<\/strong> dans lequel on retrouve \u00e9galement ses cr\u00e9ations faites sous le nom d\u2019<a href=\"https:\/\/www.instagram.com\/amillo_by_amandine\/?hl=fr\" target=\"_blank\" rel=\"noopener nofollow\">Amillo<\/a>\u2026 ainsi que les p\u00e9pites d\u2019autres artistes. On vous raconte.<\/p>\n<p>                <img width=\"750\" height=\"500\" src=\"https:\/\/www.europesays.com\/fr\/wp-content\/uploads\/2026\/08\/amillo-atelier-les-creatives-86-750x500.jpg\" class=\"attachment-gallery size-gallery\" alt=\"Amillo atelier Les Cr\u00e9atives (86)\" data-full-url=\"https:\/\/pokaa.fr\/wp-content\/uploads\/2026\/08\/12\/amillo-atelier-les-creatives-86.jpg\" decoding=\"async\" loading=\"lazy\"  \/>            <\/p>\n<p>                <img width=\"750\" height=\"500\" src=\"https:\/\/www.europesays.com\/fr\/wp-content\/uploads\/2026\/08\/les-creatives-38-750x500.jpg\" class=\"attachment-gallery size-gallery\" alt=\"Les Cr\u00e9atives (38)\" data-full-url=\"https:\/\/pokaa.fr\/wp-content\/uploads\/2026\/08\/12\/les-creatives-38.jpg\" decoding=\"async\" loading=\"lazy\"  \/>            <\/p>\n<p>                <img width=\"750\" height=\"500\" src=\"https:\/\/www.europesays.com\/fr\/wp-content\/uploads\/2026\/09\/amillo-atelier-les-creatives-13-750x500.jpg\" class=\"attachment-gallery size-gallery\" alt=\"Amillo atelier Les Cr\u00e9atives (13)\" data-full-url=\"https:\/\/pokaa.fr\/wp-content\/uploads\/2026\/08\/12\/amillo-atelier-les-creatives-13.jpg\" decoding=\"async\" loading=\"lazy\"  \/>            <\/p>\n<p>                <img width=\"280\" height=\"500\" src=\"https:\/\/www.europesays.com\/fr\/wp-content\/uploads\/2026\/09\/les-creatives-41-280x500.jpg\" class=\"attachment-gallery size-gallery\" alt=\"Les Cr\u00e9atives (41)\" data-full-url=\"https:\/\/pokaa.fr\/wp-content\/uploads\/2026\/08\/12\/les-creatives-41.jpg\" decoding=\"async\" loading=\"lazy\"  \/>            <\/p>\n<p>                <img width=\"280\" height=\"500\" src=\"https:\/\/www.europesays.com\/fr\/wp-content\/uploads\/2026\/08\/les-creatives-40-280x500.jpg\" class=\"attachment-gallery size-gallery\" alt=\"Les Cr\u00e9atives (40)\" data-full-url=\"https:\/\/pokaa.fr\/wp-content\/uploads\/2026\/08\/12\/les-creatives-40.jpg\" decoding=\"async\" loading=\"lazy\"  \/>            <\/p>\n<p>                <img width=\"280\" height=\"500\" src=\"https:\/\/www.europesays.com\/fr\/wp-content\/uploads\/2026\/09\/les-creatives-42-280x500.jpg\" class=\"attachment-gallery size-gallery\" alt=\"Les Cr\u00e9atives (42)\" data-full-url=\"https:\/\/pokaa.fr\/wp-content\/uploads\/2026\/08\/12\/les-creatives-42.jpg\" decoding=\"async\" loading=\"lazy\"  \/>            <\/p>\n<p>                <img width=\"750\" height=\"500\" src=\"https:\/\/www.europesays.com\/fr\/wp-content\/uploads\/2026\/09\/amandine-vancoillie-amillo-atelier-les-creatives-8-750x500.jpg\" class=\"attachment-gallery size-gallery\" alt=\"Amandine Vancoillie Amillo atelier Les Cr\u00e9atives (8)\" data-full-url=\"https:\/\/pokaa.fr\/wp-content\/uploads\/2026\/08\/12\/amandine-vancoillie-amillo-atelier-les-creatives-8.jpg\" decoding=\"async\" loading=\"lazy\"  \/>            <\/p>\n<p>                    \u00a9 Marie Goehner-David \/ Pokaa<\/p>\n<p>7 cr\u00e9atrices, et autant d\u2019univers <\/p>\n<p>On y retrouve donc les boucles d\u2019oreilles d\u2019Amillo, mais aussi les broderies de <a href=\"https:\/\/www.instagram.com\/brode.ouais\/?hl=fr\" target=\"_blank\" rel=\"noopener nofollow\">Brode Ouais<\/a>, les gravures de <a href=\"https:\/\/www.instagram.com\/camillemkm_creation\/?hl=fr\" target=\"_blank\" rel=\"noopener nofollow\">Camille MKM<\/a>, le travail autour des fleurs s\u00e9ch\u00e9es de <a href=\"https:\/\/www.instagram.com\/tulipe.sauvage\/?hl=fr\" target=\"_blank\" rel=\"noopener nofollow\">Tulipe Sauvage<\/a>, les bougies de <a href=\"https:\/\/www.instagram.com\/prende.atelier\/?hl=fr\" target=\"_blank\" rel=\"noopener nofollow\">Prende<\/a>, les illustrations de <a href=\"https:\/\/www.instagram.com\/kiochaa\/?hl=fr\" target=\"_blank\" rel=\"noopener nofollow\">Kiochaa<\/a> ou encore les encens et spell jars d\u2019<a href=\"https:\/\/www.instagram.com\/esocrea.mariposa\/?hl=fr\" target=\"_blank\" rel=\"noopener nofollow\">Esocr\u00e9a Mariposa<\/a>. 7 femmes, 7 univers.<\/p>\n<p>\u00ab\u00a0<strong>La boutique est exclusivement r\u00e9serv\u00e9e aux cr\u00e9atrices strasbourgeoises. <\/strong>Et pour qu\u2019il n\u2019y ait pas de concurrence, je n\u2019accepte que les candidatures avec des pratiques qui ne sont pas encore repr\u00e9sent\u00e9es. Comme \u00e7a, on ne s\u2019ennuie jamais, et surtout, on ne se marche pas sur les pieds \u00bb, explique Amandine.<\/p>\n<p>                <img width=\"750\" height=\"500\" src=\"https:\/\/www.europesays.com\/fr\/wp-content\/uploads\/2026\/09\/les-creatives-39-750x500.jpg\" class=\"attachment-gallery size-gallery\" alt=\"Les Cr\u00e9atives (39) Prende\" data-full-url=\"https:\/\/pokaa.fr\/wp-content\/uploads\/2026\/08\/12\/les-creatives-39.jpg\" decoding=\"async\" loading=\"lazy\"  \/>            <\/p>\n<p>                <img width=\"750\" height=\"500\" src=\"https:\/\/www.europesays.com\/fr\/wp-content\/uploads\/2026\/09\/les-creatives-35-750x500.jpg\" class=\"attachment-gallery size-gallery\" alt=\"Les Cr\u00e9atives (35)\" data-full-url=\"https:\/\/pokaa.fr\/wp-content\/uploads\/2026\/08\/12\/les-creatives-35.jpg\" decoding=\"async\" loading=\"lazy\"  \/>            <\/p>\n<p>                <img width=\"750\" height=\"500\" src=\"https:\/\/www.europesays.com\/fr\/wp-content\/uploads\/2026\/09\/les-creatives-34-750x500.jpg\" class=\"attachment-gallery size-gallery\" alt=\"Les Cr\u00e9atives (34)\" data-full-url=\"https:\/\/pokaa.fr\/wp-content\/uploads\/2026\/08\/12\/les-creatives-34.jpg\" decoding=\"async\" loading=\"lazy\"  \/>            <\/p>\n<p>                <img width=\"750\" height=\"500\" src=\"https:\/\/www.europesays.com\/fr\/wp-content\/uploads\/2026\/09\/les-creatives-31-750x500.jpg\" class=\"attachment-gallery size-gallery\" alt=\"Les Cr\u00e9atives (31) Tulipe Sauvage\" data-full-url=\"https:\/\/pokaa.fr\/wp-content\/uploads\/2026\/08\/12\/les-creatives-31.jpg\" decoding=\"async\" loading=\"lazy\"  \/>            <\/p>\n<p>                <img width=\"750\" height=\"500\" src=\"https:\/\/www.europesays.com\/fr\/wp-content\/uploads\/2026\/09\/les-creatives-24-750x500.jpg\" class=\"attachment-gallery size-gallery\" alt=\"Les Cr\u00e9atives (24) brode ouais\" data-full-url=\"https:\/\/pokaa.fr\/wp-content\/uploads\/2026\/08\/12\/les-creatives-24.jpg\" decoding=\"async\" loading=\"lazy\"  \/>            <\/p>\n<p>                <img width=\"750\" height=\"500\" src=\"https:\/\/www.europesays.com\/fr\/wp-content\/uploads\/2026\/09\/les-creatives-25-750x500.jpg\" class=\"attachment-gallery size-gallery\" alt=\"Les Cr\u00e9atives (25)\" data-full-url=\"https:\/\/pokaa.fr\/wp-content\/uploads\/2026\/08\/12\/les-creatives-25.jpg\" decoding=\"async\" loading=\"lazy\"  \/>            <\/p>\n<p>                <img width=\"750\" height=\"500\" src=\"https:\/\/www.europesays.com\/fr\/wp-content\/uploads\/2026\/09\/les-creatives-26-750x500.jpg\" class=\"attachment-gallery size-gallery\" alt=\"Les Cr\u00e9atives (26) Mariposa\" data-full-url=\"https:\/\/pokaa.fr\/wp-content\/uploads\/2026\/08\/12\/les-creatives-26.jpg\" decoding=\"async\" loading=\"lazy\"  \/>            <\/p>\n<p>                <img width=\"750\" height=\"500\" src=\"https:\/\/www.europesays.com\/fr\/wp-content\/uploads\/2026\/09\/les-creatives-28-750x500.jpg\" class=\"attachment-gallery size-gallery\" alt=\"Les Cr\u00e9atives (28) brode ouais\" data-full-url=\"https:\/\/pokaa.fr\/wp-content\/uploads\/2026\/08\/12\/les-creatives-28.jpg\" decoding=\"async\" loading=\"lazy\"  \/>            <\/p>\n<p>                <img width=\"750\" height=\"500\" src=\"https:\/\/www.europesays.com\/fr\/wp-content\/uploads\/2026\/09\/les-creatives-29-750x500.jpg\" class=\"attachment-gallery size-gallery\" alt=\"Les Cr\u00e9atives (29)\" data-full-url=\"https:\/\/pokaa.fr\/wp-content\/uploads\/2026\/08\/12\/les-creatives-29.jpg\" decoding=\"async\" loading=\"lazy\"  \/>            <\/p>\n<p>                <img width=\"750\" height=\"500\" src=\"https:\/\/www.europesays.com\/fr\/wp-content\/uploads\/2026\/09\/les-creatives-18-750x500.jpg\" class=\"attachment-gallery size-gallery\" alt=\"Les Cr\u00e9atives (18) Camille MKM\" data-full-url=\"https:\/\/pokaa.fr\/wp-content\/uploads\/2026\/08\/12\/les-creatives-18.jpg\" decoding=\"async\" loading=\"lazy\"  \/>            <\/p>\n<p>                <img width=\"750\" height=\"500\" src=\"https:\/\/www.europesays.com\/fr\/wp-content\/uploads\/2026\/09\/les-creatives-21-750x500.jpg\" class=\"attachment-gallery size-gallery\" alt=\"Les Cr\u00e9atives (21) Camille MKM\" data-full-url=\"https:\/\/pokaa.fr\/wp-content\/uploads\/2026\/08\/12\/les-creatives-21.jpg\" decoding=\"async\" loading=\"lazy\"  \/>            <\/p>\n<p>                <img width=\"750\" height=\"500\" src=\"https:\/\/www.europesays.com\/fr\/wp-content\/uploads\/2026\/09\/les-creatives-5-750x500.jpg\" class=\"attachment-gallery size-gallery\" alt=\"Les Cr\u00e9atives (5) Brode ouais\" data-full-url=\"https:\/\/pokaa.fr\/wp-content\/uploads\/2026\/08\/12\/les-creatives-5.jpg\" decoding=\"async\" loading=\"lazy\"  \/>            <\/p>\n<p>                <img width=\"750\" height=\"500\" src=\"https:\/\/www.europesays.com\/fr\/wp-content\/uploads\/2026\/09\/les-creatives-2-750x500.jpg\" class=\"attachment-gallery size-gallery\" alt=\"Les Cr\u00e9atives (2) Mariposa\" data-full-url=\"https:\/\/pokaa.fr\/wp-content\/uploads\/2026\/08\/12\/les-creatives-2.jpg\" decoding=\"async\" loading=\"lazy\"  \/>            <\/p>\n<p>                    \u00a9 Marie Goehner-David \/ Pokaa<\/p>\n<p>    <img width=\"800\" height=\"533\" src=\"https:\/\/www.europesays.com\/fr\/wp-content\/uploads\/2026\/09\/amillo-atelier-les-creatives-12-800x533.jpg\" class=\"attachment-image-size-L size-image-size-L\" alt=\"Amillo atelier Les Cr\u00e9atives (12)\" decoding=\"async\" loading=\"lazy\"  \/>         \u00a9 Marie Goehner-David \/ Pokaa <\/p>\n<p>Une boutique, mais aussi une communaut\u00e9<\/p>\n<p>Les Cr\u00e9atives, c\u2019est donc une boutique, mais pas que : elle ouvre les portes le samedi pour la vente, et en semaine, le lieu devient <strong>un v\u00e9ritable incubateur cr\u00e9atif, avec de nombreux ateliers.<\/strong><\/p>\n<p>Amandine explique : \u00ab <strong>L<strong>a cond<\/strong>ition pour rejoindre Les Cr\u00e9atives, c\u2019est de proposer des moments de partage.<\/strong> Avec les ateliers, on transmet un savoir-faire, on invite \u00e0 prendre du temps pour soi, \u00e0 d\u00e9couvrir des artistes, des techniques, et finalement, \u00e0 <strong>profiter d\u2019un temps d\u2019\u00e9changes pr\u00e9cieux.<\/strong><strong>\u00a0<\/strong>\u00bb<\/p>\n<p>                <img width=\"375\" height=\"500\" src=\"https:\/\/www.europesays.com\/fr\/wp-content\/uploads\/2025\/06\/mariposa-6-375x500.jpg\" class=\"attachment-gallery size-gallery\" alt=\"Girls up voco\" data-full-url=\"https:\/\/pokaa.fr\/wp-content\/uploads\/2025\/06\/26\/mariposa-6.jpg\" decoding=\"async\" loading=\"lazy\"  \/>            <\/p>\n<p>                <img width=\"375\" height=\"500\" src=\"https:\/\/www.europesays.com\/fr\/wp-content\/uploads\/2025\/06\/mariposa-8-375x500.jpg\" class=\"attachment-gallery size-gallery\" alt=\"Girls up voco\" data-full-url=\"https:\/\/pokaa.fr\/wp-content\/uploads\/2025\/06\/26\/mariposa-8.jpg\" decoding=\"async\" loading=\"lazy\"  \/>            <\/p>\n<p>                <img width=\"375\" height=\"500\" src=\"https:\/\/www.europesays.com\/fr\/wp-content\/uploads\/2026\/06\/photo-atelier-esocrea-mariposa-3-375x500.jpg\" class=\"attachment-gallery size-gallery\" alt=\"mariposa + voco + girls up\" data-full-url=\"https:\/\/pokaa.fr\/wp-content\/uploads\/2026\/06\/22\/photo-atelier-esocrea-mariposa-3.jpg\" decoding=\"async\" loading=\"lazy\"  \/>            <\/p>\n<p>                    \u00a9 Documents remis<\/p>\n<p>    <img width=\"800\" height=\"533\" src=\"https:\/\/www.europesays.com\/fr\/wp-content\/uploads\/2026\/09\/amillo-atelier-les-creatives-89-800x533.jpg\" class=\"attachment-image-size-L size-image-size-L\" alt=\"Amillo atelier Les Cr\u00e9atives (89)\" decoding=\"async\" loading=\"lazy\"  \/>         \u00a9 Marie Goehner-David \/ Pokaa <\/p>\n<p>Tent\u00e9(e)s pour apprendre \u00e0 <strong>faire votre propre tampon, des boucles d\u2019oreilles avec des accessoires en fimo, des guirlandes lumineuses fleuries, de la broderie ou votre propre encens\u00a0?<\/strong> Chaque mois, <strong>le planning complet des ateliers est post\u00e9 sur <a href=\"https:\/\/www.instagram.com\/les.creatives.strasbourg\/?hl=fr\" target=\"_blank\" rel=\"noopener nofollow\">le compte Instagram des Cr\u00e9atives<\/a>.<\/strong> Et pour des ateliers priv\u00e9s, il suffit de demander\u00a0!<\/p>\n<p>                <a href=\"https:\/\/pokaa.fr\/2026\/08\/17\/pate-fimo-et-bonne-humeur-a-strasbourg-on-peut-fabriquer-ses-boucles-doreilles-avec-une-artiste\/\" rel=\"nofollow noopener\" target=\"_blank\"><br \/>\n                    <img width=\"450\" height=\"270\" src=\"https:\/\/www.europesays.com\/fr\/wp-content\/uploads\/2026\/09\/amillo-atelier-les-creatives-139-450x270.jpg\" class=\"attachment-card-horizontal--same-subject size-card-horizontal--same-subject wp-post-image\" alt=\"\" decoding=\"async\" loading=\"lazy\"\/>                <\/a><\/p>\n<p>    <img width=\"800\" height=\"533\" src=\"https:\/\/www.europesays.com\/fr\/wp-content\/uploads\/2026\/09\/amillo-atelier-les-creatives-69-800x533.jpg\" class=\"attachment-image-size-L size-image-size-L\" alt=\"Amillo atelier Les Cr\u00e9atives (69)\" decoding=\"async\" loading=\"lazy\"  \/>         \u00a9 Marie Goehner-David \/ Pokaa <\/p>\n<p>D\u00e9but septembre, rendez-vous \u00e0 la Foire Europ\u00e9enne<\/p>\n<p>Et parce que chez Les Cr\u00e9atives, \u00e7a bouge, il sera possible de retrouver la joyeuse \u00e9quipe <strong>du 4 au 13 septembre \u00e0 la Foire Europ\u00e9enne.<\/strong> Pour la premi\u00e8re participation de la boutique \u00e0 l\u2019\u00e9v\u00e9nement, vous pourrez les retrouver dans le hall Tivoli, avec quelques surprises au passage.<\/p>\n<p>En effet, il y aura sur le stand <strong>une roue de la fortune, avec un gros gain \u00e0 la cl\u00e9 (chut, on garde le suspense), mais aussi la possibilit\u00e9 de gagner des places pour des ateliers boucles d\u2019oreilles avec Amillo, ou d\u2019autres p\u00e9pites encore\u2026<\/strong> On ne vous en dit pas plus, et on vous laisse aller d\u00e9couvrir !<\/p>\n<p>    <img width=\"800\" height=\"533\" src=\"https:\/\/www.europesays.com\/fr\/wp-content\/uploads\/2026\/09\/les-creatives-32-800x533.jpg\" class=\"attachment-image-size-L size-image-size-L\" alt=\"Les Cr\u00e9atives (32)\" decoding=\"async\" loading=\"lazy\"  \/>         \u00a9 Marie Goehner-David \/ Pokaa <\/p>\n<p>            Les Cr\u00e9atives<\/p>\n<p>            Quoi ?<br \/>\n            Boutique de cr\u00e9atrices et ateliers        <\/p>\n<p>                Quand ?<br \/>\n                3 Sep. 2026            <\/p>\n<p>            o\u00f9 ?<br \/>\n            18 quai des P\u00eacheurs, \u00e0 Strasbourg        <\/p>\n<p>                Plus d&rsquo;infos ?<\/p>\n<p><a href=\"https:\/\/www.instagram.com\/les.creatives.strasbourg\/?hl=fr\" target=\"_blank\" rel=\"noopener nofollow\">Page Instagram<\/a><br \/><a href=\"https:\/\/linktr.ee\/amillobyamandine\" target=\"_blank\" rel=\"noopener nofollow\">Leur Linktree avec toutes les informations sur les ateliers<\/a><\/p>\n<p><script async src=\"\/\/www.instagram.com\/embed.js\"><\/script><\/p>\n","protected":false},"excerpt":{"rendered":"En juin, la boutique strasbourgeoise Les Cr\u00e9atives f\u00eatait ses 2 ans. Nich\u00e9e sur un quai, elle propose non&hellip;\n","protected":false},"author":2,"featured_media":1165494,"comment_status":"","ping_status":"","sticky":false,"template":"","format":"standard","meta":{"footnotes":"","_share_on_mastodon":"0"},"categories":[2820],"tags":[1111,11,116229,116230,10036,120213,120214,4942,120215,1777,674,1011,27,775,120216,116232,12,120217,25,640,120218],"class_list":["post-1165493","post","type-post","status-publish","format-standard","has-post-thumbnail","category-strasbourg","tag-actu","tag-actualites","tag-amandine-vancoillie","tag-amillo-by-amandine","tag-ateliers","tag-brode-ouais","tag-camille-mkm","tag-creation","tag-esocrea-mariposa","tag-eu","tag-europe","tag-fr","tag-france","tag-grand-est","tag-kiochaa","tag-les-creatives","tag-news","tag-prende","tag-republique-francaise","tag-strasbourg","tag-tulipe-sauvage"],"share_on_mastodon":{"url":"https:\/\/pubeurope.com\/@fr\/117208930226053378","error":""},"_links":{"self":[{"href":"https:\/\/www.europesays.com\/fr\/wp-json\/wp\/v2\/posts\/1165493","targetHints":{"allow":["GET"]}}],"collection":[{"href":"https:\/\/www.europesays.com\/fr\/wp-json\/wp\/v2\/posts"}],"about":[{"href":"https:\/\/www.europesays.com\/fr\/wp-json\/wp\/v2\/types\/post"}],"author":[{"embeddable":true,"href":"https:\/\/www.europesays.com\/fr\/wp-json\/wp\/v2\/users\/2"}],"replies":[{"embeddable":true,"href":"https:\/\/www.europesays.com\/fr\/wp-json\/wp\/v2\/comments?post=1165493"}],"version-history":[{"count":0,"href":"https:\/\/www.europesays.com\/fr\/wp-json\/wp\/v2\/posts\/1165493\/revisions"}],"wp:featuredmedia":[{"embeddable":true,"href":"https:\/\/www.europesays.com\/fr\/wp-json\/wp\/v2\/media\/1165494"}],"wp:attachment":[{"href":"https:\/\/www.europesays.com\/fr\/wp-json\/wp\/v2\/media?parent=1165493"}],"wp:term":[{"taxonomy":"category","embeddable":true,"href":"https:\/\/www.europesays.com\/fr\/wp-json\/wp\/v2\/categories?post=1165493"},{"taxonomy":"post_tag","embeddable":true,"href":"https:\/\/www.europesays.com\/fr\/wp-json\/wp\/v2\/tags?post=1165493"}],"curies":[{"name":"wp","href":"https:\/\/api.w.org\/{rel}","templated":true}]}}