{"id":1165516,"date":"2026-09-03T20:28:18","date_gmt":"2026-09-03T20:28:18","guid":{"rendered":"https:\/\/www.europesays.com\/fr\/1165516\/"},"modified":"2026-09-03T20:28:18","modified_gmt":"2026-09-03T20:28:18","slug":"metro-a-marseille-six-stations-a-larret-sur-la-ligne-1-en-raison-de-la-presence-dune-personne-sur-les-voies","status":"publish","type":"post","link":"https:\/\/www.europesays.com\/fr\/1165516\/","title":{"rendered":"M\u00e9tro \u00e0 Marseille : six stations \u00e0 l&rsquo;arr\u00eat sur la ligne 1 en raison de la pr\u00e9sence d&rsquo;une personne sur les voies"},"content":{"rendered":"<p>Dans un communiqu\u00e9 <a href=\"https:\/\/www.rtm.fr\/infos-trafic\/1497671161758705159\" target=\"_blank\" rel=\"nofollow noopener\">sur son site<\/a>, la RTM signalait les choses suivantes\u00a0: \u00ab\u00a0Six stations non desservies de Baille \u00e0 La Fourrag\u00e8re\u00a0\u00bb, sur la ligne 1 du m\u00e9tro \u00e0 Marseille. La raison\u00a0? Une personne se trouve sur les voies \u00e0 hauteur de la station Baille. \u00ab\u00a0La\u00a0ligne\u00a0circule uniquement\u00a0entre\u00a0La Rose\u00a0et\u00a0Castellane\u00a0\u00bb<strong>, <\/strong>ajoute la missive.<\/p>\n<p>Les stations\u00a0non desservies \u00e9taient les suivantes\u00a0: <strong>Baille, La Timone, La Blancarde, Louis Armand, Saint-Barnab\u00e9 et La Fourrag\u00e8re. Depuis quelques minutes, le trafic est en train de reprendre progressivement, annone la R\u00e9gie des transports m\u00e9tropolitains.<\/strong><\/p>\n<p><strong>Comment faire pour vous rendre \u00e0 votre destination\u00a0?<\/strong><\/p>\n<p>&#8211; Entre les stations Baille et La Timone depuis la station Castellane, empruntez l\u2019acc\u00e8s bd Baille puis prendre le Bus 54,<\/p>\n<p>&#8211; \u00c0 la Blancarde depuis la station Castellane, empruntez le Tram T3 jusqu\u2019au cours St Louis puis le Tram T2 station Canebi\u00e8re Capucins,<\/p>\n<p>&#8211; Entre les stations entre les stations La Blancarde et La Fourrag\u00e8re, descendre \u00e0 la station 5 Avenues puis le Bus 7,<\/p>\n<p>&#8211; \u00c0 la Blancarde depuis la station R\u00e9form\u00e9s Canebi\u00e8re, empruntez le M\u00e9tro M1.<\/p>\n","protected":false},"excerpt":{"rendered":"Dans un communiqu\u00e9 sur son site, la RTM signalait les choses suivantes\u00a0: \u00ab\u00a0Six stations non desservies de Baille&hellip;\n","protected":false},"author":2,"featured_media":1165517,"comment_status":"","ping_status":"","sticky":false,"template":"","format":"standard","meta":{"footnotes":"","_share_on_mastodon":"0"},"categories":[2814],"tags":[5734,1111,11,1777,674,1011,27,27775,3052,884,4047,12,882,16,25,18847,8400,3356],"class_list":["post-1165516","post","type-post","status-publish","format-standard","has-post-thumbnail","category-marseille","tag-5734","tag-actu","tag-actualites","tag-eu","tag-europe","tag-fr","tag-france","tag-larret","tag-ligne","tag-marseille","tag-metro","tag-news","tag-provence-alpes-cote-dazur","tag-region","tag-republique-francaise","tag-six","tag-stations","tag-sur"],"share_on_mastodon":{"url":"https:\/\/pubeurope.com\/@fr\/117208999685123572","error":""},"_links":{"self":[{"href":"https:\/\/www.europesays.com\/fr\/wp-json\/wp\/v2\/posts\/1165516","targetHints":{"allow":["GET"]}}],"collection":[{"href":"https:\/\/www.europesays.com\/fr\/wp-json\/wp\/v2\/posts"}],"about":[{"href":"https:\/\/www.europesays.com\/fr\/wp-json\/wp\/v2\/types\/post"}],"author":[{"embeddable":true,"href":"https:\/\/www.europesays.com\/fr\/wp-json\/wp\/v2\/users\/2"}],"replies":[{"embeddable":true,"href":"https:\/\/www.europesays.com\/fr\/wp-json\/wp\/v2\/comments?post=1165516"}],"version-history":[{"count":0,"href":"https:\/\/www.europesays.com\/fr\/wp-json\/wp\/v2\/posts\/1165516\/revisions"}],"wp:featuredmedia":[{"embeddable":true,"href":"https:\/\/www.europesays.com\/fr\/wp-json\/wp\/v2\/media\/1165517"}],"wp:attachment":[{"href":"https:\/\/www.europesays.com\/fr\/wp-json\/wp\/v2\/media?parent=1165516"}],"wp:term":[{"taxonomy":"category","embeddable":true,"href":"https:\/\/www.europesays.com\/fr\/wp-json\/wp\/v2\/categories?post=1165516"},{"taxonomy":"post_tag","embeddable":true,"href":"https:\/\/www.europesays.com\/fr\/wp-json\/wp\/v2\/tags?post=1165516"}],"curies":[{"name":"wp","href":"https:\/\/api.w.org\/{rel}","templated":true}]}}