{"id":1165520,"date":"2026-09-03T20:32:14","date_gmt":"2026-09-03T20:32:14","guid":{"rendered":"https:\/\/www.europesays.com\/fr\/1165520\/"},"modified":"2026-09-03T20:32:14","modified_gmt":"2026-09-03T20:32:14","slug":"consanguinite-dans-certaines-populations-maghrebines-a-lyon-mila-echappe-finalement-a-sa-condamnation-grace-a-une-erreur-de-procedure","status":"publish","type":"post","link":"https:\/\/www.europesays.com\/fr\/1165520\/","title":{"rendered":"\u00ab\u00a0Consanguinit\u00e9 dans certaines populations maghr\u00e9bines\u00a0\u00bb : \u00e0 Lyon, Mila \u00e9chappe finalement \u00e0 sa condamnation gr\u00e2ce \u00e0 une erreur de proc\u00e9dure"},"content":{"rendered":"<p itemprop=\"description\"><strong>Poursuivie pour des propos diffus\u00e9s sur le r\u00e9seau social X en f\u00e9vrier 2024, la militante d&rsquo;extr\u00eame droite Mila Orriols a \u00e9t\u00e9 relax\u00e9e ce jeudi 3 septembre 2026 par la cour d&rsquo;appel de Lyon. En cause : un vice de forme sur la qualification juridique des faits retenue lors des poursuites initiales.<\/strong><\/p>\n<p>Alors qu&rsquo;elle avait \u00e9t\u00e9 <a href=\"https:\/\/www.lyonmag.com\/article\/148977\/consanguinite-dans-certaines-populations-maghrebines-l-influenceuse-d-extreme-droite-mila-condamnee-a-lyon\" target=\"_blank\" rel=\"noopener nofollow\">condamn\u00e9e en premi\u00e8re instance le 16 d\u00e9cembre dernier<\/a> d&rsquo;une peine de 2 000 euros d&rsquo;amende avec sursis, ainsi que d&rsquo;un versement de 1 000 euros de dommages et int\u00e9r\u00eats \u00e0 la Ligue des droits de l&rsquo;Homme (LDH), la jeune femme de 22 ans repart libre de toute condamnation ce jeudi.<\/p>\n<p>En cause, un \u00e9cueil de proc\u00e9dure soulev\u00e9 durant les d\u00e9bats. Le minist\u00e8re public avait initialement engag\u00e9 des poursuites pour des injures ciblant nomm\u00e9ment le plaignant. Or, lors de l&rsquo;audience d&rsquo;appel, l&rsquo;avocat g\u00e9n\u00e9ral a relev\u00e9 que les \u00e9crits reproch\u00e9s visaient en r\u00e9alit\u00e9 l&rsquo;ensemble de la communaut\u00e9 maghr\u00e9bine. Tout en reconnaissant la mat\u00e9rialit\u00e9 des propos racistes de la pr\u00e9venue, le parquet a donc lui-m\u00eame requis la relaxe pour des motifs strictement juridiques.<\/p>\n<p>Un tweet publi\u00e9 sur X puis rapidement supprim\u00e9<\/p>\n<p>L&rsquo;affaire remonte \u00e0 f\u00e9vrier 2024. Dans une publication sur la plate-forme X (ex-Twitter) effac\u00e9e dix minutes plus tard, l&rsquo;activiste proche du collectif identitaire N\u00e9m\u00e9sis et de Reconqu\u00eate! \u00e9crivait : \u00ab\u00a0Avec la consanguinit\u00e9, beaucoup ont des fronts minuscules j\u2019ai remarqu\u00e9 [&#8230;] Une immense partie des familles maghr\u00e9bines sont consanguines, et beaucoup ont des visages difformes et assez laids, et de tr\u00e8s petits fronts. Surtout les migrants chelous qui nous agressent dans la rue tous les jours\u00a0\u00bb.<\/p>\n<p>Lors du premier proc\u00e8s en octobre 2025 devant le tribunal judiciaire de Lyon, Mila \u2014 r\u00e9v\u00e9l\u00e9e au grand public en 2020 apr\u00e8s des propos sur l&rsquo;islam qui l&rsquo;avaient contrainte \u00e0 vivre sous protection polici\u00e8re suite \u00e0 une vague de cyberharc\u00e8lement \u2014 avait \u00e9voqu\u00e9 une d\u00e9marche\u00a0\u00ab\u00a0maladroite\u00a0\u00bb, r\u00e9dig\u00e9e selon elle\u00a0\u00ab\u00a0en r\u00e9ponse \u00e0 une \u00e9ni\u00e8me vague de harc\u00e8lement massive et gratuite\u00a0\u00bb. Elle d\u00e9clarait regretter\u00a0\u00ab\u00a0sinc\u00e8rement d\u2019avoir offens\u00e9 certaines personnes\u00a0\u00bb, tout en revendiquant\u00a0\u00ab\u00a0une libert\u00e9 d&rsquo;expression totale\u00a0\u00bb.<\/p>\n<p>\u00ab\u00a0Un probl\u00e8me de proc\u00e9dure\u00a0\u00bb qui fait r\u00e9agir les parties<\/p>\n<p>\u00c0 la sortie du d\u00e9lib\u00e9r\u00e9, les r\u00e9actions sont contrast\u00e9es. Conseil de la partie adverse, Me Martens n&rsquo;a pas cach\u00e9 sa d\u00e9ception face \u00e0 cette tournure technique :\u00a0\u00ab\u00a0Je regrette qu\u2019\u00e0 cause de cette erreur de proc\u00e9dure Mila puisse toujours \u00eatre consid\u00e9r\u00e9e comme non d\u00e9linquante, alors qu\u2019elle l\u2019est factuellement.\u00a0\u00bb<\/p>\n<p>De son c\u00f4t\u00e9, la d\u00e9fense de l&rsquo;influenceuse, repr\u00e9sent\u00e9e par Me Barbier, s&rsquo;\u00e9tait insurg\u00e9e d\u00e8s le jugement de premi\u00e8re instance, d\u00e9non\u00e7ant alors\u00a0\u00ab\u00a0une d\u00e9faite pour la libert\u00e9 d&rsquo;expression\u00a0\u00bb.<\/p>\n","protected":false},"excerpt":{"rendered":"Poursuivie pour des propos diffus\u00e9s sur le r\u00e9seau social X en f\u00e9vrier 2024, la militante d&rsquo;extr\u00eame droite Mila&hellip;\n","protected":false},"author":2,"featured_media":1165521,"comment_status":"","ping_status":"","sticky":false,"template":"","format":"standard","meta":{"footnotes":"","_share_on_mastodon":"0"},"categories":[1889],"tags":[1111,11,2813,2190,2430,1109,251,1112,2811,1777,674,118,1011,27,1922,1110,1114,2428,2810,12,241,316,25,2812,517,800],"class_list":["post-1165520","post","type-post","status-publish","format-standard","has-post-thumbnail","category-lyon","tag-actu","tag-actualites","tag-article","tag-asvel","tag-auvergne-rhone-alpes","tag-breves","tag-culture","tag-depeches","tag-economique","tag-eu","tag-europe","tag-faits-divers","tag-fr","tag-france","tag-info","tag-informations","tag-infos","tag-lyon","tag-lyonmag","tag-news","tag-ol","tag-politique","tag-republique-francaise","tag-sociale","tag-sport","tag-transports"],"share_on_mastodon":{"url":"https:\/\/pubeurope.com\/@fr\/117209015770500291","error":""},"_links":{"self":[{"href":"https:\/\/www.europesays.com\/fr\/wp-json\/wp\/v2\/posts\/1165520","targetHints":{"allow":["GET"]}}],"collection":[{"href":"https:\/\/www.europesays.com\/fr\/wp-json\/wp\/v2\/posts"}],"about":[{"href":"https:\/\/www.europesays.com\/fr\/wp-json\/wp\/v2\/types\/post"}],"author":[{"embeddable":true,"href":"https:\/\/www.europesays.com\/fr\/wp-json\/wp\/v2\/users\/2"}],"replies":[{"embeddable":true,"href":"https:\/\/www.europesays.com\/fr\/wp-json\/wp\/v2\/comments?post=1165520"}],"version-history":[{"count":0,"href":"https:\/\/www.europesays.com\/fr\/wp-json\/wp\/v2\/posts\/1165520\/revisions"}],"wp:featuredmedia":[{"embeddable":true,"href":"https:\/\/www.europesays.com\/fr\/wp-json\/wp\/v2\/media\/1165521"}],"wp:attachment":[{"href":"https:\/\/www.europesays.com\/fr\/wp-json\/wp\/v2\/media?parent=1165520"}],"wp:term":[{"taxonomy":"category","embeddable":true,"href":"https:\/\/www.europesays.com\/fr\/wp-json\/wp\/v2\/categories?post=1165520"},{"taxonomy":"post_tag","embeddable":true,"href":"https:\/\/www.europesays.com\/fr\/wp-json\/wp\/v2\/tags?post=1165520"}],"curies":[{"name":"wp","href":"https:\/\/api.w.org\/{rel}","templated":true}]}}