{"id":1165522,"date":"2026-09-03T20:34:08","date_gmt":"2026-09-03T20:34:08","guid":{"rendered":"https:\/\/www.europesays.com\/fr\/1165522\/"},"modified":"2026-09-03T20:34:08","modified_gmt":"2026-09-03T20:34:08","slug":"metropole-de-lyon-trois-jours-pour-donner-son-sang-ils-esperent-reunir-plus-de-1-200-donneurs","status":"publish","type":"post","link":"https:\/\/www.europesays.com\/fr\/1165522\/","title":{"rendered":"M\u00e9tropole de Lyon. Trois jours pour donner son sang\u00a0: ils esp\u00e8rent r\u00e9unir plus de 1\u00a0200 donneurs"},"content":{"rendered":"<p>Les 6, 7 et 8\u00a0octobre, la Halle de tennis du campus de la Doua, \u00e0 Villeurbanne, accueillera les donneurs de 9\u00a0\u00e0 14\u00a0heures et de 15\u00a0h\u00a030 \u00e0 19\u00a0heures. Pour cette nouvelle \u00e9dition, l\u2019objectif est double\u00a0: maintenir la mobilisation autour du don du sang et convaincre de nouveaux donneurs de franchir le pas. \u00c9tudiants, enseignants, personnels du campus ou simples habitants de la m\u00e9tropole\u00a0: tous les profils sont les bienvenus.\u00a0<\/p>\n<p>Chaque jour, 10\u00a0000 dons de sang sont n\u00e9cessaires en France pour r\u00e9pondre aux besoins des patients. Un don repr\u00e9sente environ une heure de votre temps et peut permettre de sauver jusqu\u2019\u00e0 trois vies. Les produits sanguins sont indispensables \u00e0 de nombreux traitements et aucune solution de synth\u00e8se ne peut aujourd\u2019hui les remplacer.<\/p>\n<p>  Les Toques Blanches Lyonnaises mettent la main \u00e0 la p\u00e2te<\/p>\n<p>Pour c\u00e9l\u00e9brer cette 10e \u00a0\u00e9dition, l\u2019EFS et ses partenaires ont pr\u00e9vu un programme d\u2019animations particuli\u00e8rement riche\u00a0: borne \u00e0 selfie, d\u00e9ambulation de la mascotte, massages, pr\u00e9sence d\u2019un magicien\u2026 De quoi accompagner les donneurs dans une ambiance conviviale. Pour la deuxi\u00e8me ann\u00e9e cons\u00e9cutive, <a href=\"https:\/\/www.leprogres.fr\/magazine-cuisine-et-vins\/2026\/01\/19\/assemblee-generale-des-toques-blanches-cap-sur-le-90-sup-e-sup-anniversaire\" target=\"_blank\" rel=\"nofollow noopener\">les Toques Blanches<\/a> Lyonnaises s\u2019associent \u00e9galement \u00e0 l\u2019\u00e9v\u00e9nement. Plusieurs chefs se relaieront pendant les trois jours pour pr\u00e9parer des cr\u00eapes garnies, chacun y apportant sa propre recette et sa touche personnelle.<\/p>\n<p>La mobilisation ne s\u2019arr\u00eate pas \u00e0 cette collecte anniversaire. Toute l\u2019ann\u00e9e, les deux maisons du don de <a href=\"https:\/\/www.leprogres.fr\/p\/part-dieu-lyon\" target=\"_blank\" rel=\"nofollow noopener\">la Part-Dieu<\/a> et de Confluence accueillent les donneurs.<\/p>\n","protected":false},"excerpt":{"rendered":"Les 6, 7 et 8\u00a0octobre, la Halle de tennis du campus de la Doua, \u00e0 Villeurbanne, accueillera les&hellip;\n","protected":false},"author":2,"featured_media":1165523,"comment_status":"","ping_status":"","sticky":false,"template":"","format":"standard","meta":{"footnotes":"","_share_on_mastodon":"0"},"categories":[1889],"tags":[1111,11,2430,2757,1777,674,1011,27,2428,12,25,2429,801,104,1631,6345,6346],"class_list":["post-1165522","post","type-post","status-publish","format-standard","has-post-thumbnail","category-lyon","tag-actu","tag-actualites","tag-auvergne-rhone-alpes","tag-edition-lyon-villeurbanne","tag-eu","tag-europe","tag-fr","tag-france","tag-lyon","tag-news","tag-republique-francaise","tag-rhone","tag-social","tag-societe","tag-vie-associative","tag-villeurbanne","tag-villeurbanne-bassin"],"share_on_mastodon":{"url":"https:\/\/pubeurope.com\/@fr\/117209023445374307","error":""},"_links":{"self":[{"href":"https:\/\/www.europesays.com\/fr\/wp-json\/wp\/v2\/posts\/1165522","targetHints":{"allow":["GET"]}}],"collection":[{"href":"https:\/\/www.europesays.com\/fr\/wp-json\/wp\/v2\/posts"}],"about":[{"href":"https:\/\/www.europesays.com\/fr\/wp-json\/wp\/v2\/types\/post"}],"author":[{"embeddable":true,"href":"https:\/\/www.europesays.com\/fr\/wp-json\/wp\/v2\/users\/2"}],"replies":[{"embeddable":true,"href":"https:\/\/www.europesays.com\/fr\/wp-json\/wp\/v2\/comments?post=1165522"}],"version-history":[{"count":0,"href":"https:\/\/www.europesays.com\/fr\/wp-json\/wp\/v2\/posts\/1165522\/revisions"}],"wp:featuredmedia":[{"embeddable":true,"href":"https:\/\/www.europesays.com\/fr\/wp-json\/wp\/v2\/media\/1165523"}],"wp:attachment":[{"href":"https:\/\/www.europesays.com\/fr\/wp-json\/wp\/v2\/media?parent=1165522"}],"wp:term":[{"taxonomy":"category","embeddable":true,"href":"https:\/\/www.europesays.com\/fr\/wp-json\/wp\/v2\/categories?post=1165522"},{"taxonomy":"post_tag","embeddable":true,"href":"https:\/\/www.europesays.com\/fr\/wp-json\/wp\/v2\/tags?post=1165522"}],"curies":[{"name":"wp","href":"https:\/\/api.w.org\/{rel}","templated":true}]}}