{"id":1165528,"date":"2026-09-03T20:37:15","date_gmt":"2026-09-03T20:37:15","guid":{"rendered":"https:\/\/www.europesays.com\/fr\/1165528\/"},"modified":"2026-09-03T20:37:15","modified_gmt":"2026-09-03T20:37:15","slug":"poussees-par-donald-trump-ces-entreprises-americaines-annulent-leur-venue-pour-un-sommet-a-paris","status":"publish","type":"post","link":"https:\/\/www.europesays.com\/fr\/1165528\/","title":{"rendered":"Pouss\u00e9es par Donald Trump, ces entreprises am\u00e9ricaines annulent leur venue pour un sommet \u00e0 Paris"},"content":{"rendered":"<p class=\"mb-4 text-lg md:leading-8 break-words\">Une question d&rsquo;image \u00e0 pr\u00e9server. Quatre soci\u00e9t\u00e9s am\u00e9ricaines, dont les g\u00e9ants Blue Origin et Space X, ont annul\u00e9 leur participation au Sommet spatial international organis\u00e9 \u00e0 Paris les 9\u00a0et 10\u00a0septembre, a appris l&rsquo;AFP ce jeudi 3\u00a0septembre aupr\u00e8s du minist\u00e8re fran\u00e7ais de l&rsquo;Enseignement sup\u00e9rieur, de la Recherche et de l&rsquo;Espace.<\/p>\n<p class=\"mb-4 text-lg md:leading-8 break-words\">\u00ab\u00a0Il est difficile de ne pas faire de lien avec les rumeurs de pression dont la presse se fait l&rsquo;\u00e9cho. Nous voulons \u00e9videmment continuer \u00e0 travailler avec nos partenaires et alli\u00e9s am\u00e9ricains, m\u00eame\u00a0si les revirements strat\u00e9giques et les pressions politiques rendent parfois la t\u00e2che inutilement complexe\u00a0\u00bb, a estim\u00e9 le minist\u00e8re dans un message transmis \u00e0 l&rsquo;AFP.<\/p>\n<p class=\"mb-4 text-lg md:leading-8 break-words\"><a data-ylk=\"slk:Midterms 2026\u00a0: inquiets pour ce scrutin au Texas, les r\u00e9publicains multiplient les appels du pied \u00e0 Trump;elm:context_link;itc:0;sec:content-canvas;\" data-yga=\"{&quot;yLinkElement&quot;:&quot;link&quot;,&quot;yLinkElementType&quot;:&quot;article_link&quot;}\" href=\"https:\/\/www.huffingtonpost.fr\/international\/article\/midterms-2026-inquiets-pour-ce-scrutin-au-texas-les-republicains-multiplient-les-appels-du-pied-a-trump_316679.html\" rel=\"noopener noreferrer nofollow\" target=\"_blank\">Midterms 2026\u00a0: inquiets pour ce scrutin au Texas, les r\u00e9publicains multiplient les appels du pied \u00e0 Trump<\/a><\/p>\n<p class=\"mb-4 text-lg md:leading-8 break-words\">Outre Blue Origin de Jeff Bezos et Space X d&rsquo;Elon Musk &#8211; deux acteurs mondiaux majeurs du secteur spatial priv\u00e9 -, les autres soci\u00e9t\u00e9s am\u00e9ricaines ayant annul\u00e9 leur venue sont les start-up Stoke Space et Starcloud, a pr\u00e9cis\u00e9 le minist\u00e8re.<\/p>\n<p class=\"mb-4 text-lg md:leading-8 break-words\"><a data-ylk=\"slk:Selon le m\u00e9dia am\u00e9ricain;elm:context_link;itc:0;sec:content-canvas;\" data-yga=\"{&quot;yLinkElement&quot;:&quot;link&quot;,&quot;yLinkElementType&quot;:&quot;article_link&quot;}\" href=\"https:\/\/www.politico.eu\/article\/spacex-blue-origin-ditch-emmanuel-macron-france-space-summit-amid-white-house-pressure\/\" rel=\"noopener noreferrer nofollow\" target=\"_blank\">Selon le m\u00e9dia am\u00e9ricain <\/a><a data-ylk=\"slk:Politico;elm:context_link;itc:0;sec:content-canvas;\" data-yga=\"{&quot;yLinkElement&quot;:&quot;link&quot;,&quot;yLinkElementType&quot;:&quot;article_link&quot;}\" href=\"https:\/\/www.politico.eu\/article\/spacex-blue-origin-ditch-emmanuel-macron-france-space-summit-amid-white-house-pressure\/\" rel=\"noopener noreferrer nofollow\" target=\"_blank\">Politico<\/a>, la Maison Blanche a pouss\u00e9 des entreprises spatiales am\u00e9ricaines \u00e0 ne pas participer \u00e0 ce sommet voulu par le pr\u00e9sident fran\u00e7ais Emmanuel Macron.<\/p>\n<p>Trois sources anonymes<\/p>\n<p class=\"mb-4 text-lg md:leading-8 break-words\">\u00ab\u00a0L&rsquo;administration Trump continue de collaborer avec ses alli\u00e9s et partenaires dans le domaine spatial. Nous nous r\u00e9jouissons de conversations productives lors du Sommet spatial sur des priorit\u00e9s essentielles, notamment les missions scientifiques, les programmes d&rsquo;exploration et la s\u00e9curit\u00e9 spatiale\u00a0\u00bb, a r\u00e9agi un responsable du Bureau de la politique scientifique et technologique de la Maison Blanche, sollicit\u00e9 par l&rsquo;AFP.<\/p>\n<p class=\"mb-4 text-lg md:leading-8 break-words\">Politico a rapport\u00e9 un appel t\u00e9l\u00e9phonique entre un service de la Maison Blanche et plusieurs entreprises spatiales, dont SpaceX, au cours duquel \u00ab\u00a0il semblait que l&rsquo;administration (am\u00e9ricaine) d\u00e9courageait la participation \u00e0 l&rsquo;\u00e9v\u00e9nement\u00a0\u00bb \u00e0 Paris, avan\u00e7ant qu&rsquo;elle \u00ab\u00a0pourrait \u00eatre per\u00e7ue comme un soutien tacite aux positions politiques de l&rsquo;Union europ\u00e9enne\u00a0\u00bb.<\/p>\n<p class=\"mb-4 text-lg md:leading-8 break-words\">Le site am\u00e9ricain a dit s&rsquo;appuyer sur trois sources, dont il pr\u00e9serve l&rsquo;anonymat, deux li\u00e9es aux entreprises spatiales et une \u00e9voluant dans la sph\u00e8re politique.<\/p>\n<p class=\"mb-4 text-lg md:leading-8 break-words\">Selon ces sources, un responsable de la Maison Blanche a affirm\u00e9 pendant l&rsquo;\u00e9change t\u00e9l\u00e9phonique que \u00ab\u00a0la France ne s&rsquo;\u00e9tait pas coordonn\u00e9e avec les \u00c9tats-Unis, a accus\u00e9 le pays de \u00ab\u00a0pratiques anticoncurrentielles\u00a0\u00bb et sugg\u00e9r\u00e9 que les ateliers n&rsquo;avaient pas \u00e9t\u00e9 pens\u00e9s pour inclure la perspective am\u00e9ricaine\u00a0\u00bb, a \u00e9crit Politico.<\/p>\n<p class=\"mb-4 text-lg md:leading-8 break-words\"><a data-ylk=\"slk:George Clooney a profit\u00e9 de la Mostra de Venise pour dire ce qu&#039;il pense de Donald Trump;elm:context_link;itc:0;sec:content-canvas;\" data-yga=\"{&quot;yLinkElement&quot;:&quot;link&quot;,&quot;yLinkElementType&quot;:&quot;article_link&quot;}\" href=\"https:\/\/www.huffingtonpost.fr\/culture\/video\/george-clooney-a-profite-de-la-mostra-de-venise-pour-dire-ce-qu-il-pense-de-donald-trump_316967.html\" rel=\"noopener noreferrer nofollow\" target=\"_blank\">George Clooney a profit\u00e9 de la Mostra de Venise pour dire ce qu&rsquo;il pense de Donald Trump<\/a><\/p>\n<p class=\"mb-4 text-lg md:leading-8 break-words\"><a data-ylk=\"slk:Donald Trump se dit \u00ab\u00a0heureux\u00a0\u00bb que le prince Harry et Meghan Markle quittent les \u00c9tats-Unis;elm:context_link;itc:0;sec:content-canvas;\" data-yga=\"{&quot;yLinkElement&quot;:&quot;link&quot;,&quot;yLinkElementType&quot;:&quot;article_link&quot;}\" href=\"https:\/\/www.huffingtonpost.fr\/international\/article\/donald-trump-se-dit-heureux-que-le-prince-harry-et-meghan-markle-quittent-les-etats-unis_316901.html\" rel=\"noopener noreferrer nofollow\" target=\"_blank\">Donald Trump se dit \u00ab\u00a0heureux\u00a0\u00bb que le prince Harry et Meghan Markle quittent les \u00c9tats-Unis<\/a><\/p>\n","protected":false},"excerpt":{"rendered":"Une question d&rsquo;image \u00e0 pr\u00e9server. Quatre soci\u00e9t\u00e9s am\u00e9ricaines, dont les g\u00e9ants Blue Origin et Space X, ont annul\u00e9&hellip;\n","protected":false},"author":2,"featured_media":1165529,"comment_status":"","ping_status":"","sticky":false,"template":"","format":"standard","meta":{"footnotes":"","_share_on_mastodon":"0"},"categories":[1888],"tags":[1111,1928,11,1927,6370,120221,120219,120223,8030,120220,1777,674,4538,1011,27,78,12,1926,626,1925,120222,25,120224,120225],"class_list":["post-1165528","post","type-post","status-publish","format-standard","has-post-thumbnail","category-paris","tag-actu","tag-actu-paris","tag-actualites","tag-actualites-paris","tag-americaine","tag-americaines-ayant-annule-leur-venue-sont-les","tag-blue-origin-et-space-x","tag-brendan-smialowski","tag-complexe","tag-diner-dans-la","tag-eu","tag-europe","tag-europeenne","tag-fr","tag-france","tag-maison-blanche","tag-news","tag-news-paris","tag-paris","tag-paris-news","tag-partenaires-dans-le-domaine","tag-republique-francaise","tag-selon-le-media-americain-politico","tag-stoke-space-et-starcloud"],"share_on_mastodon":{"url":"https:\/\/pubeurope.com\/@fr\/117209035021823788","error":""},"_links":{"self":[{"href":"https:\/\/www.europesays.com\/fr\/wp-json\/wp\/v2\/posts\/1165528","targetHints":{"allow":["GET"]}}],"collection":[{"href":"https:\/\/www.europesays.com\/fr\/wp-json\/wp\/v2\/posts"}],"about":[{"href":"https:\/\/www.europesays.com\/fr\/wp-json\/wp\/v2\/types\/post"}],"author":[{"embeddable":true,"href":"https:\/\/www.europesays.com\/fr\/wp-json\/wp\/v2\/users\/2"}],"replies":[{"embeddable":true,"href":"https:\/\/www.europesays.com\/fr\/wp-json\/wp\/v2\/comments?post=1165528"}],"version-history":[{"count":0,"href":"https:\/\/www.europesays.com\/fr\/wp-json\/wp\/v2\/posts\/1165528\/revisions"}],"wp:featuredmedia":[{"embeddable":true,"href":"https:\/\/www.europesays.com\/fr\/wp-json\/wp\/v2\/media\/1165529"}],"wp:attachment":[{"href":"https:\/\/www.europesays.com\/fr\/wp-json\/wp\/v2\/media?parent=1165528"}],"wp:term":[{"taxonomy":"category","embeddable":true,"href":"https:\/\/www.europesays.com\/fr\/wp-json\/wp\/v2\/categories?post=1165528"},{"taxonomy":"post_tag","embeddable":true,"href":"https:\/\/www.europesays.com\/fr\/wp-json\/wp\/v2\/tags?post=1165528"}],"curies":[{"name":"wp","href":"https:\/\/api.w.org\/{rel}","templated":true}]}}