{"id":1165536,"date":"2026-09-03T20:42:20","date_gmt":"2026-09-03T20:42:20","guid":{"rendered":"https:\/\/www.europesays.com\/fr\/1165536\/"},"modified":"2026-09-03T20:42:20","modified_gmt":"2026-09-03T20:42:20","slug":"voyants-mediums-chamanes-les-russes-se-tournent-vers-loccultisme-pour-retrouver-leurs-proches-disparus-en-ukraine","status":"publish","type":"post","link":"https:\/\/www.europesays.com\/fr\/1165536\/","title":{"rendered":"Voyants, m\u00e9diums, chamanes\u00a0: les Russes se tournent vers l\u2019occultisme pour retrouver leurs proches disparus en Ukraine"},"content":{"rendered":"<p>\n    <strong>R\u00c9CIT &#8211; <\/strong>L\u2019arm\u00e9e russe est sans nouvelles de dizaines de milliers de ses soldats, ou ne livre pas d\u2019informations aux familles, qui sont de plus en plus nombreuses \u00e0 recourir, en d\u00e9sespoir de cause, aux pratiques occultes.<\/p>\n<p class=\"fig-paragraph\">Alexander avait 20\u00a0ans, il \u00e9tait soldat. Depuis f\u00e9vrier dernier, sa famille est sans nouvelles. \u00c0 l\u2019\u00e9poque, il combattait dans les rangs de l\u2019arm\u00e9e russe, quelque part dans\u00a0<a href=\"http:\/\/www.lefigaro.fr\/conjoncture\/le-donbass-autrefois-poumon-industriel-de-l-ukraine-un-jackpot-economique-pour-la-russie-20250818\" data-fig-type=\"NewsFlash\" data-gtm-custom-categorie=\"navigation\" data-gtm-custom-action=\"crossclick\" data-gtm-custom-label=\"Contextuel\" data-gtm-event=\"customEventSPE\" data-fig-domain=\"LEFIGARO\" rel=\"nofollow noopener\" target=\"_blank\">le Donbass, \u00e0 l\u2019est de l\u2019Ukraine<\/a>. Il donnait r\u00e9guli\u00e8rement signe de vie et, un jour, plus rien. Ses proches ont attendu, esp\u00e9r\u00e9, effectu\u00e9 de multiples d\u00e9marches aupr\u00e8s des autorit\u00e9s militaires, en vain. Et les mois ont pass\u00e9. Alors, il y a quelques jours, les parents d\u2019Alexander, en d\u00e9sespoir de cause, ils ont d\u00e9cid\u00e9 de s\u2019en remettre, comme beaucoup d\u2019autres, \u00e0 une autre voie, pratiqu\u00e9e depuis plusieurs si\u00e8cles en Russie\u00a0:\u00a0<a href=\"http:\/\/www.lefigaro.fr\/actualite-france\/face-aux-derives-de-l-occultisme-le-combat-des-exorcistes-catholiques-20240315\" data-fig-type=\"Article\" data-gtm-custom-categorie=\"navigation\" data-gtm-custom-action=\"crossclick\" data-gtm-custom-label=\"Contextuel\" data-gtm-event=\"customEventSPE\" data-fig-domain=\"LEFIGARO\" rel=\"nofollow noopener\" target=\"_blank\">celle de l\u2019occultisme<\/a>.<\/p>\n<p class=\"fig-paragraph\">\u00ab\u00a0Vinogradov Alexander Vladimirovitch\u00a0; n\u00e9 le 25\u00a0juin 2005\u00a0; disparu depuis le 1er\u00a0f\u00e9vrier 2026. Veuillez consulter la photo. Quand aurons-nous de ses nouvelles\u00a0? Quelles seront-elles\u00a0? Est-il vivant\u00a0?\u00a0\u00bb Le 21\u00a0ao\u00fbt, la famille du jeune militaire a post\u00e9 ces quelques mots, assortis d\u2019un portrait, sur un site Telegram tr\u00e8s visit\u00e9, appel\u00e9 \u00ab\u00a0Esoterica. Recherche\u2026<\/p>\n<p class=\"fig-premium-paywall__infos\">\n        Cet article est r\u00e9serv\u00e9 aux abonn\u00e9s.        Il vous reste 92% \u00e0 d\u00e9couvrir.\n    <\/p>\n<p>                <img  data- alt=\"Le Figaro\" class=\"fig-img--complete fig-img\"\/><\/p>\n<p class=\"fig-premium-paywall__title\">Vente Flash<\/p>\n<p class=\"fig-premium-paywall__subtitle\">-70% sur votre abonnement. Sans engagement.<\/p>\n<p class=\"fig-premium-paywall__connect\">\n                D\u00e9j\u00e0 abonn\u00e9\u00a0?                <a class=\"fig-premium-paywall__connect-link\" href=\"https:\/\/connect.lefigaro.fr\/login?client=horizon_web&amp;type=main&amp;redirect_uri=https%3A%2F%2Fwww.lefigaro.fr%2Finternational%2Fvoyants-mediums-chamanes-les-russes-se-tournent-vers-l-occultisme-pour-retrouver-leurs-proches-disparus-en-ukraine-20260903\" data-js-gtm=\"{&quot;event&quot;:&quot;customEventGA4&quot;,&quot;eventName&quot;:&quot;click_action&quot;,&quot;feature&quot;:&quot;paywall&quot;,&quot;location&quot;:&quot;paywall&quot;,&quot;button_action&quot;:&quot;connect&quot;,&quot;click_text&quot;:&quot;Connectez-vous&quot;}\" rel=\"nofollow noopener\" target=\"_blank\"><br \/>\n                    Connectez-vous<br \/>\n                <\/a>\n            <\/p>\n","protected":false},"excerpt":{"rendered":"R\u00c9CIT &#8211; L\u2019arm\u00e9e russe est sans nouvelles de dizaines de milliers de ses soldats, ou ne livre pas&hellip;\n","protected":false},"author":2,"featured_media":1165537,"comment_status":"","ping_status":"","sticky":false,"template":"","format":"standard","meta":{"footnotes":"","_share_on_mastodon":"0"},"categories":[1590],"tags":[11,1777,674,131,12,132,220],"class_list":["post-1165536","post","type-post","status-publish","format-standard","has-post-thumbnail","category-ukraine","tag-actualites","tag-eu","tag-europe","tag-guerre-en-ukraine","tag-news","tag-russie","tag-ukraine"],"share_on_mastodon":{"url":"https:\/\/pubeurope.com\/@fr\/117209054806776837","error":""},"_links":{"self":[{"href":"https:\/\/www.europesays.com\/fr\/wp-json\/wp\/v2\/posts\/1165536","targetHints":{"allow":["GET"]}}],"collection":[{"href":"https:\/\/www.europesays.com\/fr\/wp-json\/wp\/v2\/posts"}],"about":[{"href":"https:\/\/www.europesays.com\/fr\/wp-json\/wp\/v2\/types\/post"}],"author":[{"embeddable":true,"href":"https:\/\/www.europesays.com\/fr\/wp-json\/wp\/v2\/users\/2"}],"replies":[{"embeddable":true,"href":"https:\/\/www.europesays.com\/fr\/wp-json\/wp\/v2\/comments?post=1165536"}],"version-history":[{"count":0,"href":"https:\/\/www.europesays.com\/fr\/wp-json\/wp\/v2\/posts\/1165536\/revisions"}],"wp:featuredmedia":[{"embeddable":true,"href":"https:\/\/www.europesays.com\/fr\/wp-json\/wp\/v2\/media\/1165537"}],"wp:attachment":[{"href":"https:\/\/www.europesays.com\/fr\/wp-json\/wp\/v2\/media?parent=1165536"}],"wp:term":[{"taxonomy":"category","embeddable":true,"href":"https:\/\/www.europesays.com\/fr\/wp-json\/wp\/v2\/categories?post=1165536"},{"taxonomy":"post_tag","embeddable":true,"href":"https:\/\/www.europesays.com\/fr\/wp-json\/wp\/v2\/tags?post=1165536"}],"curies":[{"name":"wp","href":"https:\/\/api.w.org\/{rel}","templated":true}]}}