{"id":1165544,"date":"2026-09-03T20:47:25","date_gmt":"2026-09-03T20:47:25","guid":{"rendered":"https:\/\/www.europesays.com\/fr\/1165544\/"},"modified":"2026-09-03T20:47:25","modified_gmt":"2026-09-03T20:47:25","slug":"cest-300-grammes-qui-vont-manquer-au-vendeur-une-nouvelle-operation-contre-le-narcotrafic-a-eu-lieu-dans-ce-quartier-de-perpignan","status":"publish","type":"post","link":"https:\/\/www.europesays.com\/fr\/1165544\/","title":{"rendered":"\u00ab\u00a0C\u2019est 300 grammes qui vont manquer au vendeur\u00a0\u00bb\u00a0: une nouvelle op\u00e9ration contre le narcotrafic a eu lieu dans ce quartier de Perpignan"},"content":{"rendered":"<p>\n                                                                Les forces de l\u2019ordre ont men\u00e9 une op\u00e9ration anti-drogue au Champ-de-Mars, \u00e0 Perpignan, ce jeudi 3\u00a0septembre. Un point de deal que les autorit\u00e9s esp\u00e8rent pouvoir d\u00e9finitivement fermer dans les prochains mois.\n                            <\/p>\n<p>Apr\u00e8s le coup de filet du 15\u00a0avril dernier dans la foul\u00e9e de l\u2019arriv\u00e9e en renfort de 57 CRS \u00e0 Perpignan, les polices nationale et municipale de Perpignan, avec la CRS 18 de Poitiers, continuent \u00e0 mettre la pression sur le narcotrafic. Les forces de s\u00e9curit\u00e9 ont men\u00e9 une nouvelle op\u00e9ration anti-drogue \u00e0 la cit\u00e9 du Champ-de-Mars, ce jeudi 3\u00a0septembre. Un point de deal sur lequel les forces de l\u2019ordre ont saisi 300 grammes de r\u00e9sine et d\u2019herbe de cannabis.<\/p>\n<p>        <img decoding=\"async\" class=\"std-img__img responsive-img\" src=\"https:\/\/www.europesays.com\/fr\/wp-content\/uploads\/2026\/09\/1788468444_950_image.jpg\" alt=\"Une \u00e9quipe cynophile \u00e9tait pr\u00e9sente lors de l\u2019op\u00e9ration.\"\/><\/p>\n<p>                Une \u00e9quipe cynophile \u00e9tait pr\u00e9sente lors de l\u2019op\u00e9ration.<br \/>\n                                    Michel Clementz &#8211; L&rsquo;Ind\u00e9pendant<\/p>\n<p>Une saisie relativement faible, certes, mais \u00ab\u00a0ce sont 300 grammes qui vont manquer au vendeur et on parle d\u2019une perte s\u00e8che\u00a0\u00bb, a annonc\u00e9 Laurent Astruc, directeur interd\u00e9partemental de la Police nationale (DIPN) des Pyr\u00e9n\u00e9es-Orientales. \u00ab\u00a0Depuis avril\u00a02026, ce sont 40\u00a0kg de stup\u00e9fiants qui ont \u00e9t\u00e9 saisis avec une action quotidienne sur le Champ-de-Mars. Ce lieu est un axe prioritaire, mais ce n\u2019est pas le seul, il y a aussi les quartiers Saint-Mathieu et Saint-Jacques\u00a0\u00bb, a-t-il ajout\u00e9.<\/p>\n<p>La loi Ripost en renfort<\/p>\n<p>Sur place, le pr\u00e9fet des Pyr\u00e9n\u00e9es-Orientales, Pierre Regnault de la Mothe, est \u00e9galement revenu sur la loi Ripost que les autorit\u00e9s comptent bien mettre \u00e0 profit pour mettre fin aux trafics de stup\u00e9fiants au sein de la cit\u00e9.<\/p>\n<p>        <img decoding=\"async\" class=\"std-img__img responsive-img\" src=\"https:\/\/www.europesays.com\/fr\/wp-content\/uploads\/2026\/09\/1788468445_396_image.jpg\" alt=\"Des fouilles ont \u00e9t\u00e9 r\u00e9alis\u00e9es au sein de la cit\u00e9.\"\/><\/p>\n<p>                Des fouilles ont \u00e9t\u00e9 r\u00e9alis\u00e9es au sein de la cit\u00e9.<br \/>\n                                    Michel Clementz &#8211; L&rsquo;Ind\u00e9pendant<\/p>\n<p>Un texte qui va permettre de renforcer les sanctions quant \u00e0 l\u2019usage de stup\u00e9fiants avec une amende forfaitaire d\u00e9lictuelle, qui va passer de 200 \u00e0 500\u00a0euros, pour les consommateurs. \u00ab\u00a0Le harc\u00e8lement des consommateurs doit permettre de provoquer un changement d\u2019attitude, sinon les trafics risquent de perdurer\u00a0\u00bb, a soulign\u00e9 le procureur de la R\u00e9publique de Perpignan, J\u00e9r\u00f4me Bourrier.<\/p>\n<p>Enfin, la loi Ripost permettra aussi au pr\u00e9fet de prononcer une interdiction de para\u00eetre sur un point de deal ou encore, sur le plan administratif, de prononcer une suspension temporaire du permis de conduire \u00ab\u00a0\u00e0 partir d\u2019un proc\u00e8s-verbal constatant l\u2019usage illicite de stup\u00e9fiants commis en r\u00e9it\u00e9ration\u00a0\u00bb.<\/p>\n<p>\u00ab\u00a0Au mois d\u2019avril, je me suis donn\u00e9 un an pour venir \u00e0 bout de ce point de deal. Il me reste sept mois pour tenir l\u2019objectif. Le trafic a commenc\u00e9 \u00e0 faiblir et on va utiliser tous les leviers possibles pour \u00eatre efficaces\u00a0\u00bb, a assur\u00e9 le pr\u00e9fet.<\/p>\n<p>    Quatre nouvelles cam\u00e9ras bient\u00f4t install\u00e9es<\/p>\n<p>Alors que cinq cam\u00e9ras de vid\u00e9osurveillance sont d\u00e9j\u00e0 en service sur le Champ-de-Mars, \u00e0 Perpignan, les autorit\u00e9s ont annonc\u00e9\u00a0la mise en place prochaine de quatre autres appareils. Pour ce faire, une subvention d\u2019\u00c9tat de 18\u00a0000\u00a0euros a \u00e9t\u00e9 allou\u00e9e permettant ainsi de passer \u00e0 neuf cam\u00e9ras. Cependant, \u00e0 l\u2019heure actuelle, leur emplacement n\u2019a pas encore d\u00e9fini. Une fois install\u00e9es, elles pourront \u00eatre, si n\u00e9cessaire, d\u00e9plac\u00e9es dans les mois qui suivent en fonction des besoins.<\/p>\n","protected":false},"excerpt":{"rendered":"Les forces de l\u2019ordre ont men\u00e9 une op\u00e9ration anti-drogue au Champ-de-Mars, \u00e0 Perpignan, ce jeudi 3\u00a0septembre. Un point&hellip;\n","protected":false},"author":2,"featured_media":1165545,"comment_status":"","ping_status":"","sticky":false,"template":"","format":"standard","meta":{"footnotes":"","_share_on_mastodon":"0"},"categories":[1586],"tags":[11,1777,674,1779,118,1011,27,12,3464,11548,25,1778,364],"class_list":["post-1165544","post","type-post","status-publish","format-standard","has-post-thumbnail","category-europe","tag-actualites","tag-eu","tag-europe","tag-european-union","tag-faits-divers","tag-fr","tag-france","tag-news","tag-perpignan","tag-pyrenees-orientales","tag-republique-francaise","tag-ue","tag-union-europeenne"],"share_on_mastodon":{"url":"https:\/\/pubeurope.com\/@fr\/117209076554161451","error":""},"_links":{"self":[{"href":"https:\/\/www.europesays.com\/fr\/wp-json\/wp\/v2\/posts\/1165544","targetHints":{"allow":["GET"]}}],"collection":[{"href":"https:\/\/www.europesays.com\/fr\/wp-json\/wp\/v2\/posts"}],"about":[{"href":"https:\/\/www.europesays.com\/fr\/wp-json\/wp\/v2\/types\/post"}],"author":[{"embeddable":true,"href":"https:\/\/www.europesays.com\/fr\/wp-json\/wp\/v2\/users\/2"}],"replies":[{"embeddable":true,"href":"https:\/\/www.europesays.com\/fr\/wp-json\/wp\/v2\/comments?post=1165544"}],"version-history":[{"count":0,"href":"https:\/\/www.europesays.com\/fr\/wp-json\/wp\/v2\/posts\/1165544\/revisions"}],"wp:featuredmedia":[{"embeddable":true,"href":"https:\/\/www.europesays.com\/fr\/wp-json\/wp\/v2\/media\/1165545"}],"wp:attachment":[{"href":"https:\/\/www.europesays.com\/fr\/wp-json\/wp\/v2\/media?parent=1165544"}],"wp:term":[{"taxonomy":"category","embeddable":true,"href":"https:\/\/www.europesays.com\/fr\/wp-json\/wp\/v2\/categories?post=1165544"},{"taxonomy":"post_tag","embeddable":true,"href":"https:\/\/www.europesays.com\/fr\/wp-json\/wp\/v2\/tags?post=1165544"}],"curies":[{"name":"wp","href":"https:\/\/api.w.org\/{rel}","templated":true}]}}