{"id":1165554,"date":"2026-09-03T20:56:47","date_gmt":"2026-09-03T20:56:47","guid":{"rendered":"https:\/\/www.europesays.com\/fr\/1165554\/"},"modified":"2026-09-03T20:56:47","modified_gmt":"2026-09-03T20:56:47","slug":"decouvrez-lequipe-du-sa-xv-qui-affrontera-valence-romans-ce-vendredi-compos-stats-et-infirmerie","status":"publish","type":"post","link":"https:\/\/www.europesays.com\/fr\/1165554\/","title":{"rendered":"D\u00e9couvrez l\u2019\u00e9quipe du SA XV qui affrontera Valence\/Romans ce vendredi [compos, stats et infirmerie]"},"content":{"rendered":"<p>        <img decoding=\"async\" id=\"30472227\" src=\"https:\/\/www.europesays.com\/fr\/wp-content\/uploads\/2026\/09\/vrdr-1.jpg\" itemprop=\"contentURL\"\/><\/p>\n<p>Le manager du SA XV a en effet d\u00e9cid\u00e9 de reconduire 19 des 23 vainqueurs du match d\u2019ouverture de la saison. Seuls Hubert Texier, Samuel Nollet, Ledua Mau et R\u00e9mi Brosset quittent la feuille. Ce dernier, sorti pr\u00e9matur\u00e9ment avec une alerte aux adducteurs, devrait \u00eatre absent trois semaines.<\/p>\n<p>Titulaires la semaine derni\u00e8re, Sami Zouhair, Mamoudou Meit\u00e9, Giorgi Javakhia, Cl\u00e9ment Sentubery, Nathan Farissier, Mathis Lafon, Kaminieli Rasaku et Paul Berg\u00e8s d\u00e9marreront aussi \u00e0 Georges-Pompidou. Le jeune ouvreur haut-garonnais \u00e9voluera \u00e0 l\u2019arri\u00e8re, o\u00f9 il a rapidement gliss\u00e9 contre Colomiers, avec r\u00e9ussite.<\/p>\n<p>Beukeboom, Decubber, Mitu et Proult int\u00e8grent la feuille<\/p>\n<p>Entr\u00e9s en cours de jeu, Yassin Boutemmani, Lucas Costa, Maxence Lemardelet, Baptiste Escoffre, Ben Botica et Avakuki Niusalelekitoga d\u00e9marreront cette fois. Pone Fa\u2019amausili, victime d\u2019un choc \u00e0 l\u2019\u00e9paule sans cons\u00e9quence, L\u00e9o Labarthe et Alexis Levron font le chemin inverse et s\u2019installent parmi les rempla\u00e7ants.<\/p>\n<p>Mathieu Bonnot et Georgy Balakarev encha\u00eenent sur un banc en \u00ab\u00a06-2\u201d, renforc\u00e9 par Jean-Maurice Decubber, Adrian Mitu et Arthur Proult, qui vont disputer leurs premi\u00e8res minutes de la saison en Pro D2. Comme Matt Beukeboom, qui lui prend place directement dans l\u2019\u00e9quipe de d\u00e9part, en deuxi\u00e8me ligne.<\/p>\n<p>En dehors des absences \u00e0 moyen ou long terme de Germain Burgaud (cheville, retour pr\u00e9vu en novembre) et Jules Dubecq (genou, mai), l\u2019infirmerie du SA XV est compos\u00e9e de joueurs sur le retour. Seydou Diakit\u00e9 et Gela Aprasidze sont attendus \u00e0 l\u2019entra\u00eenement dans deux semaines, Richie Arnold dans trois semaines. Corentin Gl\u00e9nat, toujours emb\u00eat\u00e9 par son dos, doit voir un sp\u00e9cialiste en fin de semaine.<\/p>\n","protected":false},"excerpt":{"rendered":"Le manager du SA XV a en effet d\u00e9cid\u00e9 de reconduire 19 des 23 vainqueurs du match d\u2019ouverture&hellip;\n","protected":false},"author":2,"featured_media":1165555,"comment_status":"","ping_status":"","sticky":false,"template":"","format":"standard","meta":{"footnotes":"","_share_on_mastodon":"0"},"categories":[1416],"tags":[1011,27,479,1468,60],"class_list":["post-1165554","post","type-post","status-publish","format-standard","has-post-thumbnail","category-rugby","tag-fr","tag-france","tag-rugby","tag-rugby-football","tag-sports"],"share_on_mastodon":{"url":"https:\/\/pubeurope.com\/@fr\/117209111758806861","error":""},"_links":{"self":[{"href":"https:\/\/www.europesays.com\/fr\/wp-json\/wp\/v2\/posts\/1165554","targetHints":{"allow":["GET"]}}],"collection":[{"href":"https:\/\/www.europesays.com\/fr\/wp-json\/wp\/v2\/posts"}],"about":[{"href":"https:\/\/www.europesays.com\/fr\/wp-json\/wp\/v2\/types\/post"}],"author":[{"embeddable":true,"href":"https:\/\/www.europesays.com\/fr\/wp-json\/wp\/v2\/users\/2"}],"replies":[{"embeddable":true,"href":"https:\/\/www.europesays.com\/fr\/wp-json\/wp\/v2\/comments?post=1165554"}],"version-history":[{"count":0,"href":"https:\/\/www.europesays.com\/fr\/wp-json\/wp\/v2\/posts\/1165554\/revisions"}],"wp:featuredmedia":[{"embeddable":true,"href":"https:\/\/www.europesays.com\/fr\/wp-json\/wp\/v2\/media\/1165555"}],"wp:attachment":[{"href":"https:\/\/www.europesays.com\/fr\/wp-json\/wp\/v2\/media?parent=1165554"}],"wp:term":[{"taxonomy":"category","embeddable":true,"href":"https:\/\/www.europesays.com\/fr\/wp-json\/wp\/v2\/categories?post=1165554"},{"taxonomy":"post_tag","embeddable":true,"href":"https:\/\/www.europesays.com\/fr\/wp-json\/wp\/v2\/tags?post=1165554"}],"curies":[{"name":"wp","href":"https:\/\/api.w.org\/{rel}","templated":true}]}}