{"id":1165558,"date":"2026-09-03T21:02:16","date_gmt":"2026-09-03T21:02:16","guid":{"rendered":"https:\/\/www.europesays.com\/fr\/1165558\/"},"modified":"2026-09-03T21:02:16","modified_gmt":"2026-09-03T21:02:16","slug":"benjamin-thomas-va-se-tourner-vers-la-piste-actualite","status":"publish","type":"post","link":"https:\/\/www.europesays.com\/fr\/1165558\/","title":{"rendered":"Benjamin Thomas va se tourner vers la piste &#8211; Actualit\u00e9"},"content":{"rendered":"<p align=\"JUSTIFY\">Il y a ceux qui profitent d\u2019une journ\u00e9e de repos pour souffler. Et puis il y a Benjamin Thomas. Dimanche, le coureur de Cofidis \u00e9tait encore \u00e0 l\u2019attaque sur la Bretagne Classic. Vingt-quatre heures plus tard, on le retrouvait dans un petit coin de Flandre, \u00e0 Zottegem-Erwetegem, loin de l\u2019agitation du peloton professionnel. Non pas pour courir, mais pour encourager sa compagne au Grand Prix Jolien d\u2019Hoore, dans le cadre des Women Cycling Series. Un changement de d\u00e9cor pour le moins surprenant. \u00ab\u00a0Ma compagne est Flamande. Elle court aujourd\u2019hui. J\u2019ai fait la surprise de venir\u00a0\u00bb, raconte le Fran\u00e7ais \u00e0\u00a0DirectVelo, venu profiter de quelques jours de coupure avant de repartir vers ses prochains objectifs. Apr\u00e8s la course de dimanche, il a pris le train pour Lille avant de poursuivre jusqu\u2019\u00e0 Gand.<\/p>\n<p align=\"JUSTIFY\"><strong>DE L&rsquo;\u00c9CHAPP\u00c9E MATINALE A LA VICTOIRE D&rsquo;ALEX ARANBURU<\/strong><\/p>\n<p>La veille encore, \u00e0 Plouay, Benjamin Thomas \u00e9tait pleinement acteur de la course WorldTour. \u00ab\u00a0On est rentr\u00e9s sur l\u2019\u00e9chapp\u00e9e matinale. On a r\u00e9sist\u00e9 au peloton jusqu\u2019\u00e0 la derni\u00e8re bosse de Timarek.\u00a0\u00bb\u00a0Le groupe finit cependant par \u00eatre repris dans cette derni\u00e8re difficult\u00e9 par les coureurs qui allaient se jouer la victoire. Le 18e du Tour d&rsquo;Allemagne termine alors dans le peloton, tandis que Milan Fretin et Hugo Page prennent part au sprint. Devant, Alex Aranburu s\u2019impose au terme d\u2019un final parfaitement ma\u00eetris\u00e9 par Cofidis.\u00a0\u00ab\u00a0Il y avait un petit raidar de 200 m\u00e8tres. Il prend la d\u00e9cision d\u2019attaquer l\u00e0. C\u2019\u00e9tait parfait. C\u2019\u00e9tait le coup parfait.\u00a0\u00bb\u00a0Selon lui, cette r\u00e9ussite illustre surtout la dynamique actuelle de la formation nordiste.\u00a0\u00ab\u00a0On est clairement dans une bonne phase. C\u2019est vraiment un week-end r\u00eav\u00e9 pour nous.\u00a0\u00bb<\/p>\n<p><strong>QUELQUES JOURS DE R\u00c9PIT AVANT DE REPARTIR<\/strong><\/p>\n<p>Apr\u00e8s la Bretagne Classic, Benjamin Thomas dispose de quatre jours avant de reprendre la direction de l\u2019Italie, o\u00f9 plusieurs courses en Toscane l\u2019attendent. Mais son passage en Flandre n\u2019est pas uniquement consacr\u00e9 au r\u00f4le de supporter. Le Fran\u00e7ais en profite \u00e9galement pour renouer progressivement avec la piste, <strong><a style=\"color: #000000; text-decoration: underline;\" href=\"https:\/\/www.directvelo.com\/actualite\/131611\/bryan-coquard-devrait-dire-stop-et-switcher-sur-la-piste-apres-la-vuelta\" target=\"_blank\" rel=\"noopener nofollow\">comme devrait aussi le faire son co\u00e9quipier Bryan Coquard apr\u00e8s la Vuelta.<\/a><\/strong> \u00ab\u00a0Je vais aussi rouler \u00e0 Roubaix cette semaine pour refaire un peu de piste.\u00a0\u00bb\u00a0Car la fin de sa saison est d\u00e9sormais clairement orient\u00e9e vers l\u2019anneau. Apr\u00e8s un dernier passage sur la route avec le Tour de Slovaquie, le 6e de Paris-Camembert entend basculer \u00ab\u00a0\u00e0 100 %\u00a0\u00bb vers la piste et retrouver l\u2019\u00e9quipe de France. La prochaine grande \u00e9ch\u00e9ance se profile d\u00e9j\u00e0 : les Championnats du Monde sur piste \u00e0 Shanghai (14-18 octobre). La s\u00e9lection fran\u00e7aise n\u2019est pas encore connue, mais le sportif de 30 ans sait d\u00e9j\u00e0 o\u00f9 il souhaite \u00eatre performant s\u2019il est retenu. La poursuite par \u00e9quipes constitue un objectif majeur pour le Fran\u00e7ais et l\u2019\u00e9quipe de France. Il vise \u00e9galement l\u2019Am\u00e9ricaine, deux \u00e9preuves sur lesquelles il esp\u00e8re pouvoir jouer un r\u00f4le important. Une fin d\u2019ann\u00e9e bien charg\u00e9e en perspective pour Benjamin Thomas.\u00a0\u00a0<\/p>\n","protected":false},"excerpt":{"rendered":"Il y a ceux qui profitent d\u2019une journ\u00e9e de repos pour souffler. Et puis il y a Benjamin&hellip;\n","protected":false},"author":2,"featured_media":1165559,"comment_status":"","ping_status":"","sticky":false,"template":"","format":"standard","meta":{"footnotes":"","_share_on_mastodon":"0"},"categories":[1411],"tags":[834,828,836,829,837,827,83,826,824,823,1154,207,814,817,815,816,822,821,832,211,839,1011,27,820,818,819,835,831,830,833,838,60,212,208,825],"class_list":["post-1165558","post","type-post","status-publish","format-standard","has-post-thumbnail","category-cyclisme","tag-attaque","tag-belgique","tag-braquet","tag-bretagne","tag-chute","tag-competition","tag-coupe-de-france","tag-coureur","tag-course-cyclisme","tag-course-cycliste","tag-cycling","tag-cyclisme","tag-direct","tag-direct-velo","tag-directvelo","tag-directvelo-com","tag-epreuve","tag-epreuve-cycliste","tag-federation-francaise-de-cyclisme","tag-ffc","tag-flandres","tag-fr","tag-france","tag-live","tag-live-course","tag-live-epreuve","tag-peloton","tag-radio-peloton","tag-radio-tour","tag-ravitaillement","tag-relance","tag-sports","tag-uci","tag-velo","tag-velos"],"share_on_mastodon":{"url":"https:\/\/pubeurope.com\/@fr\/117209133549530407","error":""},"_links":{"self":[{"href":"https:\/\/www.europesays.com\/fr\/wp-json\/wp\/v2\/posts\/1165558","targetHints":{"allow":["GET"]}}],"collection":[{"href":"https:\/\/www.europesays.com\/fr\/wp-json\/wp\/v2\/posts"}],"about":[{"href":"https:\/\/www.europesays.com\/fr\/wp-json\/wp\/v2\/types\/post"}],"author":[{"embeddable":true,"href":"https:\/\/www.europesays.com\/fr\/wp-json\/wp\/v2\/users\/2"}],"replies":[{"embeddable":true,"href":"https:\/\/www.europesays.com\/fr\/wp-json\/wp\/v2\/comments?post=1165558"}],"version-history":[{"count":0,"href":"https:\/\/www.europesays.com\/fr\/wp-json\/wp\/v2\/posts\/1165558\/revisions"}],"wp:featuredmedia":[{"embeddable":true,"href":"https:\/\/www.europesays.com\/fr\/wp-json\/wp\/v2\/media\/1165559"}],"wp:attachment":[{"href":"https:\/\/www.europesays.com\/fr\/wp-json\/wp\/v2\/media?parent=1165558"}],"wp:term":[{"taxonomy":"category","embeddable":true,"href":"https:\/\/www.europesays.com\/fr\/wp-json\/wp\/v2\/categories?post=1165558"},{"taxonomy":"post_tag","embeddable":true,"href":"https:\/\/www.europesays.com\/fr\/wp-json\/wp\/v2\/tags?post=1165558"}],"curies":[{"name":"wp","href":"https:\/\/api.w.org\/{rel}","templated":true}]}}