{"id":1165564,"date":"2026-09-03T21:05:20","date_gmt":"2026-09-03T21:05:20","guid":{"rendered":"https:\/\/www.europesays.com\/fr\/1165564\/"},"modified":"2026-09-03T21:05:20","modified_gmt":"2026-09-03T21:05:20","slug":"romans-sur-isere-des-oeuvres-a-ciel-ouvert-pour-le-dimanche-des-peintres","status":"publish","type":"post","link":"https:\/\/www.europesays.com\/fr\/1165564\/","title":{"rendered":"Romans-sur-Is\u00e8re. Des \u0153uvres \u00e0 ciel ouvert pour le Dimanche des peintres"},"content":{"rendered":"<p>Deux lieux, une m\u00eame invitation. Ce 6\u00a0septembre, le Dimanche des peintres et des sculpteurs propose de partir \u00e0 la rencontre de la cr\u00e9ation et de celles et ceux qui la font vivre \u00e0 Romans-sur-Is\u00e8re.<\/p>\n<p>Depuis deux ans, l\u2019\u00e9v\u00e9nement a trouv\u00e9 un nouvel \u00e9crin sous la canop\u00e9e de la place Jean-Jaur\u00e8s. De 10 \u00e0 18\u00a0heures, pr\u00e8s d\u2019une vingtaine de peintres, sculpteurs et&#8230;<\/p>\n","protected":false},"excerpt":{"rendered":"Deux lieux, une m\u00eame invitation. Ce 6\u00a0septembre, le Dimanche des peintres et des sculpteurs propose de partir \u00e0&hellip;\n","protected":false},"author":2,"featured_media":1165565,"comment_status":"","ping_status":"","sticky":false,"template":"","format":"standard","meta":{"footnotes":"","_share_on_mastodon":"0"},"categories":[1358],"tags":[1348,1384,1385,1687,1386,58,2737,59,2271,1011,27,1479,2736],"class_list":["post-1165564","post","type-post","status-publish","format-standard","has-post-thumbnail","category-arts-et-design","tag-arts","tag-arts-and-design","tag-arts-et-design","tag-culture-loisirs","tag-design","tag-divertissement","tag-edition-romans-nord-drome","tag-entertainment","tag-exposition-arts-plastiques","tag-fr","tag-france","tag-romans","tag-romans-sur-isere"],"share_on_mastodon":{"url":"https:\/\/pubeurope.com\/@fr\/117209145194282896","error":""},"_links":{"self":[{"href":"https:\/\/www.europesays.com\/fr\/wp-json\/wp\/v2\/posts\/1165564","targetHints":{"allow":["GET"]}}],"collection":[{"href":"https:\/\/www.europesays.com\/fr\/wp-json\/wp\/v2\/posts"}],"about":[{"href":"https:\/\/www.europesays.com\/fr\/wp-json\/wp\/v2\/types\/post"}],"author":[{"embeddable":true,"href":"https:\/\/www.europesays.com\/fr\/wp-json\/wp\/v2\/users\/2"}],"replies":[{"embeddable":true,"href":"https:\/\/www.europesays.com\/fr\/wp-json\/wp\/v2\/comments?post=1165564"}],"version-history":[{"count":0,"href":"https:\/\/www.europesays.com\/fr\/wp-json\/wp\/v2\/posts\/1165564\/revisions"}],"wp:featuredmedia":[{"embeddable":true,"href":"https:\/\/www.europesays.com\/fr\/wp-json\/wp\/v2\/media\/1165565"}],"wp:attachment":[{"href":"https:\/\/www.europesays.com\/fr\/wp-json\/wp\/v2\/media?parent=1165564"}],"wp:term":[{"taxonomy":"category","embeddable":true,"href":"https:\/\/www.europesays.com\/fr\/wp-json\/wp\/v2\/categories?post=1165564"},{"taxonomy":"post_tag","embeddable":true,"href":"https:\/\/www.europesays.com\/fr\/wp-json\/wp\/v2\/tags?post=1165564"}],"curies":[{"name":"wp","href":"https:\/\/api.w.org\/{rel}","templated":true}]}}