{"id":1165568,"date":"2026-09-03T21:09:17","date_gmt":"2026-09-03T21:09:17","guid":{"rendered":"https:\/\/www.europesays.com\/fr\/1165568\/"},"modified":"2026-09-03T21:09:17","modified_gmt":"2026-09-03T21:09:17","slug":"amener-la-culture-en-campagne-cest-top-feu-chatterton-a-conquis-son-public-au-mont-saint-michel","status":"publish","type":"post","link":"https:\/\/www.europesays.com\/fr\/1165568\/","title":{"rendered":"\u00ab\u00a0Amener la culture en campagne, c\u2019est top\u00a0!\u00a0\u00bb\u00a0: Feu\u00a0! Chatterton a conquis son public au Mont-Saint-Michel"},"content":{"rendered":"<p>\n                Article premium,<br \/>\n                    R\u00e9serv\u00e9 aux\u00a0abonn\u00e9s\n            <\/p>\n<p class=\"su-standfirst chapeau\">Le barrage du Couesnon (Manche), dans la baie du Mont-Saint-Michel, a eu le privil\u00e8ge d\u2019accueillir le groupe de pop-rock Feu\u00a0! Chatterton, mercredi 2\u00a0septembre 2026. Les artistes ont perform\u00e9 leurs plus grands tubes face \u00e0 un public interg\u00e9n\u00e9rationnel, heureux de voir la culture s\u2019exporter dans des lieux plus ruraux.<\/p>\n<p>                                        <img decoding=\"async\" class=\"su-media\" src=\"https:\/\/media.ouest-france.fr\/v1\/pictures\/MjAyNjA5YzUyNzNiNTNhMWViM2M2Y2E5MmEyY2FjMDE2YWZiYzc?width=630&amp;height=354&amp;focuspoint=50%2C25&amp;cropresize=1&amp;client_id=bpeditorial&amp;sign=cc3e7a2d8f9310d0e6cefff1aab8c1a942d9f353b4eba606eceb77699fffc8c6\" alt=\"Le groupe pop-rock Feu\u00a0! Chatterton a enflamm\u00e9 le public du barrage du Couesnon, \u00e0 deux pas du Mont-Saint-Michel, mercredi 2\u00a0septembre 2026.\"  \/><\/p>\n<p>                            Le groupe pop-rock Feu\u00a0! Chatterton a enflamm\u00e9 le public du barrage du Couesnon, \u00e0 deux pas du Mont-Saint-Michel, mercredi 2\u00a0septembre 2026. | OUEST-FRANCE<\/p>\n<p>                            fermer<\/p>\n<ul class=\"su-row su-carrousel-container su-not-list\" data-suswipe=\"{\" rambo=\"\" .carrousel-nav-bas=\"\" .item=\"\">\n<li class=\"su-col-xs-6 su-col-md-24 carrousel-contenu su-carrousel-item\" data-ofvwidth=\"{\" mobileonly=\"\"><img decoding=\"async\" data-ofmaxheight=\"\" class=\"su-media lazyload\" alt=\"Le groupe pop-rock Feu\u00a0! Chatterton a enflamm\u00e9 le public du barrage du Couesnon, \u00e0 deux pas du Mont-Saint-Michel, mercredi 2\u00a0septembre 2026.\" src=\"data:image\/png;base64,iVBORw0KGgoAAAANSUhEUgAAABAAAAAJCAYAAAA7KqwyAAAAGXRFWHRTb2Z0d2FyZQBBZG9iZSBJbWFnZVJlYWR5ccllPAAAABhJREFUeNpi\/P\/\/PwMlgHHUgFEDgAAgwAD+lBrvy+NcxAAAAABJRU5ErkJggg==\" data-oflazyload=\"{&quot;srcset&quot;:&quot;https:\/\/media.ouest-france.fr\/v1\/pictures\/MjAyNjA5YzUyNzNiNTNhMWViM2M2Y2E5MmEyY2FjMDE2YWZiYzc?width=320&amp;focuspoint=50%2C25&amp;cropresize=1&amp;client_id=bpeditorial&amp;sign=ee19b5e6a461ce5f3c72a189a9d2458cdb431ee0e68cc4e62d47b9a796ff7f75 320w,https:\/\/media.ouest-france.fr\/v1\/pictures\/MjAyNjA5YzUyNzNiNTNhMWViM2M2Y2E5MmEyY2FjMDE2YWZiYzc?width=375&amp;focuspoint=50%2C25&amp;cropresize=1&amp;client_id=bpeditorial&amp;sign=b4501fad898d1aed24fa02a3ba8ab7753e750d00a8172e7a0a060e70ca5e2232 360w,https:\/\/media.ouest-france.fr\/v1\/pictures\/MjAyNjA5YzUyNzNiNTNhMWViM2M2Y2E5MmEyY2FjMDE2YWZiYzc?width=480&amp;focuspoint=50%2C25&amp;cropresize=1&amp;client_id=bpeditorial&amp;sign=c3b7ff55501738b8fbf7e77abe195a6c2d3c6a924d6564b6fbd1619ff2092775 480w,https:\/\/media.ouest-france.fr\/v1\/pictures\/MjAyNjA5YzUyNzNiNTNhMWViM2M2Y2E5MmEyY2FjMDE2YWZiYzc?width=630&amp;focuspoint=50%2C25&amp;cropresize=1&amp;client_id=bpeditorial&amp;sign=ebba2be689c39bd45c6815690d23cda3bd290ee01dc6b73156f92325e1aae97b 630w,https:\/\/media.ouest-france.fr\/v1\/pictures\/MjAyNjA5YzUyNzNiNTNhMWViM2M2Y2E5MmEyY2FjMDE2YWZiYzc?width=940&amp;focuspoint=50%2C25&amp;cropresize=1&amp;client_id=bpeditorial&amp;sign=4ac2772a3bb9a3ce7753b9e2a4c700ea469753c15a7eca4876e7840b8fd58dee 940w,https:\/\/media.ouest-france.fr\/v1\/pictures\/MjAyNjA5YzUyNzNiNTNhMWViM2M2Y2E5MmEyY2FjMDE2YWZiYzc?width=1260&amp;focuspoint=50%2C25&amp;cropresize=1&amp;client_id=bpeditorial&amp;sign=af6ba19af621dbd93344b51820af56434c0eaf3c6f606e925c1801e73ff3a0ec 1260w&quot;}\"\/>Le groupe pop-rock Feu\u00a0! Chatterton a enflamm\u00e9 le public du barrage du Couesnon, \u00e0 deux pas du Mont-Saint-Michel, mercredi 2\u00a0septembre 2026. | OUEST-FRANCE<\/li>\n<\/ul>\n<p data-ofstats-scroll=\"read_depth_10\">C\u2019\u00e9tait le show tant attendu au barrage du Couesnon, \u00e0 Beauvoir (Manche). Feu\u00a0! Chatterton a enflamm\u00e9 la baie de la Merveille, devant pr\u00e8s de 2\u00a0700\u00a0spectateurs, mercredi 2\u00a0septembre 2026. <a href=\"https:\/\/www.ouest-france.fr\/culture\/patrimoine\/mont-saint-michel\/au-mont-saint-michel-un-retour-reussi-des-concerts-de-musiques-actuelles-avec-herve-et-les-danseurs-de-mazelfreten-ca920cb0-6d76-11f1-971c-5aa54f866c16\" target=\"_blank\" rel=\"nofollow noopener\">Apr\u00e8s le passage du chanteur Herv\u00e9 au mois de juin<\/a>, l\u2019\u00c9tablissement public national du Mont-Saint-Michel a confirm\u00e9 le retour des concerts de musiques actuelles autour de l\u2019\u00eelot rocheux.<\/p>\n<p>De nombreux fans attendaient d\u00e9j\u00e0 \u00e0 l\u2019ouverture des portes pour se placer \u00e0 la barri\u00e8re. On est tomb\u00e9 dessus par hasard, via un ami qui a vu l\u2019information sur le site du Mont-Saint-Michel. En plus, c\u2019est \u00e0 c\u00f4t\u00e9 de la maison, c\u2019est top<\/p>\n<p style=\"text-align: center; background-color: #dbbe4d; padding-top: 5px; padding-bottom: 5px; font-size: 14px;\"><strong>D\u00e9j\u00e0 abonn\u00e9 ? <\/strong><a data-trkartmonet=\"Identification\" data-trk-sipa=\"{\" blockcategory=\"\" paywall=\"\" href=\"http:\/\/www.ouest-france.fr\/login?redirect=https:\/\/www.ouest-france.fr\/normandie\/le-mont-saint-michel-50170\/amener-la-culture-en-campagne-cest-top-feu-chatterton-a-conquis-son-public-au-mont-saint-michel-3bd5718a-a76c-11f1-8a27-1e0c4eb5e395\" rel=\"nofollow noopener\" title=\"Se connecter \u00e0 Ouest-France\" class=\"su-link-light\" target=\"_blank\">Connectez-vous<\/a><\/p>\n<p style=\"text-align: center; padding-top: 15px; padding-bottom: 8px; vertical-align: bottom;\">bloqu\u00e9<strong> Pour lire la suite, abonnez-vous<\/strong><\/p>\n<p style=\"text-align: center;\"><strong>1er mois \u00e0 1\u20ac<\/strong><\/p>\n<p style=\"text-align: center; margin-top: -5px;\">Annulable \u00e0 tout moment<\/p>\n<p style=\"text-align: center;\">\u00a0<\/p>\n<p style=\"text-align: center;\"><a data-ida=\"\" data-trkartmonet=\"Tunnel OF+\" data-trk-sipa=\"{&#010;\" blockcategory=\"\" paywall=\"\" :=\"\" m=\"\" of=\"\" class=\"su-button su-subscription\" data-trk-bloc=\"paywall\" href=\"https:\/\/abonnement.ouest-france.fr\/tunnel\/pack-essentiel-article\/122096117101?int_medium=lien&amp;int_campaign=PWFR0225-OF&amp;int_content=page-article-payant_boutonjaune-paywall&amp;marquesource=OF&amp;rt=https:\/\/www.ouest-france.fr\/normandie\/le-mont-saint-michel-50170\/amener-la-culture-en-campagne-cest-top-feu-chatterton-a-conquis-son-public-au-mont-saint-michel-3bd5718a-a76c-11f1-8a27-1e0c4eb5e395\" rel=\"nofollow noopener\" target=\"_blank\"><strong>Je m&rsquo;abonne<\/strong><\/a><\/p>\n<p style=\"text-align: center; padding-top: 10px; padding-bottom: 10px;\"><img decoding=\"async\" src=\"https:\/\/media.ouest-france.fr\/v1\/fonts\/be7723fcee3f1866f1ce99184077fc6f-carte-bancaire.svg?height=36\" alt=\"CB\"\/>\u00a0\u00a0<img decoding=\"async\" src=\"https:\/\/media.ouest-france.fr\/v1\/fonts\/1819d54c599d8afa64539cfba4ac9dde-rib.svg?height=36\" alt=\"RIB\"\/>\u00a0\u00a0<img decoding=\"async\" src=\"https:\/\/media.ouest-france.fr\/v1\/fonts\/065fc80d7b6a03d14a834c224ce723e1-paypal.svg?height=36\" alt=\"PAYPAL\"\/><\/p>\n","protected":false},"excerpt":{"rendered":"Article premium, R\u00e9serv\u00e9 aux\u00a0abonn\u00e9s Le barrage du Couesnon (Manche), dans la baie du Mont-Saint-Michel, a eu le privil\u00e8ge&hellip;\n","protected":false},"author":2,"featured_media":1165569,"comment_status":"","ping_status":"","sticky":false,"template":"","format":"standard","meta":{"footnotes":"","_share_on_mastodon":"0"},"categories":[1355],"tags":[17295,36203,1697,251,58,59,1011,27,113789,8247,1361,873,1698],"class_list":["post-1165568","post","type-post","status-publish","format-standard","has-post-thumbnail","category-musique","tag-avranches","tag-beauvoir","tag-concert","tag-culture","tag-divertissement","tag-entertainment","tag-fr","tag-france","tag-le-mont-saint-michel","tag-mont-saint-michel","tag-music","tag-musique","tag-musiques"],"share_on_mastodon":{"url":"https:\/\/pubeurope.com\/@fr\/117209163959835385","error":""},"_links":{"self":[{"href":"https:\/\/www.europesays.com\/fr\/wp-json\/wp\/v2\/posts\/1165568","targetHints":{"allow":["GET"]}}],"collection":[{"href":"https:\/\/www.europesays.com\/fr\/wp-json\/wp\/v2\/posts"}],"about":[{"href":"https:\/\/www.europesays.com\/fr\/wp-json\/wp\/v2\/types\/post"}],"author":[{"embeddable":true,"href":"https:\/\/www.europesays.com\/fr\/wp-json\/wp\/v2\/users\/2"}],"replies":[{"embeddable":true,"href":"https:\/\/www.europesays.com\/fr\/wp-json\/wp\/v2\/comments?post=1165568"}],"version-history":[{"count":0,"href":"https:\/\/www.europesays.com\/fr\/wp-json\/wp\/v2\/posts\/1165568\/revisions"}],"wp:featuredmedia":[{"embeddable":true,"href":"https:\/\/www.europesays.com\/fr\/wp-json\/wp\/v2\/media\/1165569"}],"wp:attachment":[{"href":"https:\/\/www.europesays.com\/fr\/wp-json\/wp\/v2\/media?parent=1165568"}],"wp:term":[{"taxonomy":"category","embeddable":true,"href":"https:\/\/www.europesays.com\/fr\/wp-json\/wp\/v2\/categories?post=1165568"},{"taxonomy":"post_tag","embeddable":true,"href":"https:\/\/www.europesays.com\/fr\/wp-json\/wp\/v2\/tags?post=1165568"}],"curies":[{"name":"wp","href":"https:\/\/api.w.org\/{rel}","templated":true}]}}