{"id":1165584,"date":"2026-09-03T21:17:21","date_gmt":"2026-09-03T21:17:21","guid":{"rendered":"https:\/\/www.europesays.com\/fr\/1165584\/"},"modified":"2026-09-03T21:17:21","modified_gmt":"2026-09-03T21:17:21","slug":"dans-complement-denquete-le-senateur-vincent-louault-assume-une-fake-news-sur-lacetamipride","status":"publish","type":"post","link":"https:\/\/www.europesays.com\/fr\/1165584\/","title":{"rendered":"Dans \u00ab\u00a0Compl\u00e9ment d\u2019enqu\u00eate\u00a0\u00bb, le s\u00e9nateur Vincent Louault \u00ab\u00a0assume\u00a0\u00bb une \u00ab\u00a0fake news\u00a0\u00bb sur l\u2019ac\u00e9tamipride"},"content":{"rendered":"<p>        <img decoding=\"async\" loading=\"lazy\" src=\"https:\/\/www.europesays.com\/fr\/wp-content\/uploads\/2026\/09\/d5024ae_upload-1-kemhwpyzr3qe-capture-d-ecran-2026-09-03-195323.png\"  width=\"728\" height=\"409\" alt=\"Le s\u00e9nateur Vincent Louault, ici interview\u00e9 dans l\u2019\u00e9mission \u00ab\u00a0Compl\u00e9ment d\u2019enqu\u00eate\u00a0\u00bb diffus\u00e9e sur France 2\u00a0le 3\u00a0septembre 2026.\"\/>  <\/p>\n<p>Capture d\u2019\u00e9cran France 2<\/p>\n<p>Le s\u00e9nateur Vincent Louault, ici interview\u00e9 dans l\u2019\u00e9mission \u00ab\u00a0Compl\u00e9ment d\u2019enqu\u00eate\u00a0\u00bb diffus\u00e9e sur France 2\u00a0le 3\u00a0septembre 2026.<\/p>\n<p class=\"asset asset-text\">\u00ab\u00a0Fake news\u00a0\u00bb assum\u00e9e par un s\u00e9nateur au programme de Compl\u00e9ment d\u2019enqu\u00eate ce jeudi 3\u00a0septembre. Dans l\u2019\u00e9mission diffus\u00e9e dans la soir\u00e9e par France 2, Vincent Louault (Horizons) a \u00e9t\u00e9 interview\u00e9 par une journaliste de la cha\u00eene en f\u00e9vrier dernier.<\/p>\n<p class=\"asset asset-text\">Au cours de cet entretien (<strong>voir l\u2019extrait ci-dessous<\/strong>), il lui affirme que <a href=\"https:\/\/www.huffingtonpost.fr\/politique\/article\/juste-avant-le-vote-de-la-loi-d-urgence-agricole-le-retour-de-ce-pesticide-divise-toujours-le-gouvernement_291690.html\" rel=\"nofollow noopener\" target=\"_blank\">l\u2019ac\u00e9tamipride<\/a>, un n\u00e9onicotino\u00efde (ou pesticide) utilis\u00e9 dans l\u2019agriculture pour lutter contre les insectes ravageurs mais aussi pr\u00e9sent dans certains produits domestiques, se trouve dans tous les colliers anti-puces des chiens et chats. Soit la m\u00eame position tenue par la ministre de l\u2019Agriculture Annie Genevard dans une interview en mai\u00a02025\u00a0sur franceinfo.<\/p>\n<p class=\"asset asset-text\">Or, dans la liste des composants de colliers anti-puces qu\u2019elle s\u2019est procur\u00e9s pour les besoins de son enqu\u00eate, la journaliste de Compl\u00e9ment d\u2019enqu\u00eate indique qu\u2019il y a des pesticides, mais aucune mention pour l\u2019ac\u00e9tamipride\u00a0: cette mol\u00e9cule n\u2019a jamais \u00e9t\u00e9 autoris\u00e9e pour l\u2019usage v\u00e9t\u00e9rinaire, ce qu\u2019a confirm\u00e9 par \u00e9crit <a href=\"https:\/\/www.huffingtonpost.fr\/environnement\/article\/sur-le-retour-de-l-acetamipride-l-anses-erige-en-arbitre-a-deja-rendu-un-avis-qui-ne-plaira-a-personne_292259.html\" rel=\"nofollow noopener\" target=\"_blank\">l\u2019Agence nationale de s\u00e9curit\u00e9 sanitaire<\/a> (Anses) \u00e0 l\u2019\u00e9mission de France 2.<\/p>\n<p class=\"asset asset-text\">Mis face \u00e0 cette contradiction, Vincent Louault ne va pas se d\u00e9monter pour autant, assumant compl\u00e8tement d\u2019avoir menti. \u00ab\u00a0Nous, on se fait d\u00e9foncer la gueule, et \u00e0 un moment, les gens ils comprennent des messages simples\u00a0\u00bb, commence-t-il pour se justifier. \u00ab\u00a0Quand je fais un raccourci sur la famille des n\u00e9onicotino\u00efdes pour vous sensibiliser sur le fait que dans le collier \u00e0 chien et chat, il y a bien des n\u00e9onicotino\u00efdes ou des mol\u00e9cules aussi dangereuses que l\u2019ac\u00e9tamipride, oui je fais une fake news. Voil\u00e0. Si c\u2019est \u00e7a que vous voulez m\u2019entendre dire, oui, j\u2019ai simplifi\u00e9 un peu trop. Je m\u2019en excuse. Mais j\u2019assume\u00a0\u00bb, affirme-t-il sur France 2.<\/p>\n<p> La lecture de ce contenu est susceptible d\u2019entra\u00eener un d\u00e9p\u00f4t de cookies de la part de l\u2019op\u00e9rateur tiers qui l\u2019h\u00e9berge. Compte-tenu des choix que vous avez exprim\u00e9s en mati\u00e8re de d\u00e9p\u00f4t de cookies, nous avons bloqu\u00e9 l\u2019affichage de ce contenu. Si vous souhaitez y acc\u00e9der, vous devez accepter la cat\u00e9gorie de cookies \u201cContenus tiers\u201d en cliquant sur le bouton ci-dessous. <\/p>\n<p> Lire la Vid\u00e9o        D\u00e9sinformation    <\/p>\n<p class=\"asset asset-text\">Toujours dans ce num\u00e9ro de Compl\u00e9ment d\u2019enqu\u00eate, Annie Genevard est aussi somm\u00e9e de r\u00e9pondre \u00e0 la journaliste de France 2\u00a0sur ses propos tenus au printemps dernier (mentionn\u00e9s plus haut) sur l\u2019ac\u00e9tamipride. Ce qu\u2019elle refuse. \u00ab\u00a0Je n\u2019ai pas le temps d\u2019aborder des questions aussi pr\u00e9cises et importantes entre deux portes\u00a0\u00bb, r\u00e9pond-elle \u00e0 Compl\u00e9ment d\u2019enqu\u00eate, bien que son cabinet a visiblement \u00e9t\u00e9 relanc\u00e9 plusieurs fois en amont pour des demandes d\u2019interviews sur ce sujet pr\u00e9cis, selon la journaliste.<\/p>\n<p> La lecture de ce contenu est susceptible d\u2019entra\u00eener un d\u00e9p\u00f4t de cookies de la part de l\u2019op\u00e9rateur tiers qui l\u2019h\u00e9berge. Compte-tenu des choix que vous avez exprim\u00e9s en mati\u00e8re de d\u00e9p\u00f4t de cookies, nous avons bloqu\u00e9 l\u2019affichage de ce contenu. Si vous souhaitez y acc\u00e9der, vous devez accepter la cat\u00e9gorie de cookies \u201cContenus tiers\u201d en cliquant sur le bouton ci-dessous. <\/p>\n<p> Lire la Vid\u00e9o        <\/p>\n<p class=\"asset asset-text\">La d\u00e9sinformation autour de l\u2019ac\u00e9tamipride dans le milieu politique est un sujet qui revient au gr\u00e9 des prises de parole. Comme lorsque S\u00e9gol\u00e8ne Royal affirmait avec conviction en juillet\u00a02025\u00a0sur le plateau de BFMTV que l\u2019ac\u00e9tamipride \u00e9tait \u00ab\u00a0canc\u00e9rig\u00e8ne\u00a0\u00bb.<\/p>\n<p class=\"asset asset-text\">Interrog\u00e9e dans Compl\u00e9ment d\u2019enqu\u00eate, la toxicologue Sylvie Bortoli affirme que ce n\u2019est pas le cas, \u00ab\u00a0les donn\u00e9es (restant) encore limit\u00e9es\u00a0\u00bb sur cela, m\u00eame s\u2019il existe \u00ab\u00a0un certain nombre de signaux s\u2019alerte qui sont soulign\u00e9s par un certain nombre de scientifiques\u00a0\u00bb.<\/p>\n<p> La lecture de ce contenu est susceptible d\u2019entra\u00eener un d\u00e9p\u00f4t de cookies de la part de l\u2019op\u00e9rateur tiers qui l\u2019h\u00e9berge. Compte-tenu des choix que vous avez exprim\u00e9s en mati\u00e8re de d\u00e9p\u00f4t de cookies, nous avons bloqu\u00e9 l\u2019affichage de ce contenu. Si vous souhaitez y acc\u00e9der, vous devez accepter la cat\u00e9gorie de cookies \u201cContenus tiers\u201d en cliquant sur le bouton ci-dessous. <\/p>\n<p> Lire la Vid\u00e9o        <\/p>\n<p class=\"asset asset-text\">Rappelons que l\u2019ac\u00e9tamipride n\u2019est pas interdit au sein de l\u2019Union europ\u00e9enne. Apr\u00e8s une d\u00e9cision de l\u2019Autorit\u00e9 europ\u00e9enne de s\u00e9curit\u00e9 des aliments (Efsa) datant de mai\u00a02024, les agriculteurs peuvent continuer \u00e0 l\u2019utiliser jusqu\u2019en 2033.<\/p>\n<p class=\"asset asset-text\">\u00ab\u00a0Des incertitudes majeures\u00a0\u00bb demeurent sur les effets neurod\u00e9veloppementaux de l\u2019ac\u00e9tamipride, fait valoir l\u2019Efsa, <a href=\"https:\/\/www.franceinfo.fr\/vrai-ou-fake\/vrai-ou-faux-proposition-de-loi-duplomb-les-pesticides-neonicotinoides-comme-l-acetamipride-sont-ils-dangereux-pour-la-sante_7277421.html\" target=\"_blank\" rel=\"noopener nofollow\" title=\"Nouvelle fen\u00eatre\">comme le rapportait franceinfo dans un article en mai\u00a02025<\/a>. Il faudrait de \u00ab\u00a0nouveaux \u00e9l\u00e9ments\u00a0\u00bb pour pouvoir \u00ab\u00a0\u00e9valuer de mani\u00e8re ad\u00e9quate les risques et les dangers\u00a0\u00bb du pesticide, selon l\u2019agence.<\/p>\n","protected":false},"excerpt":{"rendered":"Capture d\u2019\u00e9cran France 2 Le s\u00e9nateur Vincent Louault, ici interview\u00e9 dans l\u2019\u00e9mission \u00ab\u00a0Compl\u00e9ment d\u2019enqu\u00eate\u00a0\u00bb diffus\u00e9e sur France 2\u00a0le&hellip;\n","protected":false},"author":2,"featured_media":1165585,"comment_status":"","ping_status":"","sticky":false,"template":"","format":"standard","meta":{"footnotes":"","_share_on_mastodon":"0"},"categories":[4],"tags":[11,28200,1011,27,594,500,25756,12,316,25],"class_list":["post-1165584","post","type-post","status-publish","format-standard","has-post-thumbnail","category-france","tag-actualites","tag-complement-d-enquete","tag-fr","tag-france","tag-france-2","tag-medias","tag-neonicotinoides","tag-news","tag-politique","tag-republique-francaise"],"share_on_mastodon":{"url":"https:\/\/pubeurope.com\/@fr\/117209194197061544","error":""},"_links":{"self":[{"href":"https:\/\/www.europesays.com\/fr\/wp-json\/wp\/v2\/posts\/1165584","targetHints":{"allow":["GET"]}}],"collection":[{"href":"https:\/\/www.europesays.com\/fr\/wp-json\/wp\/v2\/posts"}],"about":[{"href":"https:\/\/www.europesays.com\/fr\/wp-json\/wp\/v2\/types\/post"}],"author":[{"embeddable":true,"href":"https:\/\/www.europesays.com\/fr\/wp-json\/wp\/v2\/users\/2"}],"replies":[{"embeddable":true,"href":"https:\/\/www.europesays.com\/fr\/wp-json\/wp\/v2\/comments?post=1165584"}],"version-history":[{"count":0,"href":"https:\/\/www.europesays.com\/fr\/wp-json\/wp\/v2\/posts\/1165584\/revisions"}],"wp:featuredmedia":[{"embeddable":true,"href":"https:\/\/www.europesays.com\/fr\/wp-json\/wp\/v2\/media\/1165585"}],"wp:attachment":[{"href":"https:\/\/www.europesays.com\/fr\/wp-json\/wp\/v2\/media?parent=1165584"}],"wp:term":[{"taxonomy":"category","embeddable":true,"href":"https:\/\/www.europesays.com\/fr\/wp-json\/wp\/v2\/categories?post=1165584"},{"taxonomy":"post_tag","embeddable":true,"href":"https:\/\/www.europesays.com\/fr\/wp-json\/wp\/v2\/tags?post=1165584"}],"curies":[{"name":"wp","href":"https:\/\/api.w.org\/{rel}","templated":true}]}}