{"id":1165592,"date":"2026-09-03T21:23:17","date_gmt":"2026-09-03T21:23:17","guid":{"rendered":"https:\/\/www.europesays.com\/fr\/1165592\/"},"modified":"2026-09-03T21:23:17","modified_gmt":"2026-09-03T21:23:17","slug":"meurthe-et-moselle-jusquau-bout-on-ny-croyait-pas-il-y-a-40-ans-les-acieries-de-pompey-fermaient-danciens-employes-racontent-la-fin-d","status":"publish","type":"post","link":"https:\/\/www.europesays.com\/fr\/1165592\/","title":{"rendered":"Meurthe-et-Moselle \u00ab\u00a0Jusqu\u2019au bout, on n\u2019y croyait pas\u00a0\u00bb\u00a0: il y a 40 ans, les aci\u00e9ries de Pompey fermaient, d\u2019anciens employ\u00e9s racontent la fin d\u2019un monde"},"content":{"rendered":"<p>Andr\u00e9 Simon ne se souvient pas d\u2019un jour pr\u00e9cis. Plut\u00f4t d\u2019une ambiance. D\u2019hommes qu\u2019on ne remplace plus, d\u2019effectifs qui fondent. D\u2019un haut-fourneau qui s\u2019arr\u00eate, d\u2019un deuxi\u00e8me. Et puis, en mai, de la derni\u00e8re coul\u00e9e. Il \u00e9tait l\u00e0. \u00ab\u00a0J\u2019ai fait partie de ceux qui ont ferm\u00e9 la porte.\u00a0\u00bb<\/p>\n<p>Ce jour-l\u00e0, Andr\u00e9 Simon dit adieu \u00e0 plus de trente ans de carri\u00e8re. C\u2019\u00e9tait en 1986, il y a quarante ans. La <a href=\"https:\/\/www.estrepublicain.fr\/societe\/2025\/11\/02\/les-acieries-plus-qu-une-simple-usine\" target=\"_blank\" rel=\"nofollow noopener\">Soci\u00e9t\u00e9 nouvelle des aci\u00e9ries de Pompey<\/a> , jusqu\u2019\u00e0 4\u00a0500 employ\u00e9s au plus fort de son activit\u00e9, s\u2019\u00e9teignait. La mort d\u2019une usine centenaire. \u00ab\u00a0Sa disparition a \u00e9t\u00e9 mal v\u00e9cue par la population\u00a0\u00bb, se souvient Andr\u00e9 Simon.<\/p>\n<p>Une usine \u00e0 la pointe<\/p>\n<p>Lui travaillait dans un bureau d\u2019\u00e9tudes, en tant que responsable. \u00ab\u00a0J\u2019avais deux missions, d\u00e9terminer comment on allait obtenir les produits et am\u00e9liorer les installations\u00a0\u00bb Il raconte \u00e7a chez lui, dans sa maison de Marbache. Avec fiert\u00e9, parce que l\u2019usine de Pompey \u00e9tait prosp\u00e8re, jusque dans les ann\u00e9es 70. \u00ab\u00a0On faisait des aciers tr\u00e8s pointus, qu\u2019on livrait dans&#8230;<\/p>\n","protected":false},"excerpt":{"rendered":"Andr\u00e9 Simon ne se souvient pas d\u2019un jour pr\u00e9cis. Plut\u00f4t d\u2019une ambiance. D\u2019hommes qu\u2019on ne remplace plus, d\u2019effectifs&hellip;\n","protected":false},"author":2,"featured_media":1165593,"comment_status":"","ping_status":"","sticky":false,"template":"","format":"standard","meta":{"footnotes":"","_share_on_mastodon":"0"},"categories":[9635],"tags":[1111,11,9671,33,1707,1704,1706,1705,1777,674,107,1011,27,775,693,3457,1702,12,3456,25,801,104,216],"class_list":["post-1165592","post","type-post","status-publish","format-standard","has-post-thumbnail","category-nancy","tag-actu","tag-actualites","tag-conflit-social","tag-economie","tag-edition-luneville","tag-edition-nancy-et-agglomeration","tag-edition-pont-a-mousson","tag-edition-toul","tag-eu","tag-europe","tag-fil-info","tag-fr","tag-france","tag-grand-est","tag-industrie","tag-meurthe-et-moselle","tag-nancy","tag-news","tag-region-lorraine","tag-republique-francaise","tag-social","tag-societe","tag-vie-des-entreprises"],"share_on_mastodon":{"url":"https:\/\/pubeurope.com\/@fr\/117209216514218775","error":""},"_links":{"self":[{"href":"https:\/\/www.europesays.com\/fr\/wp-json\/wp\/v2\/posts\/1165592","targetHints":{"allow":["GET"]}}],"collection":[{"href":"https:\/\/www.europesays.com\/fr\/wp-json\/wp\/v2\/posts"}],"about":[{"href":"https:\/\/www.europesays.com\/fr\/wp-json\/wp\/v2\/types\/post"}],"author":[{"embeddable":true,"href":"https:\/\/www.europesays.com\/fr\/wp-json\/wp\/v2\/users\/2"}],"replies":[{"embeddable":true,"href":"https:\/\/www.europesays.com\/fr\/wp-json\/wp\/v2\/comments?post=1165592"}],"version-history":[{"count":0,"href":"https:\/\/www.europesays.com\/fr\/wp-json\/wp\/v2\/posts\/1165592\/revisions"}],"wp:featuredmedia":[{"embeddable":true,"href":"https:\/\/www.europesays.com\/fr\/wp-json\/wp\/v2\/media\/1165593"}],"wp:attachment":[{"href":"https:\/\/www.europesays.com\/fr\/wp-json\/wp\/v2\/media?parent=1165592"}],"wp:term":[{"taxonomy":"category","embeddable":true,"href":"https:\/\/www.europesays.com\/fr\/wp-json\/wp\/v2\/categories?post=1165592"},{"taxonomy":"post_tag","embeddable":true,"href":"https:\/\/www.europesays.com\/fr\/wp-json\/wp\/v2\/tags?post=1165592"}],"curies":[{"name":"wp","href":"https:\/\/api.w.org\/{rel}","templated":true}]}}