{"id":1165616,"date":"2026-09-03T21:38:35","date_gmt":"2026-09-03T21:38:35","guid":{"rendered":"https:\/\/www.europesays.com\/fr\/1165616\/"},"modified":"2026-09-03T21:38:35","modified_gmt":"2026-09-03T21:38:35","slug":"jusqua-322640e-faire-sa-rentree-etudiante-a-strasbourg-na-jamais-coute-aussi-cher","status":"publish","type":"post","link":"https:\/\/www.europesays.com\/fr\/1165616\/","title":{"rendered":"Jusqu&rsquo;\u00e0 3226,40\u20ac : faire sa rentr\u00e9e \u00e9tudiante \u00e0 Strasbourg n\u2019a jamais co\u00fbt\u00e9 aussi cher"},"content":{"rendered":"<p><b>Alors qu\u2019ils et elles sont plus de 60 000 \u00e0 effectuer leur rentr\u00e9e \u00e0 Strasbourg, la situation \u00e9conomique des \u00e9tudiant(e)s est de plus en plus pr\u00e9caire chaque ann\u00e9e. Le barom\u00e8tre de l\u2019AFGES 2026 tire un bilan inqui\u00e9tant des co\u00fbts de la vie \u00e9tudiante, o\u00f9 le loyer repr\u00e9sente toujours la plus grande d\u00e9pense, alors que le manque de r\u00e9sidences \u00e9tudiantes se fait sentir.<\/b><\/p>\n<p class=\"p1\"><b>3 214,84 \u20ac : selon le barom\u00e8tre annuel 2026 de l\u2019AFGES, c\u2019est en moyenne ce que devra d\u00e9bourser un \u00e9tudiant strasbourgeois en premi\u00e8re ann\u00e9e de licence, sans coloc et non boursier, lors de son premier mois \u00e0 l\u2019universit\u00e9.<\/b> Une somme qui monte m\u00eame \u00e0 3 226,40 \u20ac pour les \u00e9tudiantes strasbourgeoises, quand on y ajoute les d\u00e9penses dues aux r\u00e8gles. Et ce co\u00fbt de la rentr\u00e9e ne cesse de cro\u00eetre depuis le covid.<\/p>\n<p class=\"p1\">Si les frais de vie courante augmentent \u00ab seulement \u00bb de 0,80% pour monter \u00e0 1 129,30 \u20ac, <b>c\u2019est surtout les frais de rentr\u00e9e qui s\u2019accroissent de 4,19 %, pour grimper jusqu\u2019\u00e0 2 085,54 \u20ac<\/b>. Des r\u00e9alit\u00e9s qui poussent l\u2019AFGES \u00e0 critiquer l\u2019inaction du gouvernement : \u00ab\u00a0Il est indispensable que les pouvoirs publics se saisissent de l\u2019\u00e9tat alarmant de la pr\u00e9carit\u00e9 \u00e9tudiante, souvent occult\u00e9e dans les d\u00e9bats publics.\u00a0\u00bb<\/p>\n<p>    <img width=\"800\" height=\"457\" src=\"https:\/\/www.europesays.com\/fr\/wp-content\/uploads\/2026\/09\/municipales-1er-tour-2-800x457.jpg\" class=\"attachment-image-size-L size-image-size-L\" alt=\"afges\" decoding=\"async\" loading=\"lazy\"  \/>         \u00a9 Photo de Mathilde Cybulski \/ Pokaa <\/p>\n<p>Le logement, premi\u00e8re source de d\u00e9pense <\/p>\n<p class=\"p1\">Si les frais de vie courante restent globalement stables, le co\u00fbt du logement dans le budget \u00e9tudiant ne fait lui qu\u2019augmenter. <b>Estim\u00e9 \u00e0 631 \u20ac, il est en augmentation de pr\u00e8s de 9% et repr\u00e9sente surtout plus de la moiti\u00e9 des d\u00e9penses de vie courante pour un(e) \u00e9tudiant(e)<\/b>.<\/p>\n<p class=\"p1\">Une situation amplifi\u00e9e par le manque de logements \u00e9tudiants, malgr\u00e9 l\u2019inauguration r\u00e9cente de la r\u00e9sidence universitaire Crous de la Somme, <a href=\"https:\/\/pokaa.fr\/2026\/07\/05\/strasbourg-482-logements-etudiants-seront-construits-sur-la-place-dislande-dici-2029\/\" target=\"_blank\" rel=\"noopener nofollow\">et l\u2019ambition du projet en cours sur la place d\u2019Islande<\/a>.<\/p>\n<p>                <a href=\"https:\/\/pokaa.fr\/2026\/07\/05\/strasbourg-482-logements-etudiants-seront-construits-sur-la-place-dislande-dici-2029\/\" rel=\"nofollow noopener\" target=\"_blank\"><br \/>\n                    <img width=\"450\" height=\"270\" src=\"https:\/\/www.europesays.com\/fr\/wp-content\/uploads\/2026\/09\/b1-450x270.jpg\" class=\"attachment-card-horizontal--same-subject size-card-horizontal--same-subject wp-post-image\" alt=\"\" decoding=\"async\" loading=\"lazy\"\/>                <\/a><\/p>\n<blockquote><p>\n        52% des \u00e9tudiant(e)s finissent avec moins de 200\u20ac pour vivre apr\u00e8s paiement du loyer.    <\/p><\/blockquote>\n<p>            Barom\u00e8tre 2026 de l&rsquo;AFGES<\/p>\n<p class=\"p1\">Forc\u00e9(e)s de se tourner vers le parc priv\u00e9 pour se loger, <b>une majorit\u00e9 d\u2019\u00e9tudiant(e)s doit faire face \u00e0 des prix qui ne cessent d\u2019augmenter, notamment pour les studios<\/b>. <a href=\"https:\/\/www.locservice.fr\/cote-des-loyers\/cote-studio-67482.html\" target=\"_blank\" rel=\"noopener nofollow\">Selon les derniers chiffres de LocService<\/a>, le prix moyen d\u2019un studio de 20 \u00e0 30 m2 \u00e0 Strasbourg s\u2019\u00e9tablit aujourd\u2019hui \u00e0 562 \u20ac\/mois, soit une augmentation de 7,5%. <a href=\"https:\/\/www.observatoires-des-loyers.org\/fileadmin\/www.observatoires-des-loyers.org\/MEDIA\/observatoires\/B6700\/publications\/Rapport-OLL67-2025.pdf\" target=\"_blank\" rel=\"noopener nofollow\">L\u2019Observatoire des loyers du Bas-Rhin<\/a> remarque quand \u00e0 lui une augmentation de 1,5 \u00e0 2\u20ac\/m2 en 6 ans sur les appartements 1 pi\u00e8ce.<\/p>\n<p class=\"p1\">Face \u00e0 cette situation qui s\u2019aggrave d\u2019ann\u00e9e en ann\u00e9e, <b>l\u2019AFGES revendique notamment la construction massive de logements \u00e9tudiants g\u00e9r\u00e9s par le Crous<\/b>, la p\u00e9rennisation de l\u2019encadrement des loyers au niveau national et le retour de l\u2019universalisation des APL avec une r\u00e9forme de ces aides \u00e0 la hausse.<\/p>\n<p>                <a href=\"https:\/\/pokaa.fr\/2026\/08\/30\/cest-la-galere-pour-se-loger-6-bons-plans-pour-les-etudiantes-a-strasbourg\/\" rel=\"nofollow noopener\" target=\"_blank\"><br \/>\n                    <img width=\"450\" height=\"270\" src=\"https:\/\/www.europesays.com\/fr\/wp-content\/uploads\/2026\/09\/couv-1-450x270.jpg\" class=\"attachment-card-horizontal--same-subject size-card-horizontal--same-subject wp-post-image\" alt=\"\" decoding=\"async\" loading=\"lazy\"\/>                <\/a><\/p>\n<p>    <img width=\"800\" height=\"533\" src=\"https:\/\/www.europesays.com\/fr\/wp-content\/uploads\/2025\/09\/campus-esplanade-4-800x533.jpg\" class=\"attachment-image-size-L size-image-size-L\" alt=\"Campus Esplanade 4\" decoding=\"async\" loading=\"lazy\"  \/>         \u00a9 David Lev\u00eaque \/ Pokaa <\/p>\n<p>Les frais d\u2019alimentation augmentent, alors qu\u2019un(e) \u00e9tudiant(e) sur cinq ne mange pas \u00e0 sa faim<\/p>\n<p class=\"p1\">Deuxi\u00e8me poste de d\u00e9pense, l\u2019alimentation reste une vraie probl\u00e9matique pour les \u00e9tudiant(e)s. Si les repas Crous \u00e0 1\u20ac repr\u00e9sentent une bouff\u00e9e d\u2019air frais pour beaucoup, <b>une grande partie des \u00e9tudiant(e)s doivent r\u00e9duire leur budget alimentaire pour boucler leur fin de mois<\/b>. Ainsi, en France, pr\u00e8s d\u2019un(e) \u00e9tudiant(e) sur cinq ne mange pas \u00e0 sa faim.<\/p>\n<blockquote><p>\n        Il est inadmissible de banaliser le clich\u00e9 de l\u2019\u00e9tudiant(e) survivant \u00e0 base de p\u00e2tes et ne pouvant pas se nourrir dignement, pour \u00e9tudier sereinement.    <\/p><\/blockquote>\n<p>            Barom\u00e8tre 2026 de l&rsquo;AFGES<\/p>\n<p><b>\u00c0 Strasbourg, l\u2019AFGES estime ce budget \u00e0 177,27 \u20ac par mois, qui augmente l\u00e9g\u00e8rement par rapport \u00e0 l\u2019an dernier<\/b>. Pour faire face \u00e0 ce probl\u00e8me, elle demande alors la p\u00e9rennisation du repas Crous \u00e0 1\u20ac pour toutes et tous avec 2 repas \u00e9quilibr\u00e9s et complets \u00e0 1 \u20ac par jour, soir et week-end compris, mais \u00e9galement l\u2019acc\u00e8s \u00e0 la restauration \u00e0 tarification sociale sur l\u2019ensemble des sites de formation.<\/p>\n<p>    <img width=\"800\" height=\"533\" src=\"https:\/\/www.europesays.com\/fr\/wp-content\/uploads\/2025\/09\/etudiants-strasbourgeois-galere-confinement-1.jpg\" class=\"attachment-image-size-L size-image-size-L\" alt=\"pr\u00e9carit\u00e9  etudiants frigo vide pr\u00e9carit\u00e9 pauvret\u00e9 alimentation\" decoding=\"async\" loading=\"lazy\"  \/>         \u00a9 Mathilde Piaud \/ Pokaa <\/p>\n<p>Le reste des frais, avec une grande pression mise sur les \u00e9tudiant(e)s extra-communautaires<\/p>\n<p class=\"p1\">Dans son barom\u00e8tre 2026, <b>l\u2019AFGES d\u00e9nonce \u00e9galement les frais suppl\u00e9mentaires ill\u00e9gaux, soit l\u2019achat de livres, mat\u00e9riel, logiciels ou \u00e9quipements, qui s\u2019\u00e9l\u00e8vent en moyenne \u00e0 214\u20ac, une augmentation de pr\u00e8s de 40%<\/b>. Des frais qui devraient \u00eatre \u00e0 la charge de l\u2019\u00e9tablissement, qui peuvent vite se chiffrer \u00e0 plusieurs centaines d\u2019euros pour des \u00e9tudiant(e)s en m\u00e9decine par exemple.<\/p>\n<blockquote><p>\n        Les politiques actuelles mettent \u00e0 la porte de nos Universit\u00e9s les \u00e9tudiant(e)s extra-communautaires qui sont d\u00e9j\u00e0 dans une pr\u00e9carit\u00e9 inacceptable.    <\/p><\/blockquote>\n<p>            Barom\u00e8tre 2026 de l&rsquo;AFGES<\/p>\n<p>    <img width=\"800\" height=\"457\" src=\"https:\/\/www.europesays.com\/fr\/wp-content\/uploads\/2025\/04\/strasbourgaimesesetudiants-campus-etudiants-fac-esplanade-universite22.jpeg\" class=\"attachment-image-size-L size-image-size-L\" alt=\"strasbourgaimesesetudiants-campus-etudiants-fac-esplanade-universite22\" decoding=\"async\" loading=\"lazy\"  \/>         \u00a9 Samuel Compion \/ Pokaa<\/p>\n<p class=\"p1\">Enfin, elle critique la pression financi\u00e8re mise sur les \u00e9tudiant(e)s qui viennent de l\u2019\u00e9tranger. <strong>Ils et elles doivent s\u2019acquitter en moyenne d\u2019un co\u00fbt de la rentr\u00e9e de 7 011 \u20ac, avec des frais d\u2019inscription en licence et en master qui ont \u00e9t\u00e9 multipli\u00e9s par 16 !<\/strong> Par ailleurs, les APL ont \u00e9t\u00e9 supprim\u00e9es, le timbre fiscal pour la d\u00e9livrance d\u2019un titre de s\u00e9jour \u00e9tudiant a doubl\u00e9, passant de 75 \u00e0 150 \u20ac, tandis que le seuil de ressources minimum a \u00e9t\u00e9 rehauss\u00e9, de 615 \u00e0 877,5 \u20ac.<\/p>\n<p class=\"p1\"><strong>Pour y rem\u00e9dier, l\u2019AFGES demande \u00ab\u00a0un retrait imm\u00e9diat de toutes les mesures dangereuses, x\u00e9nophobes et incoh\u00e9rentes qui touchent les \u00e9tudiant(e)s extra-communautaires\u00a0\u00bb<\/strong> et l\u2019acc\u00e8s aux bourses sur crit\u00e8res sociaux d\u00e8s leur arriv\u00e9e en France.<\/p>\n<p>                <a href=\"https:\/\/pokaa.fr\/2026\/04\/16\/etudiants-etrangers-radies-de-lunistra-a-strasbourg-le-campus-se-mobilise\/\" rel=\"nofollow noopener\" target=\"_blank\"><br \/>\n                    <img width=\"450\" height=\"270\" src=\"https:\/\/www.europesays.com\/fr\/wp-content\/uploads\/2026\/09\/04-mobilisation-inscriptions-etudiants-etrangers-3-450x270.jpg\" class=\"attachment-card-horizontal--same-subject size-card-horizontal--same-subject wp-post-image\" alt=\"\" decoding=\"async\" loading=\"lazy\"\/>                <\/a><\/p>\n","protected":false},"excerpt":{"rendered":"Alors qu\u2019ils et elles sont plus de 60 000 \u00e0 effectuer leur rentr\u00e9e \u00e0 Strasbourg, la situation \u00e9conomique&hellip;\n","protected":false},"author":2,"featured_media":389133,"comment_status":"","ping_status":"","sticky":false,"template":"","format":"standard","meta":{"footnotes":"","_share_on_mastodon":"0"},"categories":[2820],"tags":[1111,11,120234,1777,674,1011,27,775,12,11090,25,640,58524],"class_list":["post-1165616","post","type-post","status-publish","format-standard","has-post-thumbnail","category-strasbourg","tag-actu","tag-actualites","tag-etudiants-strasbourg","tag-eu","tag-europe","tag-fr","tag-france","tag-grand-est","tag-news","tag-precarite-etudiante","tag-republique-francaise","tag-strasbourg","tag-strasbourg-actualite"],"share_on_mastodon":{"url":"https:\/\/pubeurope.com\/@fr\/117209277750176453","error":""},"_links":{"self":[{"href":"https:\/\/www.europesays.com\/fr\/wp-json\/wp\/v2\/posts\/1165616","targetHints":{"allow":["GET"]}}],"collection":[{"href":"https:\/\/www.europesays.com\/fr\/wp-json\/wp\/v2\/posts"}],"about":[{"href":"https:\/\/www.europesays.com\/fr\/wp-json\/wp\/v2\/types\/post"}],"author":[{"embeddable":true,"href":"https:\/\/www.europesays.com\/fr\/wp-json\/wp\/v2\/users\/2"}],"replies":[{"embeddable":true,"href":"https:\/\/www.europesays.com\/fr\/wp-json\/wp\/v2\/comments?post=1165616"}],"version-history":[{"count":0,"href":"https:\/\/www.europesays.com\/fr\/wp-json\/wp\/v2\/posts\/1165616\/revisions"}],"wp:featuredmedia":[{"embeddable":true,"href":"https:\/\/www.europesays.com\/fr\/wp-json\/wp\/v2\/media\/389133"}],"wp:attachment":[{"href":"https:\/\/www.europesays.com\/fr\/wp-json\/wp\/v2\/media?parent=1165616"}],"wp:term":[{"taxonomy":"category","embeddable":true,"href":"https:\/\/www.europesays.com\/fr\/wp-json\/wp\/v2\/categories?post=1165616"},{"taxonomy":"post_tag","embeddable":true,"href":"https:\/\/www.europesays.com\/fr\/wp-json\/wp\/v2\/tags?post=1165616"}],"curies":[{"name":"wp","href":"https:\/\/api.w.org\/{rel}","templated":true}]}}