{"id":116562,"date":"2025-05-21T09:54:11","date_gmt":"2025-05-21T09:54:11","guid":{"rendered":"https:\/\/www.europesays.com\/fr\/116562\/"},"modified":"2025-05-21T09:54:11","modified_gmt":"2025-05-21T09:54:11","slug":"au-moins-six-soldats-ukrainiens-tues-dans-une-frappe-russe-sur-un-terrain-dentrainement","status":"publish","type":"post","link":"https:\/\/www.europesays.com\/fr\/116562\/","title":{"rendered":"Au moins six soldats ukrainiens tu\u00e9s dans une frappe russe sur un terrain d\u2019entra\u00eenement\u2026"},"content":{"rendered":"<p>Bonjour \u00e0 toutes et \u00e0 tous. Comme chaque jour, la r\u00e9daction de 20 Minutes est mobilis\u00e9e pour vous donner l\u2019ensemble des informations sur le conflit entre Kiev et Moscou.<\/p>\n<p>Lundi, l\u2019entretien t\u00e9l\u00e9phonique entre Donald Trump et Vladimir Poutine, trois jours apr\u00e8s les premiers pourparlers russo-ukrainiens depuis\u00a02022, n\u2019a pas abouti \u00e0 l\u2019annonce d\u2019un cessez-le-feu, pourtant r\u00e9clam\u00e9 par Kiev et les Europ\u00e9ens. Malgr\u00e9 l\u2019absence d\u2019avanc\u00e9e majeure, le pr\u00e9sident am\u00e9ricain, qui pousse la Russie et l\u2019Ukraine \u00e0 faire taire les armes, a assur\u00e9 que les deux bellig\u00e9rants allaient \u00ab\u00a0d\u00e9marrer imm\u00e9diatement des n\u00e9gociations en vue\u00a0\u00bb d\u2019une tr\u00eave.<\/p>\n","protected":false},"excerpt":{"rendered":"Bonjour \u00e0 toutes et \u00e0 tous. Comme chaque jour, la r\u00e9daction de 20 Minutes est mobilis\u00e9e pour vous&hellip;\n","protected":false},"author":2,"featured_media":116563,"comment_status":"","ping_status":"","sticky":false,"template":"","format":"standard","meta":{"footnotes":""},"categories":[1590],"tags":[47,11,75,73,1777,674,131,74,12,132,220,135,134],"class_list":{"0":"post-116562","1":"post","2":"type-post","3":"status-publish","4":"format-standard","5":"has-post-thumbnail","7":"category-ukraine","8":"tag-actualite","9":"tag-actualites","10":"tag-donald-trump","11":"tag-etats-unis","12":"tag-eu","13":"tag-europe","14":"tag-guerre-en-ukraine","15":"tag-monde","16":"tag-news","17":"tag-russie","18":"tag-ukraine","19":"tag-vladimir-poutine","20":"tag-volodymyr-zelensky"},"share_on_mastodon":{"url":"https:\/\/pubeurope.com\/@fr\/114545220884535365","error":""},"_links":{"self":[{"href":"https:\/\/www.europesays.com\/fr\/wp-json\/wp\/v2\/posts\/116562","targetHints":{"allow":["GET"]}}],"collection":[{"href":"https:\/\/www.europesays.com\/fr\/wp-json\/wp\/v2\/posts"}],"about":[{"href":"https:\/\/www.europesays.com\/fr\/wp-json\/wp\/v2\/types\/post"}],"author":[{"embeddable":true,"href":"https:\/\/www.europesays.com\/fr\/wp-json\/wp\/v2\/users\/2"}],"replies":[{"embeddable":true,"href":"https:\/\/www.europesays.com\/fr\/wp-json\/wp\/v2\/comments?post=116562"}],"version-history":[{"count":0,"href":"https:\/\/www.europesays.com\/fr\/wp-json\/wp\/v2\/posts\/116562\/revisions"}],"wp:featuredmedia":[{"embeddable":true,"href":"https:\/\/www.europesays.com\/fr\/wp-json\/wp\/v2\/media\/116563"}],"wp:attachment":[{"href":"https:\/\/www.europesays.com\/fr\/wp-json\/wp\/v2\/media?parent=116562"}],"wp:term":[{"taxonomy":"category","embeddable":true,"href":"https:\/\/www.europesays.com\/fr\/wp-json\/wp\/v2\/categories?post=116562"},{"taxonomy":"post_tag","embeddable":true,"href":"https:\/\/www.europesays.com\/fr\/wp-json\/wp\/v2\/tags?post=116562"}],"curies":[{"name":"wp","href":"https:\/\/api.w.org\/{rel}","templated":true}]}}