{"id":1165623,"date":"2026-09-03T21:44:45","date_gmt":"2026-09-03T21:44:45","guid":{"rendered":"https:\/\/www.europesays.com\/fr\/1165623\/"},"modified":"2026-09-03T21:44:45","modified_gmt":"2026-09-03T21:44:45","slug":"agression-sexuelle-dune-professeure-dans-un-college-de-nantes-elle-a-repris-le-travail","status":"publish","type":"post","link":"https:\/\/www.europesays.com\/fr\/1165623\/","title":{"rendered":"Agression sexuelle d&rsquo;une professeure dans un coll\u00e8ge de Nantes : \u00ab\u00a0elle a repris le travail\u00a0\u00bb"},"content":{"rendered":"<p>                    Par<br \/>\n        <strong><br \/>\n            <a href=\"https:\/\/actu.fr\/auteur\/laure-gentil\" title=\"Consulter tous les articles de Laure Gentil\" rel=\"nofollow noopener\" target=\"_blank\">Laure Gentil<\/a><br \/>\n                    <\/strong><\/p>\n<p>        Publi\u00e9 le<\/p>\n<p>            3 sept. 2026 \u00e0 15h30        <\/p>\n<p>Un<a href=\"https:\/\/actu.fr\/pays-de-la-loire\/nantes_44109\/nantes-une-professeure-agressee-sexuellement-par-un-eleve-de-12-ans-dans-un-college_64738619.html\" rel=\"nofollow noopener\" target=\"_blank\"> \u00e9l\u00e8ve de 12 ans a agress\u00e9 sexuellement une enseignante au coll\u00e8ge La Duranti\u00e8re, \u00e0 Nantes. Une affaire qui a secou\u00e9 le personnel de l\u2019\u00e9cole. <\/a>Les professeurs ont d\u00e9pos\u00e9 un pr\u00e9avis de gr\u00e8ve, esp\u00e9rant pousser le minist\u00e8re de l\u2019\u00c9ducation nationale \u00e0 placer l\u2019\u00e9tablissement en REP+ (R\u00e9seau d\u2019\u00e9ducation prioritaire, N. D. L. R.),<a href=\"https:\/\/actu.fr\/pays-de-la-loire\/nantes_44109\/a-nantes-face-a-un-quotidien-deregle-le-personnel-du-college-reclame-une-rep_60334581.html\" rel=\"nofollow noopener\" target=\"_blank\"> une demande d\u00e9j\u00e0 formul\u00e9e \u00e0 plusieurs reprises mais sans r\u00e9ponse.<\/a> Selon <b>Sylvain Marange<\/b>, professeur au coll\u00e8ge La Duranti\u00e8re co-secr\u00e9taire du Snes-FSU de Loire-Atlantique, les enseignants reconnaissent \u00ab\u00a0que rien ne permet d\u2019affirmer que le classement du coll\u00e8ge en REP+ aurait n\u00e9cessairement emp\u00each\u00e9 l\u2019agression commise le 22 juin\u00a0\u00bb.\u00a0<\/p>\n<blockquote class=\"ac-article-quote wall-content\">\n<p>Mais c\u2019est (le classement REP+, N. D. L. R.) ce qui cr\u00e9e des conditions pour qu\u2019on puisse les pr\u00e9venir mieux. Et les pr\u00e9venir mieux, c\u2019est ce qu\u2019on demande au minist\u00e8re, de pouvoir le faire.<\/p>\n<p>Sylvain Marange<\/p><\/blockquote>\n<p>3 \u00e0 4 enseignants en plus\u00a0<\/p>\n<p class=\" wall-content\">Le<b> classement REP+ <\/b>\u00ab\u00a0veut dire une indemnit\u00e9 significative pour chaque personnel de l\u2019\u00e9tablissement, et donc la reconnaissance de la difficult\u00e9 des conditions d\u2019exercice\u00a0\u00bb, indique le professeur d\u2019histoire. \u00ab\u00a0\u00c7a apporterait dans l\u2019\u00e9tablissement 3 \u00e0 4 enseignants de plus, \u00e7a changerait tout.\u00a0\u00bb<\/p>\n<p class=\" wall-content\">Mais pourquoi ce coll\u00e8ge nantais aurait-il besoin d\u2019un tel classement ? \u00ab\u00a060 % des \u00e9l\u00e8ves qui arrivent au coll\u00e8ge sont des \u00e9l\u00e8ves qui viennent d\u2019\u00e9coles de REP+ et 15 % des \u00e9l\u00e8ves sont des \u00e9l\u00e8ves en situation de handicap ou des \u00e9l\u00e8ves allophones ou qui ont un gros besoin de formation en langue fran\u00e7aise\u00a0\u00bb, explique le co-secr\u00e9taire du Snes-FSU de Loire-Atlantique. \u00ab\u00a0Enfin, on est dans un \u00e9tablissement o\u00f9 le public est tr\u00e8s fragilis\u00e9 scolairement.\u00a0\u00bb<\/p>\n<p>\u00ab\u00a0Elle trouvait insens\u00e9 qu\u2019on ait pas de r\u00e9ponse\u00a0\u00bb<\/p>\n<p class=\" wall-content\">Les faits se sont d\u00e9roul\u00e9s en juin avant les grandes vacances scolaires mais n\u2019ont \u00e9t\u00e9 r\u00e9v\u00e9l\u00e9s au grand public qu\u2019\u00e0 la rentr\u00e9e, car <b>c\u2019\u00e9tait le souhait de l\u2019enseignante victime.\u00a0<\/b><\/p>\n<blockquote class=\"ac-article-quote wall-content\">\n<p>C\u2019\u00e9tait prendre le risque que les \u00e9l\u00e8ves la consid\u00e8rent diff\u00e9remment, que \u00e7a ab\u00eeme sa relation p\u00e9dagogique. Elle se projetait dans une reprise du travail normal et ordinaire.\u00a0<\/p>\n<p>Sylvain Marange<\/p><\/blockquote>\n<p class=\" wall-content\"><b>Elle a eu 10 jours d\u2019ITT <\/b>au mois de juin suite aux \u00e9v\u00e8nements. L\u2019enseignante agress\u00e9e a repris le travail \u00e0 la rentr\u00e9e. \u00ab\u00a0La coll\u00e8gue nous a dit qu\u2019elle \u00e9tait toujours dans le m\u00eame \u00e9tat d\u2019esprit, sauf qu\u2019elle trouvait insens\u00e9 qu\u2019on n\u2019ait pas de r\u00e9ponse \u00e0 une longue lettre qu\u2019on a \u00e9crite au ministre le 3 juillet\u00a0\u00bb, pr\u00e9cise Sylvain Marange. \u00ab\u00a0Elle ne se voyait pas reprendre et faire cette rentr\u00e9e sans que quelque chose de majeur change dans l\u2019\u00e9tablissement.\u00a0\u00bb Quitte \u00e0 r\u00e9v\u00e9ler ce qu\u2019elle avait subi.\u00a0<\/p>\n<p class=\" wall-content\">Les organisations syndicales du coll\u00e8ge ont d\u00e9pos\u00e9 <b>un pr\u00e9avis de gr\u00e8ve couvrant l\u2019ensemble du mois de septembre.<\/b><\/p>\n<p class=\" wall-content\">Personnalisez votre actualit\u00e9 en ajoutant vos villes et m\u00e9dias en favori avec <a href=\"https:\/\/moncompte.actu.fr\" title=\"D\u00e9couvez Mon Actu\" rel=\"nofollow noopener\" data-trk=\"{&quot;cta&quot;:{&quot;action&quot;:&quot;https:\\\/\\\/moncompte.actu.fr&quot;,&quot;category&quot;:&quot;mon compte&quot;,&quot;from&quot;:&quot;article footer&quot;,&quot;name&quot;:&quot;Mon actu&quot;,&quot;type&quot;:&quot;cta&quot;}}\" target=\"_blank\">Mon Actu<\/a>.<\/p>\n","protected":false},"excerpt":{"rendered":"Par Laure Gentil Publi\u00e9 le 3 sept. 2026 \u00e0 15h30 Un \u00e9l\u00e8ve de 12 ans a agress\u00e9 sexuellement&hellip;\n","protected":false},"author":2,"featured_media":1165624,"comment_status":"","ping_status":"","sticky":false,"template":"","format":"standard","meta":{"footnotes":"","_share_on_mastodon":"0"},"categories":[2818],"tags":[1111,11,1719,1777,674,118,1011,27,766,12,2636,10918,25,799],"class_list":["post-1165623","post","type-post","status-publish","format-standard","has-post-thumbnail","category-nantes","tag-actu","tag-actualites","tag-enfants","tag-eu","tag-europe","tag-faits-divers","tag-fr","tag-france","tag-nantes","tag-news","tag-pays-de-la-loire","tag-rentree-scolaire","tag-republique-francaise","tag-violences-sexuelles"],"share_on_mastodon":{"url":"https:\/\/pubeurope.com\/@fr\/117209298626042217","error":""},"_links":{"self":[{"href":"https:\/\/www.europesays.com\/fr\/wp-json\/wp\/v2\/posts\/1165623","targetHints":{"allow":["GET"]}}],"collection":[{"href":"https:\/\/www.europesays.com\/fr\/wp-json\/wp\/v2\/posts"}],"about":[{"href":"https:\/\/www.europesays.com\/fr\/wp-json\/wp\/v2\/types\/post"}],"author":[{"embeddable":true,"href":"https:\/\/www.europesays.com\/fr\/wp-json\/wp\/v2\/users\/2"}],"replies":[{"embeddable":true,"href":"https:\/\/www.europesays.com\/fr\/wp-json\/wp\/v2\/comments?post=1165623"}],"version-history":[{"count":0,"href":"https:\/\/www.europesays.com\/fr\/wp-json\/wp\/v2\/posts\/1165623\/revisions"}],"wp:featuredmedia":[{"embeddable":true,"href":"https:\/\/www.europesays.com\/fr\/wp-json\/wp\/v2\/media\/1165624"}],"wp:attachment":[{"href":"https:\/\/www.europesays.com\/fr\/wp-json\/wp\/v2\/media?parent=1165623"}],"wp:term":[{"taxonomy":"category","embeddable":true,"href":"https:\/\/www.europesays.com\/fr\/wp-json\/wp\/v2\/categories?post=1165623"},{"taxonomy":"post_tag","embeddable":true,"href":"https:\/\/www.europesays.com\/fr\/wp-json\/wp\/v2\/tags?post=1165623"}],"curies":[{"name":"wp","href":"https:\/\/api.w.org\/{rel}","templated":true}]}}