{"id":1165634,"date":"2026-09-03T21:54:59","date_gmt":"2026-09-03T21:54:59","guid":{"rendered":"https:\/\/www.europesays.com\/fr\/1165634\/"},"modified":"2026-09-03T21:54:59","modified_gmt":"2026-09-03T21:54:59","slug":"rentree-atmo-hauts-de-france-encourage-a-garder-les-bonnes-habitudes-de-mobilite","status":"publish","type":"post","link":"https:\/\/www.europesays.com\/fr\/1165634\/","title":{"rendered":"Rentr\u00e9e : Atmo Hauts-de-France encourage \u00e0 garder les bonnes habitudes de mobilit\u00e9"},"content":{"rendered":"\n<p style=\"margin-bottom: 0cm;\">Marcher davantage, privil\u00e9gier le v\u00e9lo et choisir des itin\u00e9raires plus calmes : Atmo Hauts-de-France profite de la rentr\u00e9e pour rappeler quelques gestes simples afin de limiter la pollution de l\u2019air. Lorsque les conditions le permettent bien s\u00fbr. Atmo conseille aussi, \u00e0 pied ou \u00e0 v\u00e9lo, d\u2019\u00e9viter autant que possible les axes tr\u00e8s fr\u00e9quent\u00e9s et de choisir des parcours plus \u00e9loign\u00e9s de la circulation. Des pratiques pour \u00e0 la fois de favoriser l\u2019activit\u00e9 physique et de r\u00e9duire les \u00e9missions li\u00e9es aux d\u00e9placements motoris\u00e9s.<\/p>\n<p style=\"margin-bottom: 0cm;\">\u00a0<\/p>\n<p lang=\"fr-FR\" style=\"margin-bottom: 0cm;\">Nicolas Chacun<\/p>\n<p>!function(f,b,e,v,n,t,s){if(f.fbq)return;n=f.fbq=function(){n.callMethod?<br \/>\nn.callMethod.apply(n,arguments):n.queue.push(arguments)};if(!f._fbq)f._fbq=n;<br \/>\nn.push=n;n.loaded=!0;n.version=&rsquo;2.0&prime;;n.queue=[];t=b.createElement(e);t.async=!0;<br \/>\nt.src=v;s=b.getElementsByTagName(e)[0];s.parentNode.insertBefore(t,s)}(window,<br \/>\ndocument,&rsquo;script&rsquo;,&rsquo;https:\/\/connect.facebook.net\/en_US\/fbevents.js&rsquo;);<br \/>\nfbq(&lsquo;init&rsquo;, &lsquo;278974969201861&rsquo;); \/\/ Insert your pixel ID here.<br \/>\nfbq(&lsquo;track&rsquo;, &lsquo;PageView&rsquo;);<\/p>\n","protected":false},"excerpt":{"rendered":"Marcher davantage, privil\u00e9gier le v\u00e9lo et choisir des itin\u00e9raires plus calmes : Atmo Hauts-de-France profite de la rentr\u00e9e&hellip;\n","protected":false},"author":2,"featured_media":1165635,"comment_status":"","ping_status":"","sticky":false,"template":"","format":"standard","meta":{"footnotes":"","_share_on_mastodon":"0"},"categories":[2815],"tags":[1111,11,1933,1936,1777,1939,674,1011,27,811,1934,1307,12,1940,1935,25,1937,1941,1938],"class_list":["post-1165634","post","type-post","status-publish","format-standard","has-post-thumbnail","category-lille","tag-actu","tag-actualites","tag-actualites-locales","tag-essonne","tag-eu","tag-eure-et-loir","tag-europe","tag-fr","tag-france","tag-hauts-de-france","tag-infos-locales","tag-lille","tag-news","tag-oise","tag-pres-de-chez-vous","tag-republique-francaise","tag-seine-et-marne","tag-somme","tag-yvelines"],"share_on_mastodon":{"url":"https:\/\/pubeurope.com\/@fr\/117209342056782125","error":""},"_links":{"self":[{"href":"https:\/\/www.europesays.com\/fr\/wp-json\/wp\/v2\/posts\/1165634","targetHints":{"allow":["GET"]}}],"collection":[{"href":"https:\/\/www.europesays.com\/fr\/wp-json\/wp\/v2\/posts"}],"about":[{"href":"https:\/\/www.europesays.com\/fr\/wp-json\/wp\/v2\/types\/post"}],"author":[{"embeddable":true,"href":"https:\/\/www.europesays.com\/fr\/wp-json\/wp\/v2\/users\/2"}],"replies":[{"embeddable":true,"href":"https:\/\/www.europesays.com\/fr\/wp-json\/wp\/v2\/comments?post=1165634"}],"version-history":[{"count":0,"href":"https:\/\/www.europesays.com\/fr\/wp-json\/wp\/v2\/posts\/1165634\/revisions"}],"wp:featuredmedia":[{"embeddable":true,"href":"https:\/\/www.europesays.com\/fr\/wp-json\/wp\/v2\/media\/1165635"}],"wp:attachment":[{"href":"https:\/\/www.europesays.com\/fr\/wp-json\/wp\/v2\/media?parent=1165634"}],"wp:term":[{"taxonomy":"category","embeddable":true,"href":"https:\/\/www.europesays.com\/fr\/wp-json\/wp\/v2\/categories?post=1165634"},{"taxonomy":"post_tag","embeddable":true,"href":"https:\/\/www.europesays.com\/fr\/wp-json\/wp\/v2\/tags?post=1165634"}],"curies":[{"name":"wp","href":"https:\/\/api.w.org\/{rel}","templated":true}]}}