{"id":1165636,"date":"2026-09-03T21:56:24","date_gmt":"2026-09-03T21:56:24","guid":{"rendered":"https:\/\/www.europesays.com\/fr\/1165636\/"},"modified":"2026-09-03T21:56:24","modified_gmt":"2026-09-03T21:56:24","slug":"toulouse-lille-ozer-linfranchissable-ueda-express-le-cauchemar-du-tfc-les-tops-et-flops","status":"publish","type":"post","link":"https:\/\/www.europesays.com\/fr\/1165636\/","title":{"rendered":"Toulouse-Lille : Ozer l\u2019infranchissable, Ueda express, le cauchemar du TFC&#8230; Les tops et flops"},"content":{"rendered":"<p>\n    Apr\u00e8s la courte victoire du Losc au Stadium de Toulouse (0-1), d\u00e9couvrez ce qui a retenu l\u2019attention de la r\u00e9daction du Figaro.<\/p>\n<p class=\"fig-paragraph\">TOPS<\/p>\n<p>                                            Ozer, l\u2019infranchissable<\/p>\n<p class=\"fig-paragraph\">Le portier turc a \u00e9t\u00e9 sensationnel ce jeudi, permettant au Losc de d\u00e9crocher une\u00a0<a href=\"http:\/\/www.lefigaro.fr\/sports\/football\/ligue-1\/ligue-1-chahute-mais-leader-provisoire-lille-peut-dire-merci-a-sa-nouvelle-recrue-20260903\" data-fig-type=\"NewsFlash\" data-gtm-custom-categorie=\"navigation\" data-gtm-custom-action=\"crossclick\" data-gtm-custom-label=\"Contextuel\" data-gtm-event=\"customEventSPE\" data-fig-domain=\"LEFIGARO\" rel=\"nofollow noopener\" target=\"_blank\">victoire cruciale sur la pelouse du TFC (0-1)<\/a>\u00a0et de prendre, provisoirement, la<a href=\"https:\/\/www.lefigaro.fr\/sports\/football\/ligue-1\/classement\" data-gtm-custom-categorie=\"navigation\" data-gtm-custom-action=\"crossclick\" data-gtm-custom-label=\"Contextuel\" data-gtm-event=\"customEventSPE\" rel=\"nofollow noopener\" target=\"_blank\">\u00a0t\u00eate de la Ligue\u00a0<\/a>1. Auteur de 10 parades dont un arr\u00eat miraculeux juste devant sa ligne en premi\u00e8re p\u00e9riode, Berke Ozer a tout simplement \u00e9c\u0153ur\u00e9 l\u2019attaque toulousaine, qui n\u2019aura jamais r\u00e9ussi \u00e0 trouver la faille.<\/p>\n<p>                                            <a class=\"fig-a11y-skip\" href=\"#fig-a11y-skip-main-inarticle\" is=\"fig-a11y-skip\" data-trigger-mode=\"visible-once\"><br \/>\n    Passer la publicit\u00e9<br \/>\n<\/a>            <\/p>\n<p>                                            Ueda, adaptation express<\/p>\n<p class=\"fig-paragraph\">Premier match, premier but. Tout juste arriv\u00e9 dans la cit\u00e9 nordiste en provenance du Feyenoord, Ayase Ueda, 28 ans, international japonais, a soign\u00e9 son entr\u00e9e en Ligue 1. La derni\u00e8re recrue du mercato estival lillois n\u2019aura eu besoin que d\u2019une quinzaine de minutes pour placer un coup de t\u00eate bien senti et donner l\u2019avantage aux prot\u00e9g\u00e9s de Davide Ancelotti, \u00e0 la surprise g\u00e9n\u00e9rale.<\/p>\n<p>                                            Casseres, le facilitateur<\/p>\n<p class=\"fig-paragraph\">Lui aurait pu tromper Ozer d\u00e8s les premi\u00e8res minutes. Mais sa frappe monstrueuse d\u00e9coch\u00e9e en tout d\u00e9but de match s\u2019est \u00e9cras\u00e9e sur la barre transversale des cages lilloises. Cadre du groupe toulousain depuis plusieurs ann\u00e9es, l\u2019international v\u00e9n\u00e9zu\u00e9lien Cristian Casseres a \u00e9t\u00e9 l\u2019un des artisans de l\u2019excellente premi\u00e8re p\u00e9riode des Violets. Apr\u00e8s l\u2019ouverture du score lilloise, c\u2019est encore le milieu d\u00e9fensif qui a port\u00e9 l\u2019estocade \u00e0 plusieurs reprises. En vain.<\/p>\n<p>                                            Un TFC si s\u00e9duisant&#8230;<\/p>\n<p class=\"fig-paragraph\">Avec l\u2019envie de d\u00e9crocher un premier succ\u00e8s cette saison, les Haut-Garonnais ont r\u00e9alis\u00e9 un match d\u2019excellente facture, tant dans l\u2019intensit\u00e9, la r\u00e9cup\u00e9ration du ballon que dans la cr\u00e9ation du jeu. Les milieux de terrain toulousains se sont notamment d\u00e9multipli\u00e9s sur la pelouse du Stadium et auraient m\u00e9rit\u00e9 un autre d\u00e9nouement.<\/p>\n<p class=\"fig-paragraph\">FLOPS<\/p>\n<p>                                            Et si frustrant<\/p>\n<p class=\"fig-paragraph\">Ils pourront en tout cas nourrir d\u2019immenses regrets. Au total, le TFC aura tent\u00e9 sa chance \u00e0 25 reprises sur les cages adverses, sans jamais parvenir \u00e0 faire sauter le verrou lillois. Le club haut-garonnais s\u2019installe ainsi \u00e0 la 16e place du championnat et devra vite se relancer pour \u00e9viter un sc\u00e9nario catastrophe en ce d\u00e9but de saison. Jens Berthel Askou et son staff ont du pain sur la planche.<\/p>\n<p>                                            <a class=\"fig-a11y-skip\" href=\"#fig-a11y-skip-main-inarticle_mtf\" is=\"fig-a11y-skip\" data-trigger-mode=\"visible-once\"><br \/>\n    Passer la publicit\u00e9<br \/>\n<\/a>            <\/p>\n<p>                                            Le cauchemar de Niflore<\/p>\n<p class=\"fig-paragraph\">Entr\u00e9 \u00e0 la 71e minute apr\u00e8s la blessure de Guillaume Restes, le jeune portier toulousain de 19 ans a encaiss\u00e9 l\u2019ouverture du score d\u2019Ayase Ueda seulement deux minutes plus tard. Rude comparaison avec son adversaire du soir Berke Ozer. Le difficile apprentissage du haut niveau continue pour Mathys Niflore, qui aura d\u2019autres occasions de se montrer au fil de la saison.<\/p>\n<p>                                            La triste soir\u00e9e de Giroud et Mbapp\u00e9<\/p>\n<p class=\"fig-paragraph\">Invisibles au Stadium, les deux attaquants lillois auraient certainement sign\u00e9 pour une soir\u00e9e de meilleure qualit\u00e9. Le second cit\u00e9 a tout de m\u00eame trouv\u00e9 le cadre \u00e0 une reprise, sur une frappe \u00e0 ras de terre repouss\u00e9e en d\u00e9but de rencontre. Ce fut \u00e0 peu pr\u00e8s tout. Olivier Giroud et Ethan Mbapp\u00e9 ont d\u2019ailleurs c\u00e9d\u00e9 leur place assez rapidement, d\u00e8s la 57e minute. Pour un coaching gagnant de la part de Davide Ancelotti.<\/p>\n","protected":false},"excerpt":{"rendered":"Apr\u00e8s la courte victoire du Losc au Stadium de Toulouse (0-1), d\u00e9couvrez ce qui a retenu l\u2019attention de&hellip;\n","protected":false},"author":2,"featured_media":1165637,"comment_status":"","ping_status":"","sticky":false,"template":"","format":"standard","meta":{"footnotes":"","_share_on_mastodon":"0"},"categories":[2815],"tags":[1111,11,1777,674,1011,27,811,1307,2267,12,25,4450],"class_list":["post-1165636","post","type-post","status-publish","format-standard","has-post-thumbnail","category-lille","tag-actu","tag-actualites","tag-eu","tag-europe","tag-fr","tag-france","tag-hauts-de-france","tag-lille","tag-losc","tag-news","tag-republique-francaise","tag-tfc"],"share_on_mastodon":{"url":"https:\/\/pubeurope.com\/@fr\/117209346012194278","error":""},"_links":{"self":[{"href":"https:\/\/www.europesays.com\/fr\/wp-json\/wp\/v2\/posts\/1165636","targetHints":{"allow":["GET"]}}],"collection":[{"href":"https:\/\/www.europesays.com\/fr\/wp-json\/wp\/v2\/posts"}],"about":[{"href":"https:\/\/www.europesays.com\/fr\/wp-json\/wp\/v2\/types\/post"}],"author":[{"embeddable":true,"href":"https:\/\/www.europesays.com\/fr\/wp-json\/wp\/v2\/users\/2"}],"replies":[{"embeddable":true,"href":"https:\/\/www.europesays.com\/fr\/wp-json\/wp\/v2\/comments?post=1165636"}],"version-history":[{"count":0,"href":"https:\/\/www.europesays.com\/fr\/wp-json\/wp\/v2\/posts\/1165636\/revisions"}],"wp:featuredmedia":[{"embeddable":true,"href":"https:\/\/www.europesays.com\/fr\/wp-json\/wp\/v2\/media\/1165637"}],"wp:attachment":[{"href":"https:\/\/www.europesays.com\/fr\/wp-json\/wp\/v2\/media?parent=1165636"}],"wp:term":[{"taxonomy":"category","embeddable":true,"href":"https:\/\/www.europesays.com\/fr\/wp-json\/wp\/v2\/categories?post=1165636"},{"taxonomy":"post_tag","embeddable":true,"href":"https:\/\/www.europesays.com\/fr\/wp-json\/wp\/v2\/tags?post=1165636"}],"curies":[{"name":"wp","href":"https:\/\/api.w.org\/{rel}","templated":true}]}}