{"id":1165647,"date":"2026-09-03T22:05:20","date_gmt":"2026-09-03T22:05:20","guid":{"rendered":"https:\/\/www.europesays.com\/fr\/1165647\/"},"modified":"2026-09-03T22:05:20","modified_gmt":"2026-09-03T22:05:20","slug":"mort-dune-femme-percutee-par-une-voiture-dans-le-val-de-marne-le-chauffard-toujours-recherche","status":"publish","type":"post","link":"https:\/\/www.europesays.com\/fr\/1165647\/","title":{"rendered":"Mort d&rsquo;une femme percut\u00e9e par une voiture dans le Val-de-Marne : le chauffard toujours recherch\u00e9"},"content":{"rendered":"<p>                    Par<br \/>\n        <strong><br \/>\n            <a href=\"https:\/\/actu.fr\/auteur\/redaction-paris\" title=\"Consulter tous les articles de R\u00e9daction Paris\" rel=\"nofollow noopener\" target=\"_blank\">R\u00e9daction Paris<\/a><br \/>\n                    <\/strong><\/p>\n<p>        Publi\u00e9 le<\/p>\n<p>            3 sept. 2026 \u00e0 17h45        <\/p>\n<p>\u00ab\u2009M\u00eame un petit d\u00e9tail peut permettre de retrouver le responsable\u2009\u00bb. Depuis bient\u00f4t une semaine, une famille est plong\u00e9e dans le deuil. Jeudi 27\u00a0ao\u00fbt 2026, <strong>une femme est morte percut\u00e9e par une voiture<\/strong> \u00e0 <a href=\"https:\/\/actu.fr\/ile-de-france\/thiais_94073\" rel=\"nofollow noopener\" target=\"_blank\">Thiais<\/a> dans le <a href=\"https:\/\/actu.fr\/ile-de-france\/val-de-marne_94\" rel=\"nofollow noopener\" target=\"_blank\">Val-de-Marne<\/a>. Une enqu\u00eate est en cours pour d\u00e9terminer les circonstances de l\u2019accident. Le conducteur a pris la fuite apr\u00e8s les faits et n\u2019a pas \u00e9t\u00e9 retrouv\u00e9.<\/p>\n<p>Un appel \u00e0 t\u00e9moin lanc\u00e9 par la famille<\/p>\n<p class=\" wall-content\">C\u2019est aux alentours de 17\u00a0heures que la victime a \u00e9t\u00e9 violemment percut\u00e9e au niveau de l\u2019arr\u00eat de bus situ\u00e9 \u00e0 Thiais Village, indique la famille dans un appel \u00e0 t\u00e9moins. Gravement bless\u00e9e, la victime a malheureusement succomb\u00e9. Le chauffard ne s\u2019est pas arr\u00eat\u00e9 et s\u2019est enfui.<\/p>\n<p class=\" wall-content\">Depuis, une enqu\u00eate est entre les mains du <a href=\"https:\/\/actu.fr\/ile-de-france\/choisy-le-roi_94022\" rel=\"nofollow noopener\" target=\"_blank\">commissariat de Choisy-le-Roi<\/a> pour faire la lumi\u00e8re sur les circonstances de l\u2019accident. En parall\u00e8le, la famille de la victime s\u2019est lanc\u00e9e \u00e0 la recherche de t\u00e9moignages.<\/p>\n<p class=\" wall-content\">Personnalisez votre actualit\u00e9 en ajoutant vos villes et m\u00e9dias en favori avec <a href=\"https:\/\/moncompte.actu.fr\" title=\"D\u00e9couvez Mon Actu\" rel=\"nofollow noopener\" data-trk=\"{&quot;cta&quot;:{&quot;action&quot;:&quot;https:\\\/\\\/moncompte.actu.fr&quot;,&quot;category&quot;:&quot;mon compte&quot;,&quot;from&quot;:&quot;article footer&quot;,&quot;name&quot;:&quot;Mon actu&quot;,&quot;type&quot;:&quot;cta&quot;}}\" target=\"_blank\">Mon Actu<\/a>.<\/p>\n","protected":false},"excerpt":{"rendered":"Par R\u00e9daction Paris Publi\u00e9 le 3 sept. 2026 \u00e0 17h45 \u00ab\u2009M\u00eame un petit d\u00e9tail peut permettre de retrouver&hellip;\n","protected":false},"author":2,"featured_media":1165648,"comment_status":"","ping_status":"","sticky":false,"template":"","format":"standard","meta":{"footnotes":"","_share_on_mastodon":"0"},"categories":[1888],"tags":[119,1111,1928,11,1927,1777,674,118,1011,27,12,1926,626,1925,25],"class_list":["post-1165647","post","type-post","status-publish","format-standard","has-post-thumbnail","category-paris","tag-accident","tag-actu","tag-actu-paris","tag-actualites","tag-actualites-paris","tag-eu","tag-europe","tag-faits-divers","tag-fr","tag-france","tag-news","tag-news-paris","tag-paris","tag-paris-news","tag-republique-francaise"],"share_on_mastodon":{"url":"https:\/\/pubeurope.com\/@fr\/117209381373880798","error":""},"_links":{"self":[{"href":"https:\/\/www.europesays.com\/fr\/wp-json\/wp\/v2\/posts\/1165647","targetHints":{"allow":["GET"]}}],"collection":[{"href":"https:\/\/www.europesays.com\/fr\/wp-json\/wp\/v2\/posts"}],"about":[{"href":"https:\/\/www.europesays.com\/fr\/wp-json\/wp\/v2\/types\/post"}],"author":[{"embeddable":true,"href":"https:\/\/www.europesays.com\/fr\/wp-json\/wp\/v2\/users\/2"}],"replies":[{"embeddable":true,"href":"https:\/\/www.europesays.com\/fr\/wp-json\/wp\/v2\/comments?post=1165647"}],"version-history":[{"count":0,"href":"https:\/\/www.europesays.com\/fr\/wp-json\/wp\/v2\/posts\/1165647\/revisions"}],"wp:featuredmedia":[{"embeddable":true,"href":"https:\/\/www.europesays.com\/fr\/wp-json\/wp\/v2\/media\/1165648"}],"wp:attachment":[{"href":"https:\/\/www.europesays.com\/fr\/wp-json\/wp\/v2\/media?parent=1165647"}],"wp:term":[{"taxonomy":"category","embeddable":true,"href":"https:\/\/www.europesays.com\/fr\/wp-json\/wp\/v2\/categories?post=1165647"},{"taxonomy":"post_tag","embeddable":true,"href":"https:\/\/www.europesays.com\/fr\/wp-json\/wp\/v2\/tags?post=1165647"}],"curies":[{"name":"wp","href":"https:\/\/api.w.org\/{rel}","templated":true}]}}