{"id":1165655,"date":"2026-09-03T22:10:15","date_gmt":"2026-09-03T22:10:15","guid":{"rendered":"https:\/\/www.europesays.com\/fr\/1165655\/"},"modified":"2026-09-03T22:10:15","modified_gmt":"2026-09-03T22:10:15","slug":"la-russie-va-fermer-ses-centres-culturels-allemands-en-represailles-envers-leurope","status":"publish","type":"post","link":"https:\/\/www.europesays.com\/fr\/1165655\/","title":{"rendered":"La Russie va fermer ses centres culturels allemands en repr\u00e9sailles envers l&rsquo;Europe"},"content":{"rendered":"<p>La Russie va fermer les centres culturels allemands situ\u00e9s sur son territoire, a annonc\u00e9 jeudi le ministre des Affaires \u00e9trang\u00e8res, Sergue\u00ef Lavrov, dans le cadre d\u2019une mesure de r\u00e9torsion refl\u00e9tant l\u2019aggravation des tensions entre Moscou et les pays europ\u00e9ens qui aident l\u2019Ukraine \u00e0 r\u00e9sister \u00e0 l\u2019invasion lanc\u00e9e par le Kremlin il y a quatre ans et demi.<\/p>\n<p>L\u2019annonce de M.\u00a0Lavrov fait suite aux accusations port\u00e9es par Berlin contre Moscou concernant une tentative d\u2019attaque par drone \u00e0 l\u2019a\u00e9roport de Leipzig\/Halle le 4\u00a0ao\u00fbt. Le drone, charg\u00e9 d\u2019explosifs, a \u00e9t\u00e9 d\u00e9couvert pr\u00e8s d\u2019un avion ukrainien \u00e0 l\u2019a\u00e9roport, une plaque tournante internationale majeure du fret utilis\u00e9e pour acheminer de l\u2019aide \u00e0 l\u2019Ukraine. Le drone a ensuite \u00e9t\u00e9 d\u00e9samorc\u00e9.<\/p>\n<p>Plus t\u00f4t dans la journ\u00e9e de jeudi, \u00e0 Munich, plusieurs engins incendiaires ont \u00e9t\u00e9 lanc\u00e9s sur un chantier situ\u00e9 \u00e0 proximit\u00e9 d\u2019un immeuble o\u00f9 sont implant\u00e9es plusieurs entreprises, notamment du secteur de la d\u00e9fense, a indiqu\u00e9 l\u2019Office bavarois de police criminelle. Un bref incendie s\u2019est d\u00e9clar\u00e9, sans causer de d\u00e9g\u00e2ts importants, a pr\u00e9cis\u00e9 la police, ajoutant qu\u2019elle soup\u00e7onnait que la cible \u00e9tait l\u2019une des entreprises pr\u00e9sentes dans le quartier.<\/p>\n<p>Deux ressortissants bulgares ont \u00e9t\u00e9 arr\u00eat\u00e9s, ont indiqu\u00e9 les forces de l\u2019ordre, mais leur implication pr\u00e9sum\u00e9e n\u2019a pas \u00e9t\u00e9 confirm\u00e9e.<\/p>\n<p>Les responsables occidentaux ont accus\u00e9 \u00e0 plusieurs reprises Moscou de mener une campagne de sabotage et de perturbation dans leurs pays dans le but de saper le soutien \u00e0 l\u2019Ukraine et de d\u00e9stabiliser les nations europ\u00e9ennes, ce que la Russie nie.<\/p>\n<p>L\u2019Allemagne affirme \u00eatre devenue une \u00abcible quotidienne\u00bb de la campagne hybride du Kremlin.<\/p>\n<p>Elle a annonc\u00e9 mercredi la fermeture du consulat russe \u00e0 Bonn et du centre culturel Maison de la Russie dans la capitale allemande.<\/p>\n<p>M.\u00a0Lavrov a r\u00e9torqu\u00e9 que les centres culturels appartenant au Goethe-Institut allemand seraient ferm\u00e9s \u00e0 Moscou, \u00e0 Saint-P\u00e9tersbourg et \u00e0 Ekaterinbourg, ajoutant que toute autre r\u00e9action t\u00e9moignerait d\u2019un manque de \u00abrespect de soi\u00bb de la part de la Russie.<\/p>\n<p>Lors d\u2019un forum \u00e9conomique organis\u00e9 dans la ville d\u2019Extr\u00eame-Orient de Vladivostok, il a d\u00e9clar\u00e9 que l\u2019Allemagne \u00abn\u2019aurait pas pu ne pas comprendre\u00bb que la fermeture du centre \u00e0 Berlin \u00absignifierait la fin de sa pr\u00e9sence culturelle en Russie\u00bb.<\/p>\n<p>Le pr\u00e9sident russe, Vladimir Poutine, a affirm\u00e9 que Berlin cherchait \u00e0 d\u00e9tourner l\u2019attention de ses propres \u00e9checs et du m\u00e9contentement de ses \u00e9lecteurs. Toutes les preuves avanc\u00e9es \u00abont \u00e9t\u00e9 fabriqu\u00e9es de toutes pi\u00e8ces\u00bb, a soutenu M.\u00a0Poutine.<\/p>\n<p>L\u2019Europe se consid\u00e8re de plus en plus comme \u00e9tant confront\u00e9e \u00e0 ce qu\u2019elle qualifie d\u2019attaques hybrides de la part de la Russie, caract\u00e9ris\u00e9es par la cyberguerre et la d\u00e9sinformation ainsi que par une menace militaire conventionnelle. Chaque camp accuse l\u2019autre de terrorisme d\u2019\u00c9tat.<\/p>\n<p>Ces tensions perdurent depuis des mois et sont devenues un d\u00e9fi majeur en mati\u00e8re de politique \u00e9trang\u00e8re et de d\u00e9fense pour les pays de l\u2019Union europ\u00e9enne (UE).<\/p>\n<p>Vladimir Poutine met l\u2019Occident \u00e0 l\u2019\u00e9preuve avec des tactiques qui se situent \u00abjuste en dessous du seuil de la guerre\u00bb et est d\u00e9termin\u00e9 \u00e0 \u00abharceler les membres de l\u2019OTAN (Organisation du trait\u00e9 de l\u2019Atlantique-Nord)\u00bb, a d\u00e9clar\u00e9 l\u2019ann\u00e9e derni\u00e8re le chef des services secrets britanniques, le MI6.<\/p>\n<p>En r\u00e9action aux all\u00e9gations de l\u2019Allemagne, la Pologne, le Danemark, la Finlande, le Royaume-Uni, la R\u00e9publique tch\u00e8que et la Lituanie ont convoqu\u00e9 les diplomates russes en poste dans leurs pays.<\/p>\n<p>En Finlande, par ailleurs, plus de 2000 personnes ont pris part jeudi au plus grand exercice de d\u00e9fense civile en Europe depuis la fin de la Seconde Guerre mondiale. Parmi les menaces envisag\u00e9es figuraient des frappes de missiles provenant de la Russie voisine.<\/p>\n<p>Les services de s\u00e9curit\u00e9 danois ont averti que des actes de sabotage russes contre l\u2019industrie de d\u00e9fense du pays pourraient \u00eatre imminents.<\/p>\n<p>Les services de renseignement ont d\u00e9tect\u00e9 des signes indiquant que la Russie planifiait sp\u00e9cifiquement de mener des op\u00e9rations de sabotage au Danemark, a d\u00e9clar\u00e9 Emil Gr\u00e6sholm, responsable du contre-espionnage au sein du service national de s\u00e9curit\u00e9 et de renseignement PET, au journal \u00abBerlingske\u00bb.<\/p>\n<p>Les cibles sont principalement des entreprises du secteur de la d\u00e9fense, et en particulier celles impliqu\u00e9es dans la livraison de composants militaires \u00e0 l\u2019Ukraine, a-t-il pr\u00e9cis\u00e9.<\/p>\n<p>L\u2019ambassadeur russe Vladimir Barbin a affirm\u00e9 que le PET n\u2019avait pr\u00e9sent\u00e9 aucune preuve concr\u00e8te indiquant que Moscou pr\u00e9parait des actes de sabotage au Danemark. Il a ajout\u00e9 que les propos de M.\u00a0Gr\u00e6sholm constituaient en r\u00e9alit\u00e9 une reconnaissance de l\u2019implication du Danemark en Ukraine.<\/p>\n<p>La transformation du territoire danois en base de production et de logistique pour l\u2019arm\u00e9e ukrainienne constituait un risque pour la s\u00e9curit\u00e9 du Danemark, a-t-il ajout\u00e9.<\/p>\n","protected":false},"excerpt":{"rendered":"La Russie va fermer les centres culturels allemands situ\u00e9s sur son territoire, a annonc\u00e9 jeudi le ministre des&hellip;\n","protected":false},"author":2,"featured_media":972678,"comment_status":"","ping_status":"","sticky":false,"template":"","format":"standard","meta":{"footnotes":"","_share_on_mastodon":"0"},"categories":[1591],"tags":[11,1887,1854,4576,12,1885,1886,132],"class_list":["post-1165655","post","type-post","status-publish","format-standard","has-post-thumbnail","category-russie","tag-actualites","tag-federation-de-russie","tag-https-lactualite-com-sujet-international","tag-https-lactualite-com-sujet-politique","tag-news","tag-russia","tag-russian-federation","tag-russie"],"share_on_mastodon":{"url":"https:\/\/pubeurope.com\/@fr\/117209401202106784","error":""},"_links":{"self":[{"href":"https:\/\/www.europesays.com\/fr\/wp-json\/wp\/v2\/posts\/1165655","targetHints":{"allow":["GET"]}}],"collection":[{"href":"https:\/\/www.europesays.com\/fr\/wp-json\/wp\/v2\/posts"}],"about":[{"href":"https:\/\/www.europesays.com\/fr\/wp-json\/wp\/v2\/types\/post"}],"author":[{"embeddable":true,"href":"https:\/\/www.europesays.com\/fr\/wp-json\/wp\/v2\/users\/2"}],"replies":[{"embeddable":true,"href":"https:\/\/www.europesays.com\/fr\/wp-json\/wp\/v2\/comments?post=1165655"}],"version-history":[{"count":0,"href":"https:\/\/www.europesays.com\/fr\/wp-json\/wp\/v2\/posts\/1165655\/revisions"}],"wp:featuredmedia":[{"embeddable":true,"href":"https:\/\/www.europesays.com\/fr\/wp-json\/wp\/v2\/media\/972678"}],"wp:attachment":[{"href":"https:\/\/www.europesays.com\/fr\/wp-json\/wp\/v2\/media?parent=1165655"}],"wp:term":[{"taxonomy":"category","embeddable":true,"href":"https:\/\/www.europesays.com\/fr\/wp-json\/wp\/v2\/categories?post=1165655"},{"taxonomy":"post_tag","embeddable":true,"href":"https:\/\/www.europesays.com\/fr\/wp-json\/wp\/v2\/tags?post=1165655"}],"curies":[{"name":"wp","href":"https:\/\/api.w.org\/{rel}","templated":true}]}}