{"id":1165656,"date":"2026-09-03T22:11:19","date_gmt":"2026-09-03T22:11:19","guid":{"rendered":"https:\/\/www.europesays.com\/fr\/1165656\/"},"modified":"2026-09-03T22:11:19","modified_gmt":"2026-09-03T22:11:19","slug":"replay-guerre-en-ukraine-volodymyr-zelensky-espere-une-visite-a-kiev-des-emissaires-de-donald-trump-dans-les-prochains-jours","status":"publish","type":"post","link":"https:\/\/www.europesays.com\/fr\/1165656\/","title":{"rendered":"REPLAY. Guerre en Ukraine : Volodymyr Zelensky esp\u00e8re une visite \u00e0 Kiev des \u00e9missaires de Donald Trump dans les \u00ab\u00a0prochains jours\u00a0\u00bb"},"content":{"rendered":"<p>22h41.<\/p>\n<p>C&rsquo;est la fin de ce direct, merci de l&rsquo;avoir suivi<\/p>\n<p>20h09.Zelensky esp\u00e8re une visite \u00e0 Kiev des \u00e9missaires am\u00e9ricains \u00ab\u00a0dans les prochains jours\u00a0\u00bb<\/p>\n<p class=\"live-post__amorce\">Le pr\u00e9sident ukrainien Volodymyr Zelensky esp\u00e8re une visite \u00e0 Kiev des \u00e9missaires de Donald Trump dans les \u00ab\u00a0prochains jours\u00a0\u00bb dans le cadre des efforts de m\u00e9diation am\u00e9ricains pour trouver une issue \u00e0 la guerre.<\/p>\n<p>\u00ab\u00a0Nous attendons la venue \u00e0 Kiev des \u00e9missaires du pr\u00e9sident am\u00e9ricain. Nous avons re\u00e7u une confirmation de leur part: ils tiendront des r\u00e9unions \u00e0 Moscou et \u00e0 Kiev. Nous comptons sur une rencontre dans les prochains jours\u00a0\u00bb, a d\u00e9clar\u00e9 le pr\u00e9sident ukrainien dans son allocution quotidienne.<\/p>\n<p>Il a affirm\u00e9 que des \u00ab\u00a0dates pr\u00e9liminaires\u00a0\u00bb de cette rencontre avait \u00e9t\u00e9 d\u00e9finies, sans les d\u00e9voiler. \u00ab\u00a0C&rsquo;est tr\u00e8s important. Il est important que l&rsquo;Am\u00e9rique reste active\u00a0\u00bb dans ce travail diplomatique, a-t-il ajout\u00e9.<\/p>\n<p>16h23.Moscou demande la \u00ab\u00a0lib\u00e9ration imm\u00e9diate\u00a0\u00bb d\u2019un navire russe<\/p>\n<p class=\"live-post__amorce\">Saisi mercredi dans l&rsquo;Arctique sur ordre de la justice norv\u00e9gienne \u00e0 la demande du groupe \u00e9nerg\u00e9tique public ukrainien Naftogaz., la Russie exige la \u00ab\u00a0lib\u00e9ration imm\u00e9diate\u00a0\u00bb d\u2019un navire russe.<\/p>\n<p>Hier, le gouverneur du Svalbard, un archipel norv\u00e9gien situ\u00e9 \u00e0 un millier de kilom\u00e8tres du p\u00f4le Nord, avait annonc\u00e9 la saisie du navire \u00ab\u00a0Professor Molchanov\u00a0\u00bb, conform\u00e9ment \u00e0 une d\u00e9cision rendue le 31 ao\u00fbt par la justice norv\u00e9gienne.<\/p>\n<p>16h15.Apr\u00e8s les menaces de Volodymyr Zelensky, les a\u00e9roports de Moscou annulent ou retardent des centaines de vols<\/p>\n<p class=\"live-post__amorce\">Volodymyr Zelensky pr\u00e9vient que les drones ukrainiens vont rendre \u00ab\u00a0dangereux\u00a0\u00bb le ciel russe. Pour le deuxi\u00e8me jour cons\u00e9cutif, les a\u00e9roports de Moscou ont r\u00e9duit leur programme de vols. Vladimir Poutine d\u00e9nonce \u00ab\u00a0un terrorisme d&rsquo;\u00c9tat\u00a0\u00bb.<\/p>\n<p>\ud83d\udc49  <a href=\"https:\/\/www.ladepeche.fr\/2026\/09\/03\/guerre-en-ukraine-apres-les-menaces-de-volodymyr-zelensky-les-aeroports-de-moscou-annulent-ou-retardent-des-centaines-de-vols-13534047.php\" target=\"_blank\" rel=\"noopener noreferrer nofollow\" class=\"\">Plus d&rsquo;informations dans notre article.<\/a> <\/p>\n<p>16h14.Vladimir Poutine estime qu&rsquo;il existe \u00ab\u00a0une chance\u00a0\u00bb pour que Moscou et Kiev n\u00e9gocient pour mettre fin au conflit<\/p>\n<p class=\"live-post__amorce\">\u00ab\u00a0\u00c0 mon avis, oui\u00a0\u00bb&#8230; Lors du Forum \u00e9conomique oriental de Vladivostok qui se tient ce jeudi, Vladimir Poutine a \u00e9voqu\u00e9 la possibilit\u00e9 de pourparlers de paix avec Kiev. Le pr\u00e9sident russe a soulign\u00e9 l&rsquo;importance d&rsquo;un dialogue direct entre la Russie et l&rsquo;Ukraine.<\/p>\n<p>\ud83d\udc49  <a href=\"https:\/\/www.ladepeche.fr\/2026\/09\/03\/guerre-en-ukraine-a-mon-avis-oui-vladimir-poutine-estime-quil-existe-une-chance-pour-que-moscou-et-kiev-negocient-directement-pour-mettre-fin-au-13534151.php\" target=\"_blank\" rel=\"noopener noreferrer nofollow\" class=\"\">Pour en savoir plus.<\/a> <\/p>\n<p>13h58.Le Royaume-Uni convoque le charg\u00e9 d&rsquo;affaires russe<\/p>\n<p class=\"live-post__amorce\">Le minist\u00e8re britannique des Affaires \u00e9trang\u00e8res a convoqu\u00e9 ce jeudi le charg\u00e9 d&rsquo;affaires russe au Royaume-Uni afin de lui signifier la condamnation par Londres de l&rsquo;attaque \u00ab\u00a0grave et irresponsable\u00a0\u00bb imput\u00e9e \u00e0 la Russie avec un drone charg\u00e9 d&rsquo;explosifs, d\u00e9but ao\u00fbt \u00e0 l&rsquo;a\u00e9roport allemand de Leipzig. Cette attaque s&rsquo;inscrit \u00ab\u00a0dans une s\u00e9rie de tentatives de la part de l&rsquo;\u00c9tat russe visant \u00e0 porter atteinte \u00e0 notre s\u00e9curit\u00e9 collective\u00a0\u00bb, a d\u00e9clar\u00e9 un porte-parole du minist\u00e8re cit\u00e9 dans un communiqu\u00e9.<\/p>\n<p>13h02.Les a\u00e9roports de Moscou annulent ou retardent des centaines de vols<\/p>\n<p class=\"live-post__amorce\">Volodymyr Zelensky pr\u00e9vient que les drones ukrainiens vont rendre \u00ab\u00a0dangereux\u00a0\u00bb le ciel russe. Pour le deuxi\u00e8me jour cons\u00e9cutif, les a\u00e9roports de Moscou ont r\u00e9duit leur programme de vols. Vladimir Poutine d\u00e9nonce \u00ab\u00a0un terrorisme d&rsquo;\u00c9tat\u00a0\u00bb.  <a href=\"https:\/\/www.ladepeche.fr\/2026\/09\/03\/guerre-en-ukraine-apres-les-menaces-de-volodymyr-zelensky-les-aeroports-de-moscou-annulent-ou-retardent-des-centaines-de-vols-13534047.php\" target=\"_blank\" rel=\"noopener noreferrer nofollow\" class=\"\">Cliquez ici pour lire notre article<\/a> .<\/p>\n<p>11h00.Au Danemark, le renseignement alerte sur des pr\u00e9paratifs de sabotages russes<\/p>\n<p class=\"live-post__amorce\">La Russie pr\u00e9pare \u00ab\u00a0activement\u00a0\u00bb des actions de sabotage contre le Danemark et particuli\u00e8rement son industrie de d\u00e9fense, affirment ce jeudi les services de renseignement danois (PET). ls recrutent des \u00ab\u00a0Danois ordinaires\u00a0\u00bb sur les r\u00e9seaux sociaux pour prendre des photos qui peuvent servir \u00e0 la planification d&rsquo;actions de sabotage. Au quotidien danois  Berlingske  Emil Graesholm, chef du contre-espionnage aupr\u00e8s du PET, a confi\u00e9 r\u00e9v\u00e9ler les m\u00e9thodes utilis\u00e9es \u00ab\u00a0car elles n&rsquo;ont pas besoin de ressembler \u00e0 un film d&rsquo;espionnage\u00a0\u00bb.<\/p>\n<p>10h35.La Russie annonce la fermeture prochaine de l&rsquo;Institut Goethe sur son territoire<\/p>\n<p class=\"live-post__amorce\">La Russie a annonc\u00e9 la fermeture prochaine de l&rsquo;Institut Goethe sur son territoire, en repr\u00e9sailles \u00e0 une mesure similaire prise par l&rsquo;Allemagne \u00e0 l&rsquo;encontre du centre culturel russe de Berlin. \u00ab\u00a0Les Allemands ont ici des branches de l&rsquo;Institut Goethe. A Moscou, Saint-P\u00e9tersbourg, Ekaterinbourg. Bien s\u00fbr, elles seront ferm\u00e9es\u00a0\u00bb, a d\u00e9clar\u00e9 le chef de la diplomatie russe, Sergue\u00ef Lavrov, cit\u00e9 par les agences de presse russes.<\/p>\n<p class=\"live-post__amorce\">Berlin a annonc\u00e9 mardi la fermeture au 18 septembre du dernier consulat russe sur son territoire, \u00e0 Bonn (ouest), et du centre culturel russe de Berlin, aussi appel\u00e9 \u00ab\u00a0Maison russe\u00a0\u00bb. Cette annonce a \u00e9t\u00e9 faite apr\u00e8s que l&rsquo;Allemagne a officiellement accus\u00e9 la Russie d&rsquo;avoir envoy\u00e9 un drone charg\u00e9 d&rsquo;explosifs d\u00e9but ao\u00fbt \u00e0 l&rsquo;a\u00e9roport de Leipzig, une plateforme militaire cl\u00e9 pour l&rsquo;arm\u00e9e allemande et pour l&rsquo;Otan.<\/p>\n<p class=\"live-post__amorce\">En r\u00e9action, le minist\u00e8re russe des Affaires \u00e9trang\u00e8res a annonc\u00e9 mercredi avoir convoqu\u00e9 le charg\u00e9 d&rsquo;affaires allemand \u00e0 Moscou, en d\u00e9non\u00e7ant les \u00ab\u00a0agissements et d\u00e9clarations antirusses des autorit\u00e9s allemandes\u00a0\u00bb. Pour sa part, le pr\u00e9sident russe Vladimir Poutine a qualifi\u00e9 de \u00ab\u00a0nouvelle erreur grossi\u00e8re\u00a0\u00bb les mesures des autorit\u00e9s allemandes contre la Russie.<\/p>\n<p>10h32.ENTRETIEN. Attaque de Leipzig : \u00ab\u00a0L&rsquo;objectif de Poutine est d&rsquo;instaurer un climat de peur et d&rsquo;intimidation en Europe\u00a0\u00bb<\/p>\n<p class=\"live-post__amorce\">L&rsquo;Allemagne a officiellement accus\u00e9 Moscou d&rsquo;avoir tent\u00e9 d&rsquo;orchestrer une attaque de drones arm\u00e9s dans son a\u00e9roport de Leipzig, d\u00e9but ao\u00fbt. Une escalade analys\u00e9e et jug\u00e9e \u00ab\u00a0in\u00e9dite\u00a0\u00bb par Guillaume Ancel, ancien officier fran\u00e7ais.\u00a0Notre article \u00e0 lire  <a href=\"https:\/\/www.ladepeche.fr\/2026\/09\/03\/entretien-attaque-au-drone-explosif-de-laeroport-de-leipzig-lobjectif-de-poutine-est-dinstaurer-un-climat-de-peur-et-dintimidation-en-europe-estime-13532332.php\" target=\"_blank\" rel=\"noopener noreferrer nofollow\" class=\"\">ici<\/a> .<\/p>\n<p class=\"std-elt__inline\">\n        <strong>\u00c0 lire aussi :<\/strong><br \/>\n        <a href=\"https:\/\/www.ladepeche.fr\/2026\/09\/03\/entretien-attaque-au-drone-explosif-de-laeroport-de-leipzig-lobjectif-de-poutine-est-dinstaurer-un-climat-de-peur-et-dintimidation-en-europe-estime-13532332.php\" rel=\"nofollow noopener\" target=\"_blank\">ENTRETIEN. Attaque au drone explosif de l&rsquo;a\u00e9roport de Leipzig : \u00ab\u00a0L&rsquo;objectif de Poutine est d&rsquo;instaurer un climat de peur et d&rsquo;intimidation en Europe\u00a0\u00bb, estime Guillaume Ancel<\/a>\n    <\/p>\n<p>10h31.Poutine \u00e9voque \u00ab\u00a0une nouvelle erreur&#8230;\u00a0\u00bb ce que l&rsquo;on sait de l&rsquo;attaque au drone explosif de l&rsquo;a\u00e9roport allemand de Leipzig<\/p>\n<p class=\"live-post__amorce\">D\u00e9but ao\u00fbt, un drone charg\u00e9 d&rsquo;explosifs a \u00e9t\u00e9 d\u00e9couvert \u00e0 l&rsquo;a\u00e9roport de Leipzig, un hub logistique de l&rsquo;OTAN pour l&rsquo;Ukraine. Un mois plus tard, l&rsquo;Allemagne a officiellement accus\u00e9 la Russie d&rsquo;une \u00ab\u00a0attaque hybride\u00a0\u00bb. En r\u00e9ponse, Berlin ferme un consulat russe et propose de nouvelles sanctions europ\u00e9ennes, soutenues par la France et l&rsquo;UE. Notre article \u00e0 lire <a href=\"https:\/\/www.ladepeche.fr\/2026\/09\/02\/guerre-en-ukraine-poutine-evoque-une-nouvelle-erreur-ce-que-lon-sait-de-lattaque-au-drone-explosif-de-laeroport-allemand-de-leipzig-13532344.php\" target=\"_blank\" rel=\"noopener noreferrer nofollow\" class=\"\"> ici.<\/a> <\/p>\n<p class=\"std-elt__inline\">\n        <strong>\u00c0 lire aussi :<\/strong><br \/>\n        <a href=\"https:\/\/www.ladepeche.fr\/2026\/09\/02\/guerre-en-ukraine-poutine-evoque-une-nouvelle-erreur-ce-que-lon-sait-de-lattaque-au-drone-explosif-de-laeroport-allemand-de-leipzig-13532344.php\" rel=\"nofollow noopener\" target=\"_blank\">Guerre en Ukraine : Poutine \u00e9voque \u00ab\u00a0une nouvelle erreur&#8230;\u00a0\u00bb ce que l&rsquo;on sait de l&rsquo;attaque au drone explosif de l&rsquo;a\u00e9roport allemand de Leipzig<\/a>\n    <\/p>\n<p>10h30.Attaque au drone explosif de l&rsquo;a\u00e9roport de Leipzig : deux suspects poss\u00e9dant un passeport russe identifi\u00e9s, la tension monte entre Berlin et Moscou<\/p>\n<p class=\"live-post__amorce\">La police allemande a identifi\u00e9 l&rsquo;ADN de deux suspects russes, rapportent plusieurs m\u00e9dias d&rsquo;outre-Rhin, dans la tentative d&rsquo;attentat au drone explosif \u00e0 l&rsquo;a\u00e9roport de Leipzig, le 4 ao\u00fbt dernier. Berlin accuse Moscou et annonce des mesures de r\u00e9torsion. Notre article \u00e0 lire  <a href=\"https:\/\/www.ladepeche.fr\/2026\/09\/02\/attaque-au-drone-explosif-de-laeroport-de-leipzig-deux-suspects-possedant-un-passeport-russe-identifies-la-tension-monte-entre-berlin-et-moscou-13532990.php\" target=\"_blank\" rel=\"noopener noreferrer nofollow\" class=\"\">ici<\/a> .<\/p>\n<p class=\"std-elt__inline\">\n        <strong>\u00c0 lire aussi :<\/strong><br \/>\n        <a href=\"https:\/\/www.ladepeche.fr\/2026\/09\/02\/attaque-au-drone-explosif-de-laeroport-de-leipzig-deux-suspects-possedant-un-passeport-russe-identifies-la-tension-monte-entre-berlin-et-moscou-13532990.php\" rel=\"nofollow noopener\" target=\"_blank\">Attaque au drone explosif de l&rsquo;a\u00e9roport de Leipzig : deux suspects poss\u00e9dant un passeport russe identifi\u00e9s, la tension monte entre Berlin et Moscou<\/a>\n    <\/p>\n<p>07h30.L&rsquo;agence de l&rsquo;ONU pour l&rsquo;aviation civile appelle tous ses membres \u00e0 \u00ab\u00a0prot\u00e9ger\u00a0\u00bb les appareils civils apr\u00e8s les remarques de Kiev<\/p>\n<p class=\"live-post__amorce\">L&rsquo;Organisation de l&rsquo;aviation civile internationale (OACI) a appel\u00e9 hier tous ses membres \u00e0 s&rsquo;engager \u00e0 \u00ab\u00a0prot\u00e9ger les avions civils\u00a0\u00bb des \u00ab\u00a0risques\u00a0\u00bb provenant des \u00ab\u00a0zones de conflit\u00a0\u00bb, apr\u00e8s les remarques de Kiev sur la dangerosit\u00e9 du ciel russe.<\/p>\n<p class=\"live-post__amorce\">Selon l&rsquo;OACI, \u00ab\u00a0le risque que des appareils civils soient pris pour cibles ou pris dans des \u00e9changes de tirs est en augmentation\u00a0\u00bb et il est donc \u00ab\u00a0essentiel que les \u00c9tats membres \u00e9valuent la s\u00e9curit\u00e9 de l&rsquo;espace a\u00e9rien qu\u2019ils contr\u00f4lent et prennent toutes les mesures appropri\u00e9es\u00a0\u00bb.<\/p>\n<p class=\"live-post__amorce\">Cet appel, qui ne mentionne aucun pays en particulier, intervient le jour o\u00f9 l&rsquo;organisation a \u00e9t\u00e9 officiellement notifi\u00e9e par l&rsquo;Ukraine que l&rsquo;espace a\u00e9rien russe n&rsquo;\u00e9tait \u00ab\u00a0pas s\u00fbr\u00a0\u00bb.Le pr\u00e9sident ukrainien Volodymyr Zelensky avait averti mardi que le ciel russe devenait \u00ab\u00a0extr\u00eamement dangereux\u00a0\u00bb en raison des drones ukrainiens. \u00ab\u00a0L&rsquo;Ukraine ne veut pas que des vies innocentes soient perdues. C&rsquo;est pourquoi nous avertissons nos partenaires : les jours s\u00fbrs dans le ciel russe sont r\u00e9volus\u00a0\u00bb, a-t-il d\u00e9clar\u00e9, affirmant que si l&rsquo;aviation civile n&rsquo;\u00e9tait pas vis\u00e9e \u00ab\u00a0en soi\u00a0\u00bb, elle n&rsquo;avait \u00ab\u00a0pas sa place dans un ciel infest\u00e9 de drones\u00a0\u00bb. <\/p>\n<p class=\"live-post__amorce\">Le chef de l&rsquo;Etat ukrainien a affirm\u00e9 qu&rsquo;il s&rsquo;agissait d&rsquo;une r\u00e9ponse \u00ab\u00a0juste\u00a0\u00bb au \u00ab\u00a0d\u00e9sir de la Russie de prolonger la guerre\u00a0\u00bb, l&rsquo;accusant de \u00ab\u00a0terreur contre les civils\u00a0\u00bb. Son homologue russe Vladimir Poutine lui a r\u00e9pondu qu&rsquo;il s&rsquo;agissait l\u00e0 d&rsquo;une \u00ab\u00a0d\u00e9claration de terrorisme d&rsquo;Etat\u00a0\u00bb.<\/p>\n<p>07h29.<\/p>\n<p>Bonjour et bienvenue dans ce direct<\/p>\n","protected":false},"excerpt":{"rendered":"22h41. C&rsquo;est la fin de ce direct, merci de l&rsquo;avoir suivi 20h09.Zelensky esp\u00e8re une visite \u00e0 Kiev des&hellip;\n","protected":false},"author":2,"featured_media":1165657,"comment_status":"","ping_status":"","sticky":false,"template":"","format":"standard","meta":{"footnotes":"","_share_on_mastodon":"0"},"categories":[1590],"tags":[11,1777,674,131,14,12,220],"class_list":["post-1165656","post","type-post","status-publish","format-standard","has-post-thumbnail","category-ukraine","tag-actualites","tag-eu","tag-europe","tag-guerre-en-ukraine","tag-international","tag-news","tag-ukraine"],"share_on_mastodon":{"url":"https:\/\/pubeurope.com\/@fr\/117209404894935014","error":""},"_links":{"self":[{"href":"https:\/\/www.europesays.com\/fr\/wp-json\/wp\/v2\/posts\/1165656","targetHints":{"allow":["GET"]}}],"collection":[{"href":"https:\/\/www.europesays.com\/fr\/wp-json\/wp\/v2\/posts"}],"about":[{"href":"https:\/\/www.europesays.com\/fr\/wp-json\/wp\/v2\/types\/post"}],"author":[{"embeddable":true,"href":"https:\/\/www.europesays.com\/fr\/wp-json\/wp\/v2\/users\/2"}],"replies":[{"embeddable":true,"href":"https:\/\/www.europesays.com\/fr\/wp-json\/wp\/v2\/comments?post=1165656"}],"version-history":[{"count":0,"href":"https:\/\/www.europesays.com\/fr\/wp-json\/wp\/v2\/posts\/1165656\/revisions"}],"wp:featuredmedia":[{"embeddable":true,"href":"https:\/\/www.europesays.com\/fr\/wp-json\/wp\/v2\/media\/1165657"}],"wp:attachment":[{"href":"https:\/\/www.europesays.com\/fr\/wp-json\/wp\/v2\/media?parent=1165656"}],"wp:term":[{"taxonomy":"category","embeddable":true,"href":"https:\/\/www.europesays.com\/fr\/wp-json\/wp\/v2\/categories?post=1165656"},{"taxonomy":"post_tag","embeddable":true,"href":"https:\/\/www.europesays.com\/fr\/wp-json\/wp\/v2\/tags?post=1165656"}],"curies":[{"name":"wp","href":"https:\/\/api.w.org\/{rel}","templated":true}]}}