{"id":1165665,"date":"2026-09-03T22:16:18","date_gmt":"2026-09-03T22:16:18","guid":{"rendered":"https:\/\/www.europesays.com\/fr\/1165665\/"},"modified":"2026-09-03T22:16:18","modified_gmt":"2026-09-03T22:16:18","slug":"russie-va-intensifier-ses-attaques-contre-lue-avertit-un-ministre-lituanien","status":"publish","type":"post","link":"https:\/\/www.europesays.com\/fr\/1165665\/","title":{"rendered":"\u00ab\u00a0Russie va intensifier ses attaques contre l&rsquo;UE\u00a0\u00bb, avertit un ministre lituanien"},"content":{"rendered":"<p class=\"mb-4 text-lg md:leading-8 break-words\">Les pr\u00e9c\u00e9dentes mesures de dissuasion mises en place par Bruxelles contre la Russie n&rsquo;ont jusqu&rsquo;\u00e0 pr\u00e9sent pas permis d&#8217;emp\u00eacher celle-ci de mener des attaques contre des pays europ\u00e9ens, renfor\u00e7ant la menace qu&rsquo;elle fait peser sur le bloc, a d\u00e9clar\u00e9 \u00e0 Euronews le ministre lituanien des Affaires \u00e9trang\u00e8res, K\u0119stutis Budrys.<\/p>\n<p class=\"mb-4 text-lg md:leading-8 break-words\">Ses propos interviennent quelques jours apr\u00e8s que l&rsquo;Allemagne a <a data-ylk=\"slk:attribu\u00e9 la pr\u00e9sence d&#039;un drone;elm:context_link;itc:0;sec:content-canvas;\" data-yga=\"{&quot;yLinkElement&quot;:&quot;link&quot;,&quot;yLinkElementType&quot;:&quot;article_link&quot;}\" href=\"https:\/\/fr.euronews.com\/2026\/09\/01\/drones-explosifs-a-leipzig-berlin-pointe-la-responsabilite-de-la-russie\" rel=\"noopener noreferrer nofollow\" target=\"_blank\">attribu\u00e9 la pr\u00e9sence d&rsquo;un drone<\/a> bourr\u00e9 d&rsquo;explosifs \u00e0 proximit\u00e9 d&rsquo;un avion cargo ukrainien Antonov \u00e0 l&rsquo;a\u00e9roport de Leipzig\/Halle, qui joue un r\u00f4le cl\u00e9 dans le transport de mat\u00e9riel militaire, \u00e0 la Russie. Le Kremlin a rejet\u00e9 ces accusations.<\/p>\n<p class=\"mb-4 text-lg md:leading-8 break-words\">S&rsquo;il a salu\u00e9 la r\u00e9action de Berlin \u00e0 l&rsquo;incident, qui s&rsquo;est traduite par l&rsquo;octroi de pouvoirs accrus aux services de renseignement allemands pour contrer les attaques, il estime en revanche que la r\u00e9ponse globale de l&rsquo;Union europ\u00e9enne reste insuffisante.<\/p>\n<p class=\"mb-4 text-lg md:leading-8 break-words\">\u00ab\u00a0Les services allemands, les services de renseignement et de s\u00e9curit\u00e9, ont agi tr\u00e8s rapidement, ils ont d\u00e9jou\u00e9 ce complot, cet acte de terrorisme d&rsquo;\u00c9tat, et ils l&rsquo;ont attribu\u00e9 au pays et aux services qui en sont responsables. C&rsquo;est donc un bon signe que nous disposions de ces capacit\u00e9s\u00a0\u00bb, a d\u00e9clar\u00e9 le ministre lituanien dans <a data-ylk=\"slk:l&#039;\u00e9mission d&#039;entretien d&#039;Euronews &quot;12 Minutes with&quot;;elm:context_link;itc:0;sec:content-canvas;\" data-yga=\"{&quot;yLinkElement&quot;:&quot;link&quot;,&quot;yLinkElementType&quot;:&quot;article_link&quot;}\" href=\"https:\/\/fr.euronews.com\/12-minutes-with\" rel=\"noopener noreferrer nofollow\" target=\"_blank\"><strong>l&rsquo;\u00e9mission d&rsquo;entretien d&rsquo;Euronews \u00ab\u00a012 Minutes with\u00a0\u00bb<\/strong><\/a>.<\/p>\n<p class=\"mb-4 text-lg md:leading-8 break-words\">Il estime toutefois que l&rsquo;op\u00e9ration de Leipzig \u2013 dernier \u00e9pisode en date d&rsquo;une s\u00e9rie de tentatives d&rsquo;attentats et d&rsquo;actes pr\u00e9sum\u00e9s de sabotage imput\u00e9s \u00e0 la Russie contre des pays de l&rsquo;UE ces derniers mois \u2013 montre que les mesures prises jusqu&rsquo;ici pour contrer les menaces du Kremlin sont insuffisantes.<\/p>\n<p class=\"mb-4 text-lg md:leading-8 break-words\">\u00ab\u00a0Pour la Russie, nos r\u00e9ponses pr\u00e9c\u00e9dentes n&rsquo;ont pas \u00e9t\u00e9 suffisantes pour la pousser \u00e0 revoir l&rsquo;ensemble de la situation, ce qui signifie qu&rsquo;elle n&rsquo;est pas dissuad\u00e9e\u00a0\u00bb, a d\u00e9clar\u00e9 Budrys.<\/p>\n<p class=\"mb-4 text-lg md:leading-8 break-words\">\u00ab\u00a0La Russie consid\u00e8re toujours cela comme une sorte de moyen peu co\u00fbteux d&rsquo;accro\u00eetre les tensions dans nos soci\u00e9t\u00e9s, de susciter des interrogations sur la poursuite de notre soutien \u00e0 l&rsquo;Ukraine. Et cela signifie qu&rsquo;il est tr\u00e8s probable que la Russie intensifie ses attaques \u00e0 l&rsquo;avenir.\u00a0\u00bb<\/p>\n<p class=\"mb-4 text-lg md:leading-8 break-words\">Ce constat a \u00e9t\u00e9 <a data-ylk=\"slk:repris mercredi par la pr\u00e9sidente de la Commission europ\u00e9enne, Ursula von der Leyen.;elm:context_link;itc:0;sec:content-canvas;\" data-yga=\"{&quot;yLinkElement&quot;:&quot;link&quot;,&quot;yLinkElementType&quot;:&quot;article_link&quot;}\" href=\"https:\/\/fr.euronews.com\/2026\/09\/02\/ursula-von-der-leyen-les-incidents-de-drones-russes-en-europe-sont-la-nouvelle-normalite\" rel=\"noopener noreferrer nofollow\" target=\"_blank\">repris mercredi par la pr\u00e9sidente de la Commission europ\u00e9enne, Ursula von der Leyen.<\/a> Elle a averti que de tels incidents \u00e9taient devenus la \u00ab\u00a0nouvelle normalit\u00e9\u00a0\u00bb et que l&rsquo;UE devait \u00ab\u00a0intensifier ses efforts, c&rsquo;est-\u00e0-dire \u00eatre pr\u00eate \u00e0 r\u00e9pondre plus rapidement et plus efficacement \u00e0 l&rsquo;inconscience de la Russie\u00a0\u00bb.<\/p>\n<p>Restrictions de visas et sanctions renforc\u00e9es<\/p>\n<p class=\"mb-4 text-lg md:leading-8 break-words\">Budrys a qualifi\u00e9 les r\u00e9centes attaques de \u00ab\u00a0cin\u00e9tiques\u00a0\u00bb (impliquant des armes conventionnelles) plut\u00f4t que \u00ab\u00a0hybrides\u00a0\u00bb, ce terme renvoyant selon lui davantage aux campagnes de d\u00e9sinformation et aux cyberattaques.<\/p>\n<p class=\"mb-4 text-lg md:leading-8 break-words\">\u00ab\u00a0Sur le terrain, nous les stoppons gr\u00e2ce \u00e0 nos capacit\u00e9s de contre-espionnage, \u00e0 nos services de s\u00e9curit\u00e9 et de renseignement, qui doivent \u00eatre renforc\u00e9s\u00a0\u00bb, a-t-il expliqu\u00e9, ajoutant qu&rsquo;il fallait aussi accentuer la pression sur les plans politique et \u00e9conomique.<\/p>\n<p class=\"mb-4 text-lg md:leading-8 break-words\">Apr\u00e8s avoir imput\u00e9 \u00e0 la Russie le sabotage au drone survenu le mois dernier dans l&rsquo;a\u00e9roport allemand, Berlin a pris des mesures dans ce domaine, ordonnant la fermeture du consulat russe \u00e0 Bonn, mettant fin au contrat du \u00ab\u00a0Russian House\u00a0\u00bb \u00e0 Berlin et annon\u00e7ant un renforcement des contr\u00f4les d&rsquo;entr\u00e9e pour les ressortissants russes.<\/p>\n<p class=\"mb-4 text-lg md:leading-8 break-words\">La limitation des d\u00e9placements des Russes a \u00e9galement \u00e9t\u00e9 \u00e9voqu\u00e9e lors d&rsquo;une r\u00e9union des ministres des Affaires \u00e9trang\u00e8res de l&rsquo;UE \u00e0 Wicklow, en Irlande. Les ressortissants russes n&rsquo;ont plus acc\u00e8s aux visas Schengen \u00e0 entr\u00e9es multiples depuis novembre 2025.<\/p>\n<p class=\"mb-4 text-lg md:leading-8 break-words\">\u00ab\u00a0Il n&rsquo;est pas possible qu&rsquo;un nombre aussi important de touristes russes continuent \u00e0 voyager en ce moment dans l&rsquo;Union europ\u00e9enne\u00a0\u00bb, a d\u00e9clar\u00e9 Budrys. Plus de 477 000 visas touristiques ont \u00e9t\u00e9 accord\u00e9s l&rsquo;an dernier \u00e0 des ressortissants russes.<\/p>\n<p class=\"mb-4 text-lg md:leading-8 break-words\">\u00ab\u00a0Comment se fait-il que les citoyens d&rsquo;un pays qui m\u00e8ne de telles activit\u00e9s puissent encore venir ici ? Nous devons donc restreindre ces d\u00e9placements\u00a0\u00bb, a-t-il ajout\u00e9.<\/p>\n<p class=\"mb-4 text-lg md:leading-8 break-words\">\u00c0 l&rsquo;issue de la r\u00e9union de mercredi, la cheffe de la diplomatie europ\u00e9enne, Kaja Kallas, a indiqu\u00e9 que les \u00c9tats membres de l&rsquo;UE s&rsquo;\u00e9taient mis d&rsquo;accord pour aller de l&rsquo;avant avec un durcissement des restrictions de visas pour les touristes russes et une interdiction de visa visant les anciens et actuels membres de l&rsquo;arm\u00e9e russe dans l&rsquo;ensemble du bloc.<\/p>\n<p class=\"mb-4 text-lg md:leading-8 break-words\">Le ministre allemand des Affaires \u00e9trang\u00e8res, Johann Wadephul, a \u00e9galement promis d&rsquo;accentuer la pression sur la \u00ab\u00a0flotte fant\u00f4me\u00a0\u00bb de Moscou, un ensemble de p\u00e9troliers vieillissants utilis\u00e9s par le Kremlin pour contourner les sanctions occidentales visant son industrie p\u00e9troli\u00e8re.<\/p>\n<p class=\"mb-4 text-lg md:leading-8 break-words\">Ursula von der Leyen a confirm\u00e9 cette semaine que l&rsquo;UE pr\u00e9parait de nouvelles sanctions contre la Russie. Celles-ci devraient \u00eatre finalis\u00e9es par les ministres des Affaires \u00e9trang\u00e8res lors de leur prochaine r\u00e9union.<\/p>\n<p class=\"mb-4 text-lg md:leading-8 break-words\">\u00ab\u00a0Nous devons renforcer nos sanctions contre la Russie pour montrer que nous ne sommes pas intimid\u00e9s et que nous ne cesserons pas de soutenir l&rsquo;Ukraine\u00a0\u00bb, a d\u00e9clar\u00e9 Budrys.<\/p>\n<p class=\"mb-4 text-lg md:leading-8 break-words\">Ce texte a \u00e9t\u00e9 traduit avec l&rsquo;aide de l&rsquo;intelligence artificielle. Signaler un probl\u00e8me : [feedback-articles-fr@euronews.com].<\/p>\n","protected":false},"excerpt":{"rendered":"Les pr\u00e9c\u00e9dentes mesures de dissuasion mises en place par Bruxelles contre la Russie n&rsquo;ont jusqu&rsquo;\u00e0 pr\u00e9sent pas permis&hellip;\n","protected":false},"author":2,"featured_media":1165666,"comment_status":"","ping_status":"","sticky":false,"template":"","format":"standard","meta":{"footnotes":"","_share_on_mastodon":"0"},"categories":[1586],"tags":[120237,11,120238,1898,120240,120246,120235,120239,3170,1777,674,1779,1011,27,22584,5229,120241,4998,120244,8161,120249,120248,120243,12,120250,120247,120245,120242,25,120251,17431,1778,364,120236],"class_list":["post-1165665","post","type-post","status-publish","format-standard","has-post-thumbnail","category-europe","tag-a-la-russie-le","tag-actualites","tag-attaques-de-cinetiques","tag-berlin","tag-bourre-dexplosifs-a-proximite-dun","tag-bruxelles-contre-la-russie-nont","tag-cela-comme-une-sorte-de-moyen-peu","tag-celle-ci-de-mener-des-attaques","tag-elle","tag-eu","tag-europe","tag-european-union","tag-fr","tag-france","tag-johann-wadephul","tag-kaja-kallas","tag-kestutis-budrys","tag-kremlin","tag-le-kremlin","tag-leyen","tag-mettant-fin-au-contrat-du-russian","tag-montre-que-les","tag-nest-pas-dissuadee","tag-news","tag-nous-devons-donc","tag-politique-et-economique","tag-pouvoirs-accrus-aux-services","tag-rejete-ces","tag-republique-francaise","tag-restreindre-ces-deplacements","tag-signaler","tag-ue","tag-union-europeenne","tag-ursula-von-der"],"share_on_mastodon":{"url":"","error":"Validation failed: Text character limit of 500 exceeded"},"_links":{"self":[{"href":"https:\/\/www.europesays.com\/fr\/wp-json\/wp\/v2\/posts\/1165665","targetHints":{"allow":["GET"]}}],"collection":[{"href":"https:\/\/www.europesays.com\/fr\/wp-json\/wp\/v2\/posts"}],"about":[{"href":"https:\/\/www.europesays.com\/fr\/wp-json\/wp\/v2\/types\/post"}],"author":[{"embeddable":true,"href":"https:\/\/www.europesays.com\/fr\/wp-json\/wp\/v2\/users\/2"}],"replies":[{"embeddable":true,"href":"https:\/\/www.europesays.com\/fr\/wp-json\/wp\/v2\/comments?post=1165665"}],"version-history":[{"count":0,"href":"https:\/\/www.europesays.com\/fr\/wp-json\/wp\/v2\/posts\/1165665\/revisions"}],"wp:featuredmedia":[{"embeddable":true,"href":"https:\/\/www.europesays.com\/fr\/wp-json\/wp\/v2\/media\/1165666"}],"wp:attachment":[{"href":"https:\/\/www.europesays.com\/fr\/wp-json\/wp\/v2\/media?parent=1165665"}],"wp:term":[{"taxonomy":"category","embeddable":true,"href":"https:\/\/www.europesays.com\/fr\/wp-json\/wp\/v2\/categories?post=1165665"},{"taxonomy":"post_tag","embeddable":true,"href":"https:\/\/www.europesays.com\/fr\/wp-json\/wp\/v2\/tags?post=1165665"}],"curies":[{"name":"wp","href":"https:\/\/api.w.org\/{rel}","templated":true}]}}