{"id":1165679,"date":"2026-09-03T22:28:20","date_gmt":"2026-09-03T22:28:20","guid":{"rendered":"https:\/\/www.europesays.com\/fr\/1165679\/"},"modified":"2026-09-03T22:28:20","modified_gmt":"2026-09-03T22:28:20","slug":"chrono-chatelleraudais-les-engages-actualite","status":"publish","type":"post","link":"https:\/\/www.europesays.com\/fr\/1165679\/","title":{"rendered":"Chrono Ch\u00e2telleraudais : Les engag\u00e9s &#8211; Actualit\u00e9"},"content":{"rendered":"<p>            <a href=\"https:\/\/www.tourmaletpicdumidi.com\/\" onclick=\"trackOutboundLink(&#039;https:\/\/www.tourmaletpicdumidi.com\/&#039;); return false;\" rel=\"nofollow noopener\" target=\"_blank\"><br \/>\n            <img decoding=\"async\" src=\"https:\/\/www.europesays.com\/fr\/wp-content\/uploads\/2026\/08\/saison-amateur-tourmalet.png\" alt=\"La saison Amateurs avec TOURMALET PIC DU MIDI\" width=\"100%\"\/><br \/>\n        <\/a><\/p>\n<p>                                                                    <img decoding=\"async\" src=\"https:\/\/www.europesays.com\/fr\/wp-content\/uploads\/2026\/09\/6a99d4055a6cd.jpg\" height=\"auto\" loading=\"lazy\"\/><\/p>\n<p class=\"metadata\">\n            Par<br \/>\n        <strong class=\"text-black\">    <a href=\"https:\/\/www.directvelo.com\/auteur\/3\/frederic-gachet\" class=\"hover-underline\" rel=\"author nofollow noopener\" target=\"_blank\">FR\u00c9D\u00c9RIC GACHET<\/a><br \/>\n<\/strong><br \/>\n                    <br \/>Le<br \/>\n    3 septembre 2026, 22:20<\/p>\n<p style=\"text-align: justify;\">L&rsquo;Avenir Cycliste Ch\u00e2telleraudais organise ce samedi 5 septembre le 24e Chrono Ch\u00e2telleraudais-Souvenir Claude Gabard \u00e0 Senill\u00e9-Saint-Sauveur, support du Championnat d\u00e9partemental de la Vienne. 20,7 kilom\u00e8tres sont au programme de l&rsquo;\u00e9preuve chronom\u00e9tr\u00e9e Hommes et Femmes \u00c9lite, Open 1-2-3 et Access 1-2-3-4. <strong><a href=\"https:\/\/www.directvelo.com\/actualite\/123712\/chrono-chatelleraudais-classement\" target=\"_blank\" rel=\"noopener nofollow\">La victoire \u00e9tait revenue l&rsquo;an dernier \u00e0 Antoine Poletto (UV Aube).<\/a><\/strong> Retrouvez ci-dessous les engag\u00e9(e)s avec les horaires de d\u00e9part. <a href=\"http:\/\/acchatellerault.free.fr\/Accueil.htm\" target=\"_blank\" rel=\"noopener nofollow\"><strong>Toutes les informations sur acchatellerault.free.fr.<\/strong><\/a><\/p>\n<p style=\"text-align: justify;\"><strong>Les horaires de d\u00e9part :<\/strong><br \/>09h45 1 BERTHONNEAU L\u00e9on UV POITIERS U15-2<br \/>09h46 2 CHABAUD Stanislas VELOPHILE NAINTRE U15-1<br \/>09h47 3 BLICAULT Clovis CYCLE POITEVIN U15-1<br \/>09h48 4 NGUYEN DAME Gu\u00e9na\u00ebl AC CHATELLERAUDAIS U15-1<br \/>09h49 5 LARUE Alexandre UV POITIERS U15-1<br \/>09h50 6 VISSAC No\u00e9 VELOPHILE NAINTRE U15-1<br \/>09h51 7 BICHAUD \u00c9ttor\u00e9 CYCLE POITEVIN U15-1<br \/>09h52 8 RUSSEIL Merlin UV POITIERS U15-2<br \/>09h53 9 BREUIL Gaspard CC VERVANT U15-2<br \/>09h54 10 DEL\u00c9TANG Josselin VELOPHILE NAINTRE U15-2<br \/>09h58 14 CATELLA Manon US CHAUVIGNY C. U17-2<br \/>09h59 15 MURILLO Aliz\u00e9e UV POITIERS U15-2<br \/>10h00 16 LEGERON Elyne CYCLE POITEVIN U17-2<br \/>10h05 21 BRIMAUD Dimitri CYCLE POITEVIN U17-2<br \/>10h06 22 GUICHARD BLANCHARD Hugo US CHAUVIGNY C. U17-1<br \/>10h07 23 BLONDEAU Paul UC MARTIZAY U17-1<br \/>10h08 24 BEAULIEU Hugo CYCLE POITEVIN U17-1<br \/>10h09 25 DUBOIS Bastien AC CHATELLERAUDAIS U17-2<br \/>10h10 26 MARX ORDA Alexandre CYCLE POITEVIN U17-1<br \/>10h11 27 BOYER Remi UV POITIERS U17-2<br \/>10h12 28 ROBUCHON Matteo CYCLE POITEVIN U17-2<br \/>10h13 29 BOUCHET Baptiste US CHAUVIGNY C. U17-2<br \/>10h14 30 TEXIER Yannis CYCLE POITEVIN U17-2<br \/>10h15 31 FERRON Tom UV POITIERS U17-2<br \/>10h16 32 CHOLLET Tom CYCLE POITEVIN U17-2<br \/>10h17 33 BOUCHET Lubin CS CHINONAIS U17-2<br \/>10h18 34 CHAVANEL Hugo AC CHATELLERAUDAIS U17-1<br \/>10h25 40 BLICAULT F\u00e9lix CYCLE POITEVIN U19-2<br \/>10h27 41 HENEAU Arthrur VELOPHILE NAINTRE U19-2<br \/>10h29 42 BREUIL Eliot GUIDON MANSLOIS U19-2<br \/>10h31 43 LIENART Ana\u00ebl AC CHATELLERAUDAIS U19-2<br \/>10h33 44 ALVAREZ Alban TEAM IPARRALDE U19-1<br \/>10h35 45 MEHL S\u00e9bastien AC CHATELLERAUDAIS U19-1<br \/>10h37 46 GRIMAL Robin CYCLE POITEVIN U19-1<br \/>10h39 47 GAYANT Lancelot TEAM U LH U19-2<br \/>10h41 48 GASCHET Jules CYCLE POITEVIN U19-2<br \/>10h43 49 HELION Paul EN PISTE U19-2<br \/>10h45 50 MATSUMURA Takumi JAPAN CYCLING U19-2<br \/>13h45 1 BASTIERE Rom\u00e9lie ENTENTE CYCLISTE 3 M Open 1<br \/>13h47 2 RAIMOND Juline CYCLE POITEVIN Open 3-U19-1<br \/>13h49 3 FIMES Ana\u00efse LA PETITE REINE DU LOCH Open 3-U19-1<br \/>13h51 4 GOUBIN Charlotte UV POITIERS Access 3<br \/>13h53 5 CHAUMET Loan VC MATHALIEN Access U19-1<br \/>14h05 11 SCHANG Bruno AC CHATELLERAUDAIS Access 4<br \/>14h07 12 GUERITAULT Damien VELOPHILE NAINTRE Access 3<br \/>14h09 13 SAUNDERS Kevin GUIDON MANSLOIS Access 4<br \/>14h11 14 MENARD Alexandre CLUB NEUTRE Access 2<br \/>14h13 15 LIENART Cyrille AC CHATELLERAUDAIS Access 4<br \/>14h15 16 PELLET Gilles CC SAINT PALAIS DE BLAYE Access 3<br \/>14h17 17 SICAULT Jean Marc UC AIGURANDE Access 4<br \/>14h19 18 VERON Stephane AC CHATELLERAUDAIS Access 3<br \/>14h21 19 DUPONT Matthieu VAL DE SEVRE CYCLISME Access 3<br \/>14h23 20 RAIMOND Fran\u00e7ois CYCLE POITEVIN Access 3<br \/>14h25 21 VINCENT Julien AC CHATELLERAUDAIS Access 2<br \/>14h27 22 FOURMONT Ludovic ASPO TOURS CYCLISME Access 3<br \/>14h29 23 AYRAULT Nicolas US CHAUVIGNY C. Access 2<br \/>14h31 24 TEXIER Antoine AC CHATELLERAUDAIS Access 1<br \/>14h33 25 LABBE Gerald GUIDON MACARIEN Access 2<br \/>14h35 26 MEUNIER Vincent VELOPHILE NAINTRE Access 4<br \/>14h37 27 SAVOURIN Thomas AC CHATELLERAUDAIS Access 2<br \/>14h39 28 TRICHOT Luc UV POITIERS Access 2<br \/>14h41 29 AIDAT Bruno MERIGNAC VC Access 3<br \/>14h43 30 VISSAC Guillaume VELOPHILE NAINTRE Access 3<br \/>14h45 31 COTIER Alexis AC CHATELLERAUDAIS Access 1<br \/>14h47 32 DENOEL Thierry CAM DE BORDEAUX Access 3<br \/>14h49 33 CHAMBON Pierre UA LA ROCHEFOUCAULD Access 4<br \/>14h51 34 LETISSIER Fr\u00e9d\u00e9ric UC LANDELLAISE Access 2<br \/>14h53 35 BASTIEN Nicolas CRC LIMOGES 87 Access 1<br \/>14h55 36 ROBINEAU St\u00e9phane VC MONTMORILLON Access 1<br \/>14h57 37 MONIER Christian CYCLE POITEVIN Access 2<br \/>14h59 38 LE HELLEY Arnaud UC ARCACHON Access 1<br \/>15h01 39 BONNIN David CC VERVANT Access 1<br \/>15h03 40 SORAIN Titouan LE MANS SARTHE VELO Access 1<br \/>15h15 1 GRANDON Enzo UV POITIERS Open 3<br \/>15h17 2 FORESTAL Djamel VAL DE SEVRE CYCLISME Open 3<br \/>15h19 3 CONTREAU Tom COP&rsquo;S CIVRAY CYCLING Open 3<br \/>15h21 4 DUPONT Julien VC BOCAGE VIRE Open 3<br \/>15h23 5 GAUGAIN Julian EC MAYENNAISE Open 3<br \/>15h25 6 DEBORDE Emilien UV POITIERS Open 3<br \/>15h27 7 LOIRAT Romain ISAC CYCLISME Open 2<br \/>15h29 8 MAYNARD Paul UV POITIERS Open 2<br \/>15h31 9 PLOUHINEC Samuel BRETTE SPORTIF Open 2<br \/>15h33 10 ENGEAMMES Antonin P. ST FLORENT NIORT Open 1<br \/>15h35 11 BROSSEAU Alexis LA ROCHE-SUR-YON VENDEE CYCLISME Open 1<br \/>15h37 12 GONTIER DURAND Victorien VC BOCAGE VIRE Open 1<br \/>15h39 13 GIREME Romain CYCLE POITEVIN Open 1<br \/>15h41 14 SHINDO Taito JAPAN CYCLING Open 1<br \/>15h43 15 BLANCHARD Alexandre LA ROCHE-SUR-YON VENDEE CYCLISME Elite<br \/>15h45 16 LECLABART Erwan VAL DE SEVRE CYCLISME Elite<br \/>15h47 17 POUVREAULT Gr\u00e9gory VC THOUARS Elite<br \/>15h49 18 POLETTO Antoine U.V.AUBE Elite<\/p>\n<p>Source : <a href=\"http:\/\/acchatellerault.free.fr\/\" target=\"_blank\" rel=\"noopener nofollow\">acchatellerault.free.fr<\/a><\/p>\n","protected":false},"excerpt":{"rendered":"Par FR\u00c9D\u00c9RIC GACHET Le 3 septembre 2026, 22:20 L&rsquo;Avenir Cycliste Ch\u00e2telleraudais organise ce samedi 5 septembre le 24e&hellip;\n","protected":false},"author":2,"featured_media":1165680,"comment_status":"","ping_status":"","sticky":false,"template":"","format":"standard","meta":{"footnotes":"","_share_on_mastodon":"0"},"categories":[1411],"tags":[834,828,836,829,837,827,83,826,824,823,1154,207,814,817,815,816,822,821,832,211,839,1011,27,820,818,819,835,831,830,833,838,60,212,208,825],"class_list":["post-1165679","post","type-post","status-publish","format-standard","has-post-thumbnail","category-cyclisme","tag-attaque","tag-belgique","tag-braquet","tag-bretagne","tag-chute","tag-competition","tag-coupe-de-france","tag-coureur","tag-course-cyclisme","tag-course-cycliste","tag-cycling","tag-cyclisme","tag-direct","tag-direct-velo","tag-directvelo","tag-directvelo-com","tag-epreuve","tag-epreuve-cycliste","tag-federation-francaise-de-cyclisme","tag-ffc","tag-flandres","tag-fr","tag-france","tag-live","tag-live-course","tag-live-epreuve","tag-peloton","tag-radio-peloton","tag-radio-tour","tag-ravitaillement","tag-relance","tag-sports","tag-uci","tag-velo","tag-velos"],"share_on_mastodon":{"url":"https:\/\/pubeurope.com\/@fr\/117209474814352873","error":""},"_links":{"self":[{"href":"https:\/\/www.europesays.com\/fr\/wp-json\/wp\/v2\/posts\/1165679","targetHints":{"allow":["GET"]}}],"collection":[{"href":"https:\/\/www.europesays.com\/fr\/wp-json\/wp\/v2\/posts"}],"about":[{"href":"https:\/\/www.europesays.com\/fr\/wp-json\/wp\/v2\/types\/post"}],"author":[{"embeddable":true,"href":"https:\/\/www.europesays.com\/fr\/wp-json\/wp\/v2\/users\/2"}],"replies":[{"embeddable":true,"href":"https:\/\/www.europesays.com\/fr\/wp-json\/wp\/v2\/comments?post=1165679"}],"version-history":[{"count":0,"href":"https:\/\/www.europesays.com\/fr\/wp-json\/wp\/v2\/posts\/1165679\/revisions"}],"wp:featuredmedia":[{"embeddable":true,"href":"https:\/\/www.europesays.com\/fr\/wp-json\/wp\/v2\/media\/1165680"}],"wp:attachment":[{"href":"https:\/\/www.europesays.com\/fr\/wp-json\/wp\/v2\/media?parent=1165679"}],"wp:term":[{"taxonomy":"category","embeddable":true,"href":"https:\/\/www.europesays.com\/fr\/wp-json\/wp\/v2\/categories?post=1165679"},{"taxonomy":"post_tag","embeddable":true,"href":"https:\/\/www.europesays.com\/fr\/wp-json\/wp\/v2\/tags?post=1165679"}],"curies":[{"name":"wp","href":"https:\/\/api.w.org\/{rel}","templated":true}]}}