{"id":1165711,"date":"2026-09-03T22:48:48","date_gmt":"2026-09-03T22:48:48","guid":{"rendered":"https:\/\/www.europesays.com\/fr\/1165711\/"},"modified":"2026-09-03T22:48:48","modified_gmt":"2026-09-03T22:48:48","slug":"ligue-2-un-joueur-de-saint-etienne-file-en-pret-en-ligue-1-rodez-perd-un-attaquant","status":"publish","type":"post","link":"https:\/\/www.europesays.com\/fr\/1165711\/","title":{"rendered":"Ligue 2 : un joueur de Saint-\u00c9tienne file en pr\u00eat en Ligue 1, Rodez perd un attaquant"},"content":{"rendered":"<p>C&rsquo;est un dossier qui trouve enfin sa conclusion. Ce jeudi 3 septembre, Djylian N&rsquo;Guessan s&rsquo;est s&rsquo;engag\u00e9 avec le Stade Brestois (Ligue 1) sous la forme d&rsquo;un pr\u00eat, pour ce qui devrait \u00eatre la derni\u00e8re recrue du club breton sur ce mercato estival. L&rsquo;op\u00e9ration s&rsquo;est d\u00e9roul\u00e9e en deux temps. Alors qu&rsquo;un transfert vers Liverpool \u00e9tait annonc\u00e9 depuis plusieurs jours, l&rsquo;op\u00e9ration ne s&rsquo;est finalement pas concr\u00e9tis\u00e9e. Djylian N&rsquo;Guessan est rest\u00e9 sous contrat avec l&rsquo;AS Saint-\u00c9tienne, o\u00f9 il a m\u00eame prolong\u00e9 jusqu&rsquo;en 2028, avant d&rsquo;\u00eatre pr\u00eat\u00e9 ce jeudi \u00e0 Brest, sans option d&rsquo;achat.<\/p>\n<p>Form\u00e9 au club depuis l&rsquo;\u00e2ge de 7 ans, N&rsquo;Guessan avait \u00e9t\u00e9 lanc\u00e9 en professionnel en janvier 2025 par Eirik Horneland, disputant 13 matches avec les Verts. Il jouera seulement 57 minutes de jeu r\u00e9parties sur quatre titularisations. Le joueur ne sera en revanche pas disponible pour le d\u00e9placement \u00e0 venir au Havre, samedi 5 septembre, faute de pr\u00e9paration physique suffisante. \u00ab \u00c7a prendra le temps que \u00e7a prendra \u00bb, a d\u00e9clar\u00e9 l&rsquo;entra\u00eeneur Julien Lachuer, dans des propos relay\u00e9s par <a href=\"https:\/\/www.ouest-france.fr\/sport\/football\/stade-brestois\/mercato-le-stade-brestois-officialise-larrivee-en-pret-de-djylian-nguessan-8ea10612-a781-11f1-8a27-1e0c4eb5e395\" rel=\"nofollow noopener\" target=\"_blank\">Ouest-France<\/a>.<\/p>\n<p><b>Le RAF et Mehdi Baaloudj se s\u00e9parent d&rsquo;un commun accord<\/b><\/p>\n<p>Autre mouvement du jour du c\u00f4t\u00e9 de la Ligue 2 : le Rodez Aveyron Football a annonc\u00e9 la rupture, d&rsquo;un commun accord, du contrat de Mehdi Baaloudj. Le club aveyronnais a salu\u00e9 l&rsquo;engagement quotidien et l&rsquo;\u00e9tat d&rsquo;esprit du joueur, qui aura pleinement contribu\u00e9 \u00e0 la dynamique du groupe durant la saison 2025-2026, avant de lui souhaiter pleine r\u00e9ussite pour la suite de sa carri\u00e8re. Arriv\u00e9 libre \u00e0 l&rsquo;\u00e9t\u00e9 2025 en provenance de Clermont, l&rsquo;attaquant alg\u00e9rien (25 ans) n&rsquo;avait disput\u00e9 que 13 matches de Ligue 2 la saison pass\u00e9e, souvent utilis\u00e9 comme rempla\u00e7ant. Form\u00e9 \u00e0 Guingamp puis pass\u00e9 par Versailles et Clermont, Baaloudj n&rsquo;aura donc pas confirm\u00e9 les attentes plac\u00e9es en lui \u00e0 Rodez et se retrouve libre de tout contrat.<\/p>\n<p>Partagez cette info avec vos amis et vos proches en cliquant ici<br \/>Pour r\u00e9sumer<\/p>\n<p>Le Stade Brestois a officialis\u00e9 le pr\u00eat de Djylian N&rsquo;Guessan, apr\u00e8s un transfert avort\u00e9 \u00e0 Liverpool, tandis que le Rodez Aveyron Football s&rsquo;est s\u00e9par\u00e9 de Mehdi Baaloudj d&rsquo;un commun accord. Deux mouvements qui devraient conclure le mercato des 2 clubs.<\/p>\n<p> <img decoding=\"async\" width=\"76\" height=\"76\" loading=\"lazy\" src=\"https:\/\/static.wui.fr\/images_v3\/avatar-footnational.png\" alt=\"Nathan Haouzi\"\/><\/p>\n","protected":false},"excerpt":{"rendered":"C&rsquo;est un dossier qui trouve enfin sa conclusion. Ce jeudi 3 septembre, Djylian N&rsquo;Guessan s&rsquo;est s&rsquo;engag\u00e9 avec le&hellip;\n","protected":false},"author":2,"featured_media":1165712,"comment_status":"","ping_status":"","sticky":false,"template":"","format":"standard","meta":{"footnotes":"","_share_on_mastodon":"0"},"categories":[9653],"tags":[1111,11,2430,1777,674,1011,27,73038,12,25,4001],"class_list":["post-1165711","post","type-post","status-publish","format-standard","has-post-thumbnail","category-saint-etienne","tag-actu","tag-actualites","tag-auvergne-rhone-alpes","tag-eu","tag-europe","tag-fr","tag-france","tag-ligue-1-mercato","tag-news","tag-republique-francaise","tag-saint-etienne"],"share_on_mastodon":{"url":"https:\/\/pubeurope.com\/@fr\/117209555800115305","error":""},"_links":{"self":[{"href":"https:\/\/www.europesays.com\/fr\/wp-json\/wp\/v2\/posts\/1165711","targetHints":{"allow":["GET"]}}],"collection":[{"href":"https:\/\/www.europesays.com\/fr\/wp-json\/wp\/v2\/posts"}],"about":[{"href":"https:\/\/www.europesays.com\/fr\/wp-json\/wp\/v2\/types\/post"}],"author":[{"embeddable":true,"href":"https:\/\/www.europesays.com\/fr\/wp-json\/wp\/v2\/users\/2"}],"replies":[{"embeddable":true,"href":"https:\/\/www.europesays.com\/fr\/wp-json\/wp\/v2\/comments?post=1165711"}],"version-history":[{"count":0,"href":"https:\/\/www.europesays.com\/fr\/wp-json\/wp\/v2\/posts\/1165711\/revisions"}],"wp:featuredmedia":[{"embeddable":true,"href":"https:\/\/www.europesays.com\/fr\/wp-json\/wp\/v2\/media\/1165712"}],"wp:attachment":[{"href":"https:\/\/www.europesays.com\/fr\/wp-json\/wp\/v2\/media?parent=1165711"}],"wp:term":[{"taxonomy":"category","embeddable":true,"href":"https:\/\/www.europesays.com\/fr\/wp-json\/wp\/v2\/categories?post=1165711"},{"taxonomy":"post_tag","embeddable":true,"href":"https:\/\/www.europesays.com\/fr\/wp-json\/wp\/v2\/tags?post=1165711"}],"curies":[{"name":"wp","href":"https:\/\/api.w.org\/{rel}","templated":true}]}}