{"id":1165717,"date":"2026-09-03T22:53:16","date_gmt":"2026-09-03T22:53:16","guid":{"rendered":"https:\/\/www.europesays.com\/fr\/1165717\/"},"modified":"2026-09-03T22:53:16","modified_gmt":"2026-09-03T22:53:16","slug":"voile-dans-lespace-public-la-proposition-de-marine-le-pen-fait-reagir-a-toulon","status":"publish","type":"post","link":"https:\/\/www.europesays.com\/fr\/1165717\/","title":{"rendered":"Voile dans l&rsquo;espace public : la proposition de Marine Le Pen fait r\u00e9agir \u00e0 Toulon"},"content":{"rendered":"<p>                    Par<br \/>\n        <strong><br \/>\n            <a href=\"https:\/\/actu.fr\/auteur\/lea-nicosia\" title=\"Consulter tous les articles de L\u00e9a Nicosia\" rel=\"nofollow noopener\" target=\"_blank\">L\u00e9a Nicosia<\/a><br \/>\n                    <\/strong><\/p>\n<p>        Publi\u00e9 le<\/p>\n<p>            3 sept. 2026 \u00e0 16h44        <\/p>\n<p>C\u2019est une actualit\u00e9 qui a marqu\u00e9 les esprits de nombreux Varois : le projet du Rassemblement national d\u2019interdire le port du voile islamique dans l\u2019espace public fait r\u00e9agir jusqu\u2019\u00e0 <a href=\"https:\/\/actu.fr\/provence-alpes-cote-d-azur\/toulon_83137\" rel=\"nofollow noopener\" target=\"_blank\">Toulon<\/a>.<\/p>\n<p class=\" wall-content\">Dimanche 30 ao\u00fbt, le d\u00e9put\u00e9 RN de la Somme<strong> Jean-Philippe Tanguy<\/strong> a annonc\u00e9 que son parti souhaitait <strong>sanctionner<\/strong> d\u2019une amende les femmes portant le voile islamique dans l\u2019espace public en cas d\u2019arriv\u00e9e au pouvoir. Marine Le Pen a confirm\u00e9 cette volont\u00e9 le lendemain, \u00e9voquant un r\u00e9f\u00e9rendum sur une loi de lutte contre les \u00ab <strong>id\u00e9ologies islamistes<\/strong> \u00bb.<\/p>\n<p>\u00ab Je ne comprends pas du tout cette prise de position \u00bb<\/p>\n<p class=\" wall-content\">Aux abords de la gare de Toulon, Anissa*, 24 ans, est voil\u00e9e depuis ses 18 ans. Elle travaille comme vendeuse dans un magasin du centre Mayol et suit parall\u00e8lement une formation en ligne pour devenir <strong>di\u00e9t\u00e9ticienne<\/strong>.<\/p>\n<p class=\" wall-content\">Tr\u00e8s <strong>attentive<\/strong> \u00e0 l\u2019actualit\u00e9, elle dit avoir rapidement entendu parler de la proposition, et ne cache pas son incompr\u00e9hension.<\/p>\n<p class=\" wall-content\">\u00ab Je ne comprends pas du tout cette <strong>prise de position<\/strong>. C\u2019est totalement contraire \u00e0 la France qui se dit \u00eatre un <strong>pays libre<\/strong> \u00bb, estime-t-elle. Pour la jeune femme, la <strong>la\u00efcit\u00e9<\/strong> peut \u00eatre d\u00e9fendue \u00ab sans dire aux femmes comment elles ont envie de <strong>s\u2019habiller<\/strong> \u00bb.<\/p>\n<p class=\" wall-content\">Elle voit dans cette proposition \u00ab une mani\u00e8re de s\u2019en prendre aux femmes <strong>musulmanes<\/strong> \u00bb. Anissa s\u2019interroge \u00e9galement sur ses <strong>cons\u00e9quences<\/strong> pour les autres religions : \u00ab Mais ces gens-l\u00e0 ont-ils pens\u00e9 aux bonnes s\u0153urs qui ont envie de sortir avec leur voile aussi ? En voulant p\u00e9naliser les musulmanes, ils p\u00e9naliseront aussi les <strong>chr\u00e9tiennes<\/strong> \u00bb, affirme-t-elle.<\/p>\n<p>\u00ab Il y a des probl\u00e8mes plus graves \u00bb<\/p>\n<p class=\" wall-content\">Un peu plus loin, Malika attend son train avec ses deux enfants, \u00e2g\u00e9s de 11 et 15 ans. Pour cette m\u00e8re de famille, cette proposition ne devrait probablement pas aboutir. \u00ab Je ne pense pas que cela verra le jour, mais forc\u00e9ment, \u00e7a fait du <strong>bruit<\/strong> et \u00e7a alimente la <strong>haine<\/strong> qui existe d\u00e9j\u00e0 dans le pays \u00bb, estime-t-elle.<\/p>\n<p class=\" wall-content\">Elle aurait pr\u00e9f\u00e9r\u00e9 que le d\u00e9bat porte sur d\u2019autres <strong>pr\u00e9occupations<\/strong> du quotidien, comme <strong>l\u2019augmentation des prix<\/strong> dans les supermarch\u00e9s ou encore la <strong>pollution<\/strong>. \u00ab Vous avez vu l\u2019air que respirent nos enfants ? Moi, ce sont toutes ces choses qui me font peur, plus que de savoir si des femmes veulent se voiler ou non \u00bb, lance-t-elle.<\/p>\n<p class=\" wall-content\">Son fils Yannis, 15 ans, ne cache pas non plus sa <strong>lassitude<\/strong>. Il dit s\u2019informer principalement sur <strong>TikTok<\/strong> et avoir rapidement entendu parler de la proposition. \u00ab Moi perso, \u00e7a ne m\u2019int\u00e9resse pas du tout la <strong>politique<\/strong> \u00bb, explique-t-il. La famille esp\u00e8re d\u00e9sormais \u00ab que la loi ne passera pas \u00bb.<\/p>\n<p>Une Toulonnaise y voit au contraire une bonne id\u00e9e<\/p>\n<p class=\" wall-content\">Toutes les personnes interrog\u00e9es ne partagent toutefois pas cet avis. Sophia, 34 ans, secr\u00e9taire dans un cabinet m\u00e9dical \u00e0 <strong>Hy\u00e8res<\/strong> et rencontr\u00e9e \u00e0 Toulon, se dit ath\u00e9e. Elle estime que l\u2019interdiction pourrait \u00ab\u00a0au contraire <strong>contribuer<\/strong> \u00e0 d\u00e9fendre la la\u00efcit\u00e9\u00a0\u00bb.<\/p>\n<blockquote class=\"ac-article-quote wall-content\">\n<p>\u00ab J\u2019aimerais conna\u00eetre la position de la maire de Toulon \u00e0 ce sujet, car on parle souvent de ce qu\u2019il se passe \u00e0 l\u2019\u00e9chelle nationale, mais les maires aussi peuvent prendre position \u00bb, explique-t-elle. Pour elle, cette mesure serait \u00ab une bonne id\u00e9e, pour assurer une la\u00efcit\u00e9 dans le d\u00e9partement \u00bb.<\/p>\n<p>    <strong>Sophia, 34 ans, secr\u00e9taire dans un cabinet m\u00e9dical \u00e0 Hy\u00e8res. <\/strong>\n            <\/p><\/blockquote>\n<p>La Ville de Toulon et Laure Lavalette sollicit\u00e9es<\/p>\n<p class=\" wall-content\">Contact\u00e9e par Actu Toulon, la Ville de Toulon n\u2019a pas r\u00e9pondu \u00e0 nos sollicitations au moment de la publication.<\/p>\n<p class=\" wall-content\">Laure Lavalette, d\u00e9put\u00e9e, conseill\u00e8re municipale et m\u00e9tropolitaine de Toulon et porte-parole de Marine Le Pen et Jordan Bardella, a \u00e9galement \u00e9t\u00e9 sollicit\u00e9e. Elle n\u2019a pas r\u00e9pondu et n\u2019a pas r\u00e9agi publiquement au sujet au moment de la publication.<\/p>\n<p>*Le pr\u00e9nom d\u2019Anissa a \u00e9t\u00e9 modifi\u00e9 afin de pr\u00e9server son anonymat.<\/p>\n<p class=\" wall-content\">Personnalisez votre actualit\u00e9 en ajoutant vos villes et m\u00e9dias en favori avec <a href=\"https:\/\/moncompte.actu.fr\" title=\"D\u00e9couvez Mon Actu\" rel=\"nofollow noopener\" data-trk=\"{&quot;cta&quot;:{&quot;action&quot;:&quot;https:\\\/\\\/moncompte.actu.fr&quot;,&quot;category&quot;:&quot;mon compte&quot;,&quot;from&quot;:&quot;article footer&quot;,&quot;name&quot;:&quot;Mon actu&quot;,&quot;type&quot;:&quot;cta&quot;}}\" target=\"_blank\">Mon Actu<\/a>.<\/p>\n","protected":false},"excerpt":{"rendered":"Par L\u00e9a Nicosia Publi\u00e9 le 3 sept. 2026 \u00e0 16h44 C\u2019est une actualit\u00e9 qui a marqu\u00e9 les esprits&hellip;\n","protected":false},"author":2,"featured_media":1165718,"comment_status":"","ping_status":"","sticky":false,"template":"","format":"standard","meta":{"footnotes":"","_share_on_mastodon":"0"},"categories":[9619],"tags":[1111,11,416,1777,674,1011,27,12,882,2556,25,104,240,2310],"class_list":["post-1165717","post","type-post","status-publish","format-standard","has-post-thumbnail","category-toulon","tag-actu","tag-actualites","tag-assemblee-nationale","tag-eu","tag-europe","tag-fr","tag-france","tag-news","tag-provence-alpes-cote-dazur","tag-rassemblement-national-rn","tag-republique-francaise","tag-societe","tag-temoignage","tag-toulon"],"share_on_mastodon":{"url":"https:\/\/pubeurope.com\/@fr\/117209569966665902","error":""},"_links":{"self":[{"href":"https:\/\/www.europesays.com\/fr\/wp-json\/wp\/v2\/posts\/1165717","targetHints":{"allow":["GET"]}}],"collection":[{"href":"https:\/\/www.europesays.com\/fr\/wp-json\/wp\/v2\/posts"}],"about":[{"href":"https:\/\/www.europesays.com\/fr\/wp-json\/wp\/v2\/types\/post"}],"author":[{"embeddable":true,"href":"https:\/\/www.europesays.com\/fr\/wp-json\/wp\/v2\/users\/2"}],"replies":[{"embeddable":true,"href":"https:\/\/www.europesays.com\/fr\/wp-json\/wp\/v2\/comments?post=1165717"}],"version-history":[{"count":0,"href":"https:\/\/www.europesays.com\/fr\/wp-json\/wp\/v2\/posts\/1165717\/revisions"}],"wp:featuredmedia":[{"embeddable":true,"href":"https:\/\/www.europesays.com\/fr\/wp-json\/wp\/v2\/media\/1165718"}],"wp:attachment":[{"href":"https:\/\/www.europesays.com\/fr\/wp-json\/wp\/v2\/media?parent=1165717"}],"wp:term":[{"taxonomy":"category","embeddable":true,"href":"https:\/\/www.europesays.com\/fr\/wp-json\/wp\/v2\/categories?post=1165717"},{"taxonomy":"post_tag","embeddable":true,"href":"https:\/\/www.europesays.com\/fr\/wp-json\/wp\/v2\/tags?post=1165717"}],"curies":[{"name":"wp","href":"https:\/\/api.w.org\/{rel}","templated":true}]}}