{"id":1165735,"date":"2026-09-03T23:06:44","date_gmt":"2026-09-03T23:06:44","guid":{"rendered":"https:\/\/www.europesays.com\/fr\/1165735\/"},"modified":"2026-09-03T23:06:44","modified_gmt":"2026-09-03T23:06:44","slug":"on-va-danser-schlager-dj-set-et-michael-jackson-vont-enflammer-9-soirees-gratuites-a-strasbourg","status":"publish","type":"post","link":"https:\/\/www.europesays.com\/fr\/1165735\/","title":{"rendered":"On va danser : schlager, DJ set et Michael Jackson vont enflammer 9 soir\u00e9es gratuites \u00e0 Strasbourg !"},"content":{"rendered":"<p>    <img loading=\"lazy\" width=\"1800\" height=\"900\" src=\"https:\/\/www.europesays.com\/fr\/wp-content\/uploads\/2025\/11\/jeanne-callthepolice.jpg\" class=\"attachment-full size-full\" alt=\"\" id=\"imageLove\" decoding=\"async\"  \/><\/p>\n<p id=\"breadcrumbs\"><a href=\"https:\/\/pokaa.fr\/\" rel=\"nofollow noopener\" target=\"_blank\">Accueil<\/a> \/ <a href=\"https:\/\/pokaa.fr\/ses-sorties\/\" rel=\"nofollow noopener\" target=\"_blank\">Sorties<\/a> \/ On va danser : schlager, DJ set et Michael Jackson vont enflammer 9 soir\u00e9es gratuites \u00e0 Strasbourg !<\/p>\n<p>                    Sorties<\/p>\n<p><strong>Savoir-faire, saveurs et bonnes affaires en journ\u00e9e ; musique, animations et village food &amp; drink le soir. Une fois la nuit tomb\u00e9e, la Foire Europ\u00e9enne de Strasbourg veut continuer de nous r\u00e9galer dans tous les sens du terme, avec son programme Foireurop\u2019Live. Schlager, \u00e9lectro, beatbox et swing : il y en aura pour tous les go\u00fbts du 4 au 13 septembre. <\/strong><\/p>\n<p>Cette ann\u00e9e encore, <strong>la Foire Europ\u00e9enne est pens\u00e9e selon la formule \u00ab de jour comme de nuit \u00bb. <\/strong>Cela signifie que de nombreuses surprises nous attendent m\u00eame apr\u00e8s le coucher du soleil sur le Wacken, avec <strong>la Foireurop\u2019Live.\u00a0<\/strong><\/p>\n<p><strong>Au menu ? Une programmation renouvel\u00e9e et \u00e9clectique gratuite apr\u00e8s 18h : <\/strong>pr\u00eat(e)s \u00e0 la d\u00e9couvrir\u00a0<strong>dans le Hall 1 <\/strong>du Parc des expositions ?<\/p>\n<p>    <img width=\"800\" height=\"533\" src=\"https:\/\/www.europesays.com\/fr\/wp-content\/uploads\/2026\/09\/24-09-08-foire-europeenne-2024-0445-bartosch-salmanski-800x533.jpg\" class=\"attachment-image-size-L size-image-size-L\" alt=\"Foire europ\u00e9enne\" decoding=\"async\" loading=\"lazy\"  \/>         \u00a9 Bartosch Salmanski \/ Document remis <\/p>\n<p>Des t\u00eates d\u2019affiche pour toutes les envies <\/p>\n<p>Tous les soirs jusqu\u2019\u00e0 minuit, la Foire Europ\u00e9enne va vibrer au son des p\u00e9pites qui vont se succ\u00e9der sur sc\u00e8ne. En t\u00eate d\u2019affiche cette ann\u00e9e, on retrouve <strong>Tom Mathis,<\/strong> qui saura ravir les fans de <strong>schlager <\/strong>avec sa version \u00ab\u00a0\u00e0 la fran\u00e7aise\u00a0\u00bb.<\/p>\n<p>Plut\u00f4t envie d\u2019une session \u00e9lectro \u00e9pique\u00a0? <strong>Sound of Legend<\/strong> sera de la partie pour enflammer le dancefloor, tandis que <strong>Matis Jackson<\/strong>, le sosie de notre bon vieux MJ, nous r\u00e9galera les esgourdes de ses meilleurs classiques (et qui sait, l\u00e2chera peut-\u00eatre un moonwalk ?).<\/p>\n<\/p>\n<p>                <img width=\"333\" height=\"500\" src=\"https:\/\/www.europesays.com\/fr\/wp-content\/uploads\/2026\/09\/tom-mathis-sty-list-333x500.jpg\" class=\"attachment-gallery size-gallery\" alt=\"Tom Mathis sty-list\" data-full-url=\"https:\/\/pokaa.fr\/wp-content\/uploads\/2026\/09\/03\/tom-mathis-sty-list.jpg\" decoding=\"async\" loading=\"lazy\"  \/>            <\/p>\n<p>                <img width=\"374\" height=\"500\" src=\"https:\/\/www.europesays.com\/fr\/wp-content\/uploads\/2026\/09\/mathis-jackson-374x500.jpg\" class=\"attachment-gallery size-gallery\" alt=\"Matis Jackson\" data-full-url=\"https:\/\/pokaa.fr\/wp-content\/uploads\/2026\/09\/03\/mathis-jackson.jpg\" decoding=\"async\" loading=\"lazy\"  \/>            <\/p>\n<p>                    1. Tom Mathis \u00a9 Sty-list, 2. \u00a9 Matis Jackson \/ Captures d&rsquo;\u00e9cran<\/p>\n<p>Cette ann\u00e9e, la sc\u00e8ne accueillera \u00e9galement <strong>le beatboxer Eklips<\/strong>, ainsi <strong>qu\u2019une soir\u00e9e danse r\u00e9tro avec un bal swing, et des initiations dans\u00e9es par Lindy Spot.<\/strong> Sans oublier <strong>\u00ab\u00a0La voix des talents\u00a0\u00bb<\/strong>, le label vocal de la chanteuse <strong>Christel Kern<\/strong>, qui invite les plus belles voix de la r\u00e9gion sur sc\u00e8ne.<\/p>\n<p>                <img width=\"506\" height=\"500\" src=\"https:\/\/www.europesays.com\/fr\/wp-content\/uploads\/2026\/09\/eklips-jeanmi-f-506x500.jpg\" class=\"attachment-gallery size-gallery\" alt=\"Eklips Jeanmi f\" data-full-url=\"https:\/\/pokaa.fr\/wp-content\/uploads\/2026\/09\/03\/eklips-jeanmi-f.jpg\" decoding=\"async\" loading=\"lazy\"  \/>            <\/p>\n<p>                <img width=\"662\" height=\"500\" src=\"https:\/\/www.europesays.com\/fr\/wp-content\/uploads\/2026\/09\/lindy-spot-florian-mb-662x500.jpg\" class=\"attachment-gallery size-gallery\" alt=\"Lindy spot Florian mb\" data-full-url=\"https:\/\/pokaa.fr\/wp-content\/uploads\/2026\/09\/03\/lindy-spot-florian-mb.jpg\" decoding=\"async\" loading=\"lazy\"  \/>            <\/p>\n<p>                <img width=\"749\" height=\"500\" src=\"https:\/\/www.europesays.com\/fr\/wp-content\/uploads\/2026\/09\/thom0084-thomas-deparis-749x500.jpg\" class=\"attachment-gallery size-gallery\" alt=\"foire europ\u00e9enne la voix des talents christel kern foireurop\u2019live\" data-full-url=\"https:\/\/pokaa.fr\/wp-content\/uploads\/2026\/09\/03\/thom0084-thomas-deparis.jpg\" decoding=\"async\" loading=\"lazy\"  \/>            <\/p>\n<p>                    1. Eklips. \u00a9 Jeanmi F, 2. Lindy Spot. \u00a9 Florian MB \/ Captures d&rsquo;\u00e9cran ; 3. Christel Kern, La Voix des Talents. \u00a9 Thomas Deparis \/ Document remis<\/p>\n<p>Polyn\u00e9sie, Cuba ou Texas : faire voyager les oreilles<\/p>\n<p>Le programme fait briller les mirettes, et ce n\u2019est pas fini\u00a0: on retrouvera <strong>le karaok\u00e9 Meteor Hits live<\/strong>, ou encore <strong>une soir\u00e9e Top Music !\u00a0<\/strong><\/p>\n<p>                <img width=\"367\" height=\"500\" src=\"https:\/\/www.europesays.com\/fr\/wp-content\/uploads\/2026\/09\/dj-timbalero-367x500.jpg\" class=\"attachment-gallery size-gallery\" alt=\"DJ Timbalero\" data-full-url=\"https:\/\/pokaa.fr\/wp-content\/uploads\/2026\/09\/03\/dj-timbalero.jpg\" decoding=\"async\" loading=\"lazy\"  \/>            <\/p>\n<p>                <img width=\"725\" height=\"500\" src=\"https:\/\/www.europesays.com\/fr\/wp-content\/uploads\/2026\/09\/side-step-roger-lyobard-725x500.jpg\" class=\"attachment-gallery size-gallery\" alt=\"side step Roger Lyobard\" data-full-url=\"https:\/\/pokaa.fr\/wp-content\/uploads\/2026\/09\/03\/side-step-roger-lyobard.jpg\" decoding=\"async\" loading=\"lazy\"  \/>            <\/p>\n<p>                    1. \u00a9 DJ Timbalero, 2. \u00a9 Roger Lyobard \/ Captures d&rsquo;\u00e9cran<\/p>\n<p>Mais aussi, on va voyager loin de l\u2019Alsace\u00a0: une soir\u00e9e polyn\u00e9sienne est pr\u00e9vue, tandis que <strong>DJ Timbalero<\/strong> nous fera vibrer au rythme de <strong>la salsa cubaine <\/strong>et\u00a0que le groupe <strong>Texas Sidestep<\/strong> nous t\u00e9l\u00e9portera directement \u00e0 Nashville.<\/p>\n<p>Alors, par\u00e9(e)s pour le d\u00e9collage\u00a0<strong>? Le programme complet, c\u2019est <a href=\"https:\/\/www.foireurop.com\/decouvrez-la-programmation-des-foireurop-live\" target=\"_blank\" rel=\"noopener nofollow\">par ici<\/a> et le programme jour est \u00e0 lire en dessous \u2b07\ufe0f<\/strong><\/p>\n<p>                <a href=\"https:\/\/pokaa.fr\/2026\/09\/01\/en-2026-la-foire-europeenne-sort-le-grand-jeu-jeux-video-street-art-et-saveurs-italiennes-a-strasbourg\/\" rel=\"nofollow noopener\" target=\"_blank\"><br \/>\n                    <img width=\"450\" height=\"270\" src=\"https:\/\/www.europesays.com\/fr\/wp-content\/uploads\/2026\/09\/a4-450x270.jpg\" class=\"attachment-card-horizontal--same-subject size-card-horizontal--same-subject wp-post-image\" alt=\"\" decoding=\"async\" loading=\"lazy\"\/>                <\/a><\/p>\n<p>            Foireurop&rsquo;Live \u00e0 la Foire Europ\u00e9enne 2026<\/p>\n<p>            Quoi ? <\/p>\n<p>Concerts, animations nocturnes de la Foire Europ\u00e9enne<\/p>\n<p>                Quand ?<\/p>\n<p>Du 4 au 13 septembre, jusqu\u2019\u00e0 23h45<\/p>\n<p>            o\u00f9 ?<\/p>\n<p>Parc des expositions du Wacken, avenue Herrenschmidt, \u00e0 Strasbourg<\/p>\n<p>                Plus d&rsquo;infos ?<\/p>\n<p><a href=\"https:\/\/www.foireurop.com\/decouvrez-la-programmation-des-foireurop-live\" target=\"_blank\" rel=\"noopener nofollow\">Programme complet<\/a><\/p>\n<p data-id=\"YhTHqN\" data-pm-slice=\"1 1 []\">Entr\u00e9e gratuite apr\u00e8s 18h, sauf le dimanche 13 septembre d\u00e8s 16h<\/p>\n","protected":false},"excerpt":{"rendered":"Accueil \/ Sorties \/ On va danser : schlager, DJ set et Michael Jackson vont enflammer 9 soir\u00e9es&hellip;\n","protected":false},"author":2,"featured_media":1165736,"comment_status":"","ping_status":"","sticky":false,"template":"","format":"standard","meta":{"footnotes":"","_share_on_mastodon":"0"},"categories":[2820],"tags":[1111,11,4156,1777,674,49688,120264,1011,27,775,12,25,3686,640,58524,17404],"class_list":["post-1165735","post","type-post","status-publish","format-standard","has-post-thumbnail","category-strasbourg","tag-actu","tag-actualites","tag-concerts","tag-eu","tag-europe","tag-foire-europeenne","tag-foireuroplive","tag-fr","tag-france","tag-grand-est","tag-news","tag-republique-francaise","tag-sortie","tag-strasbourg","tag-strasbourg-actualite","tag-wacken"],"share_on_mastodon":{"url":"https:\/\/pubeurope.com\/@fr\/117209624668824112","error":""},"_links":{"self":[{"href":"https:\/\/www.europesays.com\/fr\/wp-json\/wp\/v2\/posts\/1165735","targetHints":{"allow":["GET"]}}],"collection":[{"href":"https:\/\/www.europesays.com\/fr\/wp-json\/wp\/v2\/posts"}],"about":[{"href":"https:\/\/www.europesays.com\/fr\/wp-json\/wp\/v2\/types\/post"}],"author":[{"embeddable":true,"href":"https:\/\/www.europesays.com\/fr\/wp-json\/wp\/v2\/users\/2"}],"replies":[{"embeddable":true,"href":"https:\/\/www.europesays.com\/fr\/wp-json\/wp\/v2\/comments?post=1165735"}],"version-history":[{"count":0,"href":"https:\/\/www.europesays.com\/fr\/wp-json\/wp\/v2\/posts\/1165735\/revisions"}],"wp:featuredmedia":[{"embeddable":true,"href":"https:\/\/www.europesays.com\/fr\/wp-json\/wp\/v2\/media\/1165736"}],"wp:attachment":[{"href":"https:\/\/www.europesays.com\/fr\/wp-json\/wp\/v2\/media?parent=1165735"}],"wp:term":[{"taxonomy":"category","embeddable":true,"href":"https:\/\/www.europesays.com\/fr\/wp-json\/wp\/v2\/categories?post=1165735"},{"taxonomy":"post_tag","embeddable":true,"href":"https:\/\/www.europesays.com\/fr\/wp-json\/wp\/v2\/tags?post=1165735"}],"curies":[{"name":"wp","href":"https:\/\/api.w.org\/{rel}","templated":true}]}}